{"id":22209,"date":"2026-01-10T12:29:35","date_gmt":"2026-01-10T11:29:35","guid":{"rendered":"https:\/\/monde25.info\/index.php\/2026\/01\/10\/les-autogouvernements-communards-en-premiere-ligne-pour-defendre-la-revolution-bolivarienne\/"},"modified":"2026-01-10T12:29:35","modified_gmt":"2026-01-10T11:29:35","slug":"les-autogouvernements-communards-en-premiere-ligne-pour-defendre-la-revolution-bolivarienne","status":"publish","type":"post","link":"https:\/\/monde25.info\/index.php\/2026\/01\/10\/les-autogouvernements-communards-en-premiere-ligne-pour-defendre-la-revolution-bolivarienne\/","title":{"rendered":"Les autogouvernements communards en premi\u00e8re ligne pour d\u00e9fendre la r\u00e9volution bolivarienne."},"content":{"rendered":"<p> <br \/>\n<\/p>\n<div id=\"\">\n<p>Caracas, 7 janvier \u2013 Nouvelle mobilisation populaire pour d\u00e9fendre la r\u00e9volution et exiger la lib\u00e9ration imm\u00e9diate du Pr\u00e9sident Nicolas Maduro. Des milliers d\u2019autogouvernements communards venus de tout le Venezuela se sont rassembl\u00e9s dans les rues de la capitale.<\/p>\n<p>La strat\u00e9gie fondamentale de la r\u00e9volution bolivarienne est le transfert des pouvoirs politique et \u00e9conomique aux communes, seul moyen de construire une v\u00e9ritable d\u00e9mocratie directe. Ce mouvement impuls\u00e9 par Ch\u00e1vez puis Maduro continuera en 2026. Pour sa premi\u00e8re visite de terrain, la Pr\u00e9sidente par interim Delcy Rodriguez a rencontr\u00e9 les habitant(e)s de la Commune Jos\u00e9 F\u00e9lix Rivas, \u00e0 Caracas (photo).<\/p>\n<p>Cette \u00ab\u00a0r\u00e9volution dans la r\u00e9volution\u00a0\u00bb rassemble d\u00e9j\u00e0 4950 communes. Ce sont des autogouvernements populaires, pr\u00e9sents dans les quartiers urbains comme dans les zones rurales. Ils peuvent compter de 1.000 \u00e0 plus de 50.000 habitant(e)s selon les cas.<\/p>\n<p>En 2024, le pr\u00e9sident Nicolas Maduro a nomm\u00e9 Angel Prado \u2013 leader de la commune paysanne \u00ab\u00a0El Maizal\u00a0\u00bb \u2013 \u00e0 la t\u00eate du Minist\u00e8re des Communes, des Mouvements Sociaux et de l\u2019Agriculture Urbaine.<\/p>\n<p>En 2025, <a target=\"_blank\" href=\"https:\/\/ultimasnoticias.com.ve\/datos-un\/datosun-68-dice-que-donde-vive-hay-una-comuna-activa\/\" class=\"spip_out\" rel=\"external\">2\/3 des habitant(e)s<\/a> d\u00e9claraient qu\u2019il existe une commune sur leur territoire et 83\u00a0% d\u2019entre eux connaissaient les membres de leur conseil communal. Une des missions confi\u00e9es au nouveau ministre est d\u2019atteindre et de renforcer 6000 communes d\u2019ici la fin de 2026. Le pr\u00e9sident a donn\u00e9 en 2025 des directives aux ministres\u00a0: \u00ab\u00a070\u00a0% de chacun de vos budgets doivent \u00eatre transf\u00e9r\u00e9s aux conseils communaux et aux communes\u00a0\u00bb.<\/p>\n<p>Parall\u00e8lement, chaque trimestre, lors d\u2019un scrutin organis\u00e9 \u00e0 l\u2019\u00e9chelle nationale, les habitant(e)s des communes choisissent un des sept projets (socioproductif, infrastructurel, culturel, \u00e9ducatif, services publics, etc\u2026) pr\u00e9alablement d\u00e9finis par leurs assembl\u00e9es, dont l\u2019ex\u00e9cution sera cofinanc\u00e9e par le gouvernement. Ces \u00ab\u00a0consultas populares\u00a0\u00bb sont une \u00e9cole de participation qualitative pour toutes et tous ind\u00e9pendamment de leur signe politique, ainsi qu\u2019une m\u00e9thode efficace contre la corruption puisque les comit\u00e9s communaux re\u00e7oivent, surveillent et rendent compte aux habitant(e)s du bon usage des fonds remis par le gouvernement.<\/p>\n<p>Pour le scrutin du 23 novembre 2025, 8508 bureaux de vote ont \u00e9t\u00e9 install\u00e9s, dont 2518 nouveaux, afin de garantir une plus grande accessibilit\u00e9 au scrutin. Il s\u2019agit d\u2019une augmentation de 70\u00a0% du nombre de bureaux par rapport aux \u00e9lections ant\u00e9rieures.<\/p>\n<p>Ce mod\u00e8le communal ascendant a \u00e9galement permis de mettre en place un nouveau mod\u00e8le de justice. Le 15 d\u00e9cembre 2024, dans 4817 bureaux de vote r\u00e9partis dans les territoires communaux \u00e0 travers le pays, les v\u00e9n\u00e9zu\u00e9lien(ne)s ont \u00e9lu 28.486 juges de paix communaux. Ceux-ci sont charg\u00e9s d\u2019arbitrer les conflits de proximit\u00e9 entre les citoyen(ne)s vivant dans les communes pour leur \u00e9viter de devoir recourir aux tribunaux traditionnels.<\/p>\n<p>Autre cr\u00e9ation d\u2019ampleur qui compl\u00e8te les aspects politique, \u00e9conomique, productif ou juridique\u00a0: l\u2019<a target=\"_blank\" href=\"https:\/\/ultimasnoticias.com.ve\/datos-un\/datosun-68-dice-que-donde-vive-hay-una-comuna-activa\/\" class=\"spip_out\" rel=\"external\">Universit\u00e9 des Communes<\/a>, centre de formation int\u00e9grale en Droit, \u00e9conomie politique, agro\u00e9cologie, etc.. . Cette universit\u00e9 dont le si\u00e8ge principal a \u00e9t\u00e9 ouvert le 24 mai 2025 dans l\u2019\u00e9tat de Carabobo, \u00e9labore les contenus des cours, et organise les formations dans tout le pays, sur le terrain, en se basant sur les diagnostics des besoins men\u00e9s par les habitant(e)s des communes.<\/p>\n<p>En outre, 2026 sera l\u2019ann\u00e9e d\u2019une vaste r\u00e9forme constitutionnelle qui fera de la commune la base du nouvel \u00c9tat. Des milliers d\u2019assembl\u00e9es auront lieu sur tout le territoire pour faire des propositions visant \u00e0 \u00ab\u00a0construire une d\u00e9mocratie moderne bas\u00e9e sur la participation directe des citoyen(ne)s, le pouvoir des mouvements sociaux, de la collectivit\u00e9. Nous allons vers un grand processus de d\u00e9mocratisation \u00e9largie de la soci\u00e9t\u00e9 v\u00e9n\u00e9zu\u00e9lienne, de la vie politique, institutionnelle, \u00e9conomique, sociale, culturelle et \u00e9ducative.\u00a0\u00bb (Nicolas Maduro).<\/p>\n<p><strong>Thierry Deronne<\/strong><br class=\"autobr\"\/><br \/>\nCaracas le 8 janvier 2026.<\/p>\n<\/div>\n<p><br \/>\n<br \/><a href=\"https:\/\/www.legrandsoir.info\/les-autogouvernements-communards-en-premiere-ligne-pour-defendre-la-revolution-bolivarienne.html\" target=\"_blank\"\">Source link <\/a><\/p>\n","protected":false},"excerpt":{"rendered":"<p>Caracas, 7 janvier \u2013 Nouvelle mobilisation populaire pour d\u00e9fendre la r\u00e9volution et exiger la lib\u00e9ration imm\u00e9diate du Pr\u00e9sident Nicolas Maduro. Des milliers d\u2019autogouvernements communards venus de tout le Venezuela se&hellip; <\/p>\n","protected":false},"author":1,"featured_media":22210,"comment_status":"open","ping_status":"open","sticky":false,"template":"","format":"standard","meta":{"footnotes":""},"categories":[1],"tags":[],"class_list":["post-22209","post","type-post","status-publish","format-standard","has-post-thumbnail","hentry","category-non-classe"],"_links":{"self":[{"href":"https:\/\/monde25.info\/index.php\/wp-json\/wp\/v2\/posts\/22209","targetHints":{"allow":["GET"]}}],"collection":[{"href":"https:\/\/monde25.info\/index.php\/wp-json\/wp\/v2\/posts"}],"about":[{"href":"https:\/\/monde25.info\/index.php\/wp-json\/wp\/v2\/types\/post"}],"author":[{"embeddable":true,"href":"https:\/\/monde25.info\/index.php\/wp-json\/wp\/v2\/users\/1"}],"replies":[{"embeddable":true,"href":"https:\/\/monde25.info\/index.php\/wp-json\/wp\/v2\/comments?post=22209"}],"version-history":[{"count":0,"href":"https:\/\/monde25.info\/index.php\/wp-json\/wp\/v2\/posts\/22209\/revisions"}],"wp:featuredmedia":[{"embeddable":true,"href":"https:\/\/monde25.info\/index.php\/wp-json\/wp\/v2\/media\/22210"}],"wp:attachment":[{"href":"https:\/\/monde25.info\/index.php\/wp-json\/wp\/v2\/media?parent=22209"}],"wp:term":[{"taxonomy":"category","embeddable":true,"href":"https:\/\/monde25.info\/index.php\/wp-json\/wp\/v2\/categories?post=22209"},{"taxonomy":"post_tag","embeddable":true,"href":"https:\/\/monde25.info\/index.php\/wp-json\/wp\/v2\/tags?post=22209"}],"curies":[{"name":"wp","href":"https:\/\/api.w.org\/{rel}","templated":true}]}}