{"id":22212,"date":"2026-01-10T15:00:04","date_gmt":"2026-01-10T14:00:04","guid":{"rendered":"https:\/\/monde25.info\/index.php\/2026\/01\/10\/iran-manifestations-dans-plusieurs-villes-reclamant-de-punir-les-emeutiers\/"},"modified":"2026-01-10T15:00:04","modified_gmt":"2026-01-10T14:00:04","slug":"iran-manifestations-dans-plusieurs-villes-reclamant-de-punir-les-emeutiers","status":"publish","type":"post","link":"https:\/\/monde25.info\/index.php\/2026\/01\/10\/iran-manifestations-dans-plusieurs-villes-reclamant-de-punir-les-emeutiers\/","title":{"rendered":"Iran : manifestations dans plusieurs villes r\u00e9clamant de punir les \u00e9meutiers"},"content":{"rendered":"<p> <br \/>\n<\/p>\n<div>\n<ol class=\"campaign-loop campaign-list\">\n<li id=\"campaign-482494\" class=\"post-482494 campaign type-campaign status-publish hentry campaign-has-goal campaign-has-achieved-goal campaign-has-end-date campaign-has-not-ended\">\n\t<a target=\"_blank\" href=\"https:\/\/reseauinternational.net\/campaigns\/campagne-de-dons-septembre-octobre-2025\/\"><\/p>\n<h3>Soutenez-nous<\/h3>\n<p>\t\t\t<\/a><\/p>\n<p>\n\tVotre soutien nous est indispensable pour continuer \u00e0 vous fournir le meilleur de l\u2019information internationale alternative. C\u2019est gr\u00e2ce \u00e0 vos dons que nous pourrons maintenir le cap pour une information plurielle et r\u00e9ellement alternative. Nous comptons sur vous.<\/p>\n<\/li>\n<\/ol>\n<p>par <strong>Al Manar<\/strong><\/p>\n<p>Une foule imposante a d\u00e9fil\u00e9 ce vendredi dans plusieurs villes iraniennes pour protester contre les \u00e9meutes meurtri\u00e8res men\u00e9es par des groupuscules arm\u00e9s hostiles au pouvoir islamique et soutenus par les \u00c9tats-Unis et l\u2019entit\u00e9 sioniste.<\/p>\n<p>Ces groupuscules arm\u00e9s ont d\u00e9tourn\u00e9 un mouvement de contestation qui \u00e9tait parti le 28 d\u00e9cembre du bazar de T\u00e9h\u00e9ran pour protester contre l\u2019inflation caus\u00e9e par la chute de la monnaie nationale. Ils ont attaqu\u00e9 et incendi\u00e9 des b\u00e2timents et des institutions publiques et sem\u00e9 l\u2019ins\u00e9curit\u00e9 dans plusieurs villes iraniennes.<\/p>\n<p>Les participants aux manifestations ont affirm\u00e9 leur soutien au gouvernement dans les r\u00e9formes \u00e9conomiques qu\u2019il entreprend et ont exig\u00e9 qu\u2019il impose des sanctions aux \u00e9meutiers arm\u00e9s qui ont attaqu\u00e9 des biens publics et gouvernementaux.<\/p>\n<p>Une importante manifestation avait eu lieu jeudi soir dans la ville sainte de Machhad, dans le gouvernorat de Khorasan en soutien au pouvoir en Iran. Des slogans hostiles \u00e0 Isra\u00ebl ont \u00e9t\u00e9 scand\u00e9s.<\/p>\n<p>A Arak<\/p>\n<figure class=\"wp-block-embed is-type-rich is-provider-twitter wp-block-embed-twitter\"\/>\n<h5 class=\"wp-block-heading\">Emeutes \u00e0 T\u00e9h\u00e9ran<\/h5>\n<p>La t\u00e9l\u00e9vision d\u2019\u00c9tat iranienne a rapport\u00e9 que des rassemblements ont eu lieu \u00e0 T\u00e9h\u00e9ran la nuit derni\u00e8re, \u00abconform\u00e9ment \u00e0 un plan des forces contre-r\u00e9volutionnaires visant \u00e0 inciter \u00e0 l\u2019\u00e9meute et \u00e0 l\u2019ins\u00e9curit\u00e9\u00bb.<\/p>\n<p>Selon des t\u00e9moins sur place, ces rassemblements \u00e9taient organis\u00e9s en groupes de quelques dizaines \u00e0 plusieurs centaines de personnes et ont rapidement d\u00e9g\u00e9n\u00e9r\u00e9 en actes de vandalisme.<\/p>\n<p>La t\u00e9l\u00e9vision iranienne a not\u00e9 que ces violences ont entra\u00een\u00e9 d\u2019importantes destructions de biens priv\u00e9s et d\u2019infrastructures publiques, notamment des voitures et des motos, des ambulances et des v\u00e9hicules de secours, des bus, des stations de m\u00e9tro, des mosqu\u00e9es et des centres religieux, ainsi que des banques, des magasins et des cha\u00eenes de magasins.<\/p>\n<p>Les \u00e9meutiers ont mis le feu dans la capitale iranienne \u00e0 42 bus de transport public, une ambulance, 10 b\u00e2timents publics et 24 immeubles r\u00e9sidentiels, a r\u00e9v\u00e9l\u00e9 le maire de T\u00e9h\u00e9ran.<\/p>\n<p>Le reportage t\u00e9l\u00e9vis\u00e9 indique que les fauteurs de troubles ont utilis\u00e9 internet pour inciter les adolescents et les jeunes adultes \u00e0 la violence et ont d\u00e9ploy\u00e9 des efforts consid\u00e9rables pour organiser ces rassemblements et amplifier leur pr\u00e9sence sur le terrain. \u00abLes r\u00e9seaux sociaux sont devenus une plateforme permettant de diriger des actes de sabotage et de terrorisme, d\u2019organiser les mouvements des groupes \u00e9meutiers et de guider leurs actions\u00bb, selon la t\u00e9l\u00e9vision.<\/p>\n<p>Les \u00e9meutiers ont aussi proc\u00e9d\u00e9 au blocage des rues et des places, Ils ont menac\u00e9 les passants, forc\u00e9 les commerces \u00e0 fermer, et provoqu\u00e9 d\u2019importants embouteillages en usant d\u2019explosifs et en insultant les citoyens.<\/p>\n<p>La t\u00e9l\u00e9vision iranienne a expliqu\u00e9 que les \u00e9meutiers projetaient d\u2019attaquer les centres de s\u00e9curit\u00e9 \u00e0 l\u2019aide d\u2019armes blanches et d\u2019armes \u00e0 feu. Elle a indiqu\u00e9 que la police et les forces de s\u00e9curit\u00e9 ont ripost\u00e9 pour r\u00e9tablir l\u2019ordre et le calme, ce qui a caus\u00e9 le martyre de plusieurs policiers, membres des forces de s\u00e9curit\u00e9 et civils.<\/p>\n<p>Suite \u00e0 ces \u00e9v\u00e9nements, les responsables de la s\u00e9curit\u00e9 ont exhort\u00e9 les familles \u00e0 la vigilance, \u00e0 surveiller leurs enfants et \u00e0 les emp\u00eacher de se laisser emporter par l\u2019\u00e9motion et de participer \u00e0 ces rassemblements. Ils ont \u00e9galement appel\u00e9 les citoyens \u00e0 signaler aux autorit\u00e9s polici\u00e8res et de s\u00e9curit\u00e9 toute personne non identifi\u00e9e ou arm\u00e9e.<\/p>\n<p>Selon la t\u00e9l\u00e9vision, deux \u00e9l\u00e9ments des forces de l\u2019ordres ont \u00e9t\u00e9 tu\u00e9s ce vendredi dans la ville sainte de Qom, par des \u00abterroristes arm\u00e9s\u00bb.<\/p>\n<p>Dans la ville de Lorestan, La police a d\u00e9clar\u00e9 avoir \u00abarr\u00eat\u00e9 5 terroristes arm\u00e9s pendant qu\u2019ils tiraient sur les patrouilles de s\u00e9curit\u00e9\u00bb.<\/p>\n<p>Dans la ville de Kerm\u00e2nch\u00e2h, une fillette de 3 ans a \u00e9t\u00e9 tu\u00e9e par des \u00e9meutiers arm\u00e9s qui ont ouvert le feu sur la voiture dans laquelle elle attendait son p\u00e8re qui est all\u00e9 chercher un m\u00e9dicament dans une pharmacie.<\/p>\n<p>Lors de fun\u00e9railles jeudi du lieutenant Ehsan Aghajani, tu\u00e9 par des \u00e9meutiers dans la province iranienne d\u2019Ilam, les personnes en deuil scandent \u00abMort \u00e0 Isra\u00ebl\u00bb<\/p>\n<h5 class=\"wp-block-heading\">Des plans de l\u2019entit\u00e9 sioniste et son protecteur<\/h5>\n<p>Le secr\u00e9tariat du Conseil supr\u00eame de s\u00e9curit\u00e9 nationale iranien a affirm\u00e9 vendredi que \u00ables forces de s\u00e9curit\u00e9, aux c\u00f4t\u00e9s du peuple, d\u00e9joueront les plans de l\u2019entit\u00e9 sioniste et de son protecteur, les \u00c9tats-Unis\u00bb.<\/p>\n<p>\u00ab<em>Comme le peuple iranien a vaincu l\u2019ennemi lors de la guerre des douze jours, il d\u00e9jouera, gr\u00e2ce \u00e0 son unit\u00e9 renforc\u00e9e, les complots subversifs de ses ennemis<\/em>\u00bb, a-t-il soulign\u00e9 dans un communiqu\u00e9.<\/p>\n<p>Selon le Conseil, \u00ab<em>les d\u00e9clarations de Trump r\u00e9v\u00e8lent un plan commun entre lui et Isra\u00ebl visant \u00e0 d\u00e9stabiliser la vie du peuple iranien<\/em>\u00bb, ajoutant que \u00ab<em>les \u00e9v\u00e9nements de ces derniers jours ont \u00e9t\u00e9 manipul\u00e9s et orchestr\u00e9s par l\u2019ennemi sioniste pour saper la s\u00e9curit\u00e9 int\u00e9rieure<\/em>\u00bb.<\/p>\n<p>Estimant que \u00abl<em>\u2019entit\u00e9 sioniste poursuit son oppression du peuple iranien dans le cadre d\u2019une guerre hybride<\/em>\u00bb, le Conseil a conclu qu\u2019\u00ab<em>il n\u2019y aura aucune indulgence de la part des forces de s\u00e9curit\u00e9 et du pouvoir judiciaire envers les saboteurs<\/em>\u00bb.<\/p>\n<h5 class=\"wp-block-heading\">\u00abProt\u00e9ger les acquis de la R\u00e9volution islamique\u00bb<\/h5>\n<p>Pour sa part, le Corps des Gardiens de la r\u00e9volution islamique (CGRI) a d\u00e9clar\u00e9 que \u00able sang des victimes des r\u00e9cents attentats terroristes est sur les mains de ceux qui les ont planifi\u00e9s\u00bb.<\/p>\n<p>Dans un communiqu\u00e9 le CGRI a soulign\u00e9 que \u00ab<em>le peuple iranien a le droit l\u00e9gitime de s\u2019opposer \u00e0 toute tentative de porter atteinte \u00e0 sa s\u00e9curit\u00e9<\/em>\u00bb.<\/p>\n<p>\u00ab<em>Prot\u00e9ger les acquis de la R\u00e9volution islamique et garantir la s\u00e9curit\u00e9 de la soci\u00e9t\u00e9 est une ligne rouge\u00bb, a-t-il ajout\u00e9. Et de conclure\u00a0: \u00abNous resterons solidaires du peuple iranien jusqu\u2019\u00e0 ce que les complots de nos ennemis soient totalement d\u00e9jou\u00e9s et que la s\u00e9curit\u00e9 et la stabilit\u00e9 des citoyens soient garanties<\/em>\u00bb.<\/p>\n<p>Le Guide supr\u00eame de la R\u00e9volution et de la R\u00e9publique islamique, sayed Ali Khamenei, a soulign\u00e9 aujourd\u2019hui, vendredi, que le peuple iranien \u00ab<em>r\u00e9pugne la trahison et les agents<\/em>\u00bb et doit \u00ab<em>maintenir son unit\u00e9 pour vaincre ses ennemis<\/em>\u00bb, insistant sur le fait que l\u2019Iran ne tol\u00e9rera pas les mercenaires qui travaillent au profit d\u2019\u00e9trangers.<\/p>\n<p>source : <a target=\"_blank\" href=\"https:\/\/french.almanar.com.lb\/3474671\" target=\"_blank\" rel=\"noopener\" title=\"Al Manar\">Al Manar<\/a><\/p>\n<div class=\"sharedaddy sd-block sd-like jetpack-likes-widget-wrapper jetpack-likes-widget-unloaded\" id=\"like-post-wrapper-237719536-505036-69625b19004b1\" data-src=\"https:\/\/widgets.wp.com\/likes\/?ver=15.2#blog_id=237719536&amp;post_id=505036&amp;origin=reseauinternational.net&amp;obj_id=237719536-505036-69625b19004b1\" data-name=\"like-post-frame-237719536-505036-69625b19004b1\" data-title=\"Aimer ou rebloguer\">\n<h3 class=\"sd-title\">J\u2019aime \u00e7a\u00a0:<\/h3>\n<p><span class=\"button\"><span>J\u2019aime<\/span><\/span> <span class=\"loading\">chargement\u2026<\/span><\/p>\n<p><span class=\"sd-text-color\"\/><a target=\"_blank\" class=\"sd-link-color\"\/><\/div>\n<p><meta itemscope=\"\" itemprop=\"mainEntityOfPage\" itemtype=\"https:\/\/schema.org\/WebPage\" itemid=\"https:\/\/reseauinternational.net\/iran-manifestations-dans-plusieurs-villes-reclamant-de-punir-les-emeutiers\/\"\/><meta itemprop=\"headline\" content=\"Iran\u00a0: manifestations dans plusieurs villes r\u00e9clamant de punir les \u00e9meutiers\"\/><span style=\"display: none;\" itemprop=\"author\" itemscope=\"\" itemtype=\"https:\/\/schema.org\/Person\"><meta itemprop=\"name\" content=\"R\u00e9seau International\"\/><\/span><span style=\"display: none;\" itemprop=\"image\" itemscope=\"\" itemtype=\"https:\/\/schema.org\/ImageObject\"><meta itemprop=\"url\" content=\"https:\/\/i0.wp.com\/reseauinternational.net\/wp-content\/uploads\/2026\/01\/Iran-20260110.jpg?fit=800%2C467&amp;ssl=1\"\/><meta itemprop=\"width\" content=\"800\"\/><meta itemprop=\"height\" content=\"467\"\/><\/span><span style=\"display: none;\" itemprop=\"publisher\" itemscope=\"\" itemtype=\"https:\/\/schema.org\/Organization\"><span style=\"display: none;\" itemprop=\"logo\" itemscope=\"\" itemtype=\"https:\/\/schema.org\/ImageObject\"><meta itemprop=\"url\" content=\"https:\/\/reseauinternational.net\/wp-content\/uploads\/2022\/06\/Capture-de\u0301cran-2022-06-14-a\u0300-16.51.07.png\"\/><\/span><meta itemprop=\"name\" content=\"R\u00e9seau International\"\/><\/span><meta itemprop=\"datePublished\" content=\"2026-01-10T14:58:28+00:00\"\/><meta itemprop=\"dateModified\" content=\"2026-01-10T14:58:39+00:00\"\/><\/div>\n<p><br \/>\n<br \/><a href=\"https:\/\/reseauinternational.net\/iran-manifestations-dans-plusieurs-villes-reclamant-de-punir-les-emeutiers\/\" target=\"_blank\"\">Source link <\/a><\/p>\n","protected":false},"excerpt":{"rendered":"<p>Soutenez-nous Votre soutien nous est indispensable pour continuer \u00e0 vous fournir le meilleur de l\u2019information internationale alternative. C\u2019est gr\u00e2ce \u00e0 vos dons que nous pourrons maintenir le cap pour une&hellip; <\/p>\n","protected":false},"author":1,"featured_media":22213,"comment_status":"open","ping_status":"open","sticky":false,"template":"","format":"standard","meta":{"footnotes":""},"categories":[1],"tags":[],"class_list":["post-22212","post","type-post","status-publish","format-standard","has-post-thumbnail","hentry","category-non-classe"],"_links":{"self":[{"href":"https:\/\/monde25.info\/index.php\/wp-json\/wp\/v2\/posts\/22212","targetHints":{"allow":["GET"]}}],"collection":[{"href":"https:\/\/monde25.info\/index.php\/wp-json\/wp\/v2\/posts"}],"about":[{"href":"https:\/\/monde25.info\/index.php\/wp-json\/wp\/v2\/types\/post"}],"author":[{"embeddable":true,"href":"https:\/\/monde25.info\/index.php\/wp-json\/wp\/v2\/users\/1"}],"replies":[{"embeddable":true,"href":"https:\/\/monde25.info\/index.php\/wp-json\/wp\/v2\/comments?post=22212"}],"version-history":[{"count":0,"href":"https:\/\/monde25.info\/index.php\/wp-json\/wp\/v2\/posts\/22212\/revisions"}],"wp:featuredmedia":[{"embeddable":true,"href":"https:\/\/monde25.info\/index.php\/wp-json\/wp\/v2\/media\/22213"}],"wp:attachment":[{"href":"https:\/\/monde25.info\/index.php\/wp-json\/wp\/v2\/media?parent=22212"}],"wp:term":[{"taxonomy":"category","embeddable":true,"href":"https:\/\/monde25.info\/index.php\/wp-json\/wp\/v2\/categories?post=22212"},{"taxonomy":"post_tag","embeddable":true,"href":"https:\/\/monde25.info\/index.php\/wp-json\/wp\/v2\/tags?post=22212"}],"curies":[{"name":"wp","href":"https:\/\/api.w.org\/{rel}","templated":true}]}}