{"id":22214,"date":"2026-01-10T15:38:44","date_gmt":"2026-01-10T14:38:44","guid":{"rendered":"https:\/\/monde25.info\/index.php\/2026\/01\/10\/quand-charles-alloncle-dit-tout-haut-ce-que-tout-le-monde-pense-tout-bas-a-propos-de-lea-salame-mais-pas-que\/"},"modified":"2026-01-10T15:38:44","modified_gmt":"2026-01-10T14:38:44","slug":"quand-charles-alloncle-dit-tout-haut-ce-que-tout-le-monde-pense-tout-bas-a-propos-de-lea-salame-mais-pas-que","status":"publish","type":"post","link":"https:\/\/monde25.info\/index.php\/2026\/01\/10\/quand-charles-alloncle-dit-tout-haut-ce-que-tout-le-monde-pense-tout-bas-a-propos-de-lea-salame-mais-pas-que\/","title":{"rendered":"Quand Charles Alloncle dit tout haut ce que tout le monde pense tout bas \u00e0 propos de L\u00e9a Salam\u00e9, mais pas que&#8230;"},"content":{"rendered":"<p> <br \/>\n<\/p>\n<div>\n<p dir=\"auto\">Dans l\u2019\u00e9mission \u00ab Les Incorrectibles \u00bb d&rsquo;Eric Morillot, Charles Alloncle, d\u00e9put\u00e9 UDR et rapporteur de la commission d\u2019enqu\u00eate sur la neutralit\u00e9 de l\u2019audiovisuel public, affirme\u00a0: \u00ab\u00a0c&rsquo;est une n\u00e9cessit\u00e9 absolue\u00a0\u00bb que L\u00e9a Salam\u00e9 quitte le journal de 20h de France 2 \u00e0 l&rsquo;heure o\u00f9 tout est politique. Verbalisant ce que tout le monde pense tout bas, pointant du doigt les audiences nulles du JT depuis son arriv\u00e9e, mais aussi la neutralit\u00e9 journalistique compromise par sa relation avec Rapha\u00ebl Glucksmann, eurod\u00e9put\u00e9 de gauche. Comment la compagne d\u2019un acteur politique majeur peut-elle incarner l\u2019impartialit\u00e9 du service public ?\u00a0<\/p>\n<blockquote class=\"twitter-tweet\">\n<p lang=\"fr\" dir=\"ltr\">\ud83d\udd34 ALERTE INFO | \u00ab\u00a0N\u00c9CESSIT\u00c9 ABSOLUE\u00a0\u00bb CHARLES ALLONCLE EXIGE LE D\u00c9PART DE L\u00c9A SALAM\u00c9 DU 20h \ud83d\udcfa\ud83d\udca5<\/p>\n<p>\ud83d\udca3Le rapporteur de la commission d&rsquo;enqu\u00eate sur le service public d\u00e9plore la NULLIT\u00c9 de son audience mais surtout L&rsquo;HYPOCRISIE de croire que la femme de Glusksmann peut \u00eatre neutre. <a target=\"_blank\" href=\"https:\/\/t.co\/5IlwAEjOpo\">pic.twitter.com\/5IlwAEjOpo<\/a><\/p>\n<p>\u2014 SIR\u00c8NES (@SirenesFR) <a target=\"_blank\" href=\"https:\/\/twitter.com\/SirenesFR\/status\/2008985928434635039?ref_src=twsrc%5Etfw\">January 7, 2026<\/a><\/p>\n<\/blockquote>\n<p dir=\"auto\">Cette sortie soul\u00e8ve une question plus profonde : la l\u00e9gitimit\u00e9 m\u00eame de Glucksmann en politique fran\u00e7aise. \u00c9lu eurod\u00e9put\u00e9 en 2019 et r\u00e9\u00e9lu en 2024 avec \u00ab\u00a0Place Publique\u00a0\u00bb, alli\u00e9 au PS, et se posant en d\u00e9fenseur des droits humains et de l&rsquo;Europe sociale. Mais son pass\u00e9 interroge toujours.\u00a0<\/p>\n<p dir=\"auto\">De 2009 \u00e0 2012, il fut conseiller sp\u00e9cial du pr\u00e9sident g\u00e9orgien Mikheil Saakashvili, r\u00e9formateur pro-occidental accus\u00e9 de r\u00e9pression autoritaire. Glucksmann d\u00e9fendit des r\u00e9formes anti-corruption, mais quitta le pays apr\u00e8s la d\u00e9faite de Saakashvili.<\/p>\n<p dir=\"auto\">En 2013-2014, il s\u2019impliquera dans Euroma\u00efdan en Ukraine, une \u00ab r\u00e9volution color\u00e9e \u00bb pro-europ\u00e9enne, aux c\u00f4t\u00e9s d&rsquo;une femme, son \u00e9pouse d\u2019alors, Eka Zgouladze g\u00e9orgienne. Elle fut vice-ministre, puis ministre de l\u2019Int\u00e9rieur sous Saakashvili (2005-2012), impliqu\u00e9e dans des r\u00e9formes polici\u00e8res, mais surtout critiqu\u00e9e pour ses m\u00e9thodes r\u00e9pressives. Post-Euroma\u00efdan, cette femme devint vice-ministre en Ukraine (2014-2016). Ces liens avec des r\u00e9gimes un tant soit peu instables alimentent les soup\u00e7ons.<\/p>\n<p dir=\"auto\">Glucksmann est souvent associ\u00e9 aux \u00ab r\u00e9volutions color\u00e9es \u00bb financ\u00e9es par l\u2019Open Society Foundations de George Soros, soutenant la d\u00e9mocratie en Europe de l\u2019Est. Bien qu\u2019il n\u2019y ait pas de preuve d\u2019emploi direct par Soros, ses engagements s\u2019alignent sur des ONG sorosiennes. Des sites comme Les Crises ou Agoravox le d\u00e9peignent comme un \u00ab produit du syst\u00e8me Soros \u00bb, li\u00e9 \u00e0 une n\u00e9buleuse atlantiste et \u00e0 la CIA, visant \u00e0 d\u00e9stabiliser des r\u00e9gimes pro-russes comme en G\u00e9orgie ou en Ukraine. En 2004, il couvrait d\u00e9j\u00e0 la R\u00e9volution orange \u00e0 Kiev.<\/p>\n<p><span class=\"cf0\">Le voil\u00e0 aujourd\u2019hui qui se r\u00eave en figure centrale d\u2019une gauche r\u00e9formiste fran\u00e7aise, capable de barrer la route \u00e0 l\u2019extr\u00eame droite sans concessions \u00e0 l\u2019extr\u00eame gauche. Cette trajectoire, \u00e0 la crois\u00e9e des h\u00e9ritages familiaux complexes et des engagements internationaux parfois sulfureux, rend la question l\u00e9gitime : au fond, que vient-il donc faire maintenant en France ?<\/span><\/p>\n<p dir=\"auto\">Un voile de plus sur L\u00e9a Salam\u00e9 qui, non contente d\u2019une neutralit\u00e9 contestable, porte l\u2019ombre d\u2019un conjoint aux alliances troubles, dans un paysage m\u00e9diatique et politique sous tension. Notre d\u00e9mocratie doit-elle accepter de tels acteurs ?<\/p>\n<\/div>\n<p><script async src=\"\/\/platform.twitter.com\/widgets.js\" charset=\"utf-8\"><\/script><script>(function(d, s, id) {  var js, fjs = d.getElementsByTagName(s)[0];  if (d.getElementById(id)) return;  js = d.createElement(s); js.id = id;  js.src = \"\/\/connect.facebook.net\/fr_FR\/sdk.js#xfbml=1&version=v2.3\";  fjs.parentNode.insertBefore(js, fjs);}(document, \"script\", \"facebook-jssdk\"));<\/script><br \/>\n<br \/><br \/>\n<br \/><a href=\"https:\/\/www.francesoir.fr\/societe-faits-divers\/quand-charles-alloncle-dit-tout-haut-ce-que-tout-le-monde-pense-tout-bas\" target=\"_blank\"\">Source link <\/a><\/p>\n","protected":false},"excerpt":{"rendered":"<p>Dans l\u2019\u00e9mission \u00ab Les Incorrectibles \u00bb d&rsquo;Eric Morillot, Charles Alloncle, d\u00e9put\u00e9 UDR et rapporteur de la commission d\u2019enqu\u00eate sur la neutralit\u00e9 de l\u2019audiovisuel public, affirme\u00a0: \u00ab\u00a0c&rsquo;est une n\u00e9cessit\u00e9 absolue\u00a0\u00bb que&hellip; <\/p>\n","protected":false},"author":1,"featured_media":22215,"comment_status":"open","ping_status":"open","sticky":false,"template":"","format":"standard","meta":{"footnotes":""},"categories":[1],"tags":[],"class_list":["post-22214","post","type-post","status-publish","format-standard","has-post-thumbnail","hentry","category-non-classe"],"_links":{"self":[{"href":"https:\/\/monde25.info\/index.php\/wp-json\/wp\/v2\/posts\/22214","targetHints":{"allow":["GET"]}}],"collection":[{"href":"https:\/\/monde25.info\/index.php\/wp-json\/wp\/v2\/posts"}],"about":[{"href":"https:\/\/monde25.info\/index.php\/wp-json\/wp\/v2\/types\/post"}],"author":[{"embeddable":true,"href":"https:\/\/monde25.info\/index.php\/wp-json\/wp\/v2\/users\/1"}],"replies":[{"embeddable":true,"href":"https:\/\/monde25.info\/index.php\/wp-json\/wp\/v2\/comments?post=22214"}],"version-history":[{"count":0,"href":"https:\/\/monde25.info\/index.php\/wp-json\/wp\/v2\/posts\/22214\/revisions"}],"wp:featuredmedia":[{"embeddable":true,"href":"https:\/\/monde25.info\/index.php\/wp-json\/wp\/v2\/media\/22215"}],"wp:attachment":[{"href":"https:\/\/monde25.info\/index.php\/wp-json\/wp\/v2\/media?parent=22214"}],"wp:term":[{"taxonomy":"category","embeddable":true,"href":"https:\/\/monde25.info\/index.php\/wp-json\/wp\/v2\/categories?post=22214"},{"taxonomy":"post_tag","embeddable":true,"href":"https:\/\/monde25.info\/index.php\/wp-json\/wp\/v2\/tags?post=22214"}],"curies":[{"name":"wp","href":"https:\/\/api.w.org\/{rel}","templated":true}]}}