{"id":22227,"date":"2026-01-11T01:36:55","date_gmt":"2026-01-11T00:36:55","guid":{"rendered":"https:\/\/monde25.info\/index.php\/2026\/01\/11\/le-fiasco-wargon-quand-un-urgentiste-se-fait-humilier-par-un-bulletin-officiel-et-preche-sans-lire\/"},"modified":"2026-01-11T01:36:55","modified_gmt":"2026-01-11T00:36:55","slug":"le-fiasco-wargon-quand-un-urgentiste-se-fait-humilier-par-un-bulletin-officiel-et-preche-sans-lire","status":"publish","type":"post","link":"https:\/\/monde25.info\/index.php\/2026\/01\/11\/le-fiasco-wargon-quand-un-urgentiste-se-fait-humilier-par-un-bulletin-officiel-et-preche-sans-lire\/","title":{"rendered":"Le fiasco Wargon : quand un urgentiste se fait humilier par un bulletin officiel et pr\u00eache sans lire"},"content":{"rendered":"<p> <br \/>\n<\/p>\n<div>\n<p>Pol\u00e9mique autour de Mathias Wargon l\u2019urgentiste pro-vaccin confront\u00e9 aux donn\u00e9es officielles sur l&rsquo;efficacit\u00e9 du vaccin antigrippal qu\u2019il ignore. Dans le paysage m\u00e9diatique fran\u00e7ais, o\u00f9 les d\u00e9bats sur la vaccination font rage depuis la pand\u00e9mie de Covid-19, une <a target=\"_blank\" href=\"https:\/\/x.com\/wargonm\/status\/2009599822614143292\">nouvelle controverse a \u00e9clat\u00e9 sur X impliquant le Dr Mathias Wargon<\/a>, urgentiste connu pour ses positions fermes et dogmatiques en faveur de la vaccination.<\/p>\n<p>Ce m\u00e9decin, habitu\u00e9 des plateaux t\u00e9l\u00e9vis\u00e9s, s\u2019est retrouv\u00e9 au centre d\u2019une temp\u00eate apr\u00e8s avoir remis en question une statistique officielle sur l\u2019efficacit\u00e9 du vaccin antigrippal, pour se voir imm\u00e9diatement confront\u00e9 \u00e0 la preuve irr\u00e9futable tir\u00e9e d\u2019un bulletin de Sant\u00e9 Publique France. Cet \u00e9pisode illustre la pollution informationnelle et la \u00ab <em>m\u00e9diocrit\u00e9 ambiante<\/em> \u00bb o\u00f9 des experts interviennent publiquement sans avoir lu les sources primaires, tandis que les journalistes laissent filer sans v\u00e9rification.<\/p>\n<p>\u00a0<\/p>\n<h5><strong>Les origines de la pol\u00e9mique : des propos choc sur les non-vaccin\u00e9s<\/strong><\/h5>\n<p>Fin d\u00e9cembre 2025, lors d\u2019une apparition t\u00e9l\u00e9vis\u00e9e, Mathias Wargon a d\u00e9clar\u00e9 \u00e0 propos des personnes de plus de 65 ans non vaccin\u00e9es contre la grippe : \u00ab <em>on ne les re\u00e7oit pas \u00e0 l\u2019h\u00f4pital<\/em> \u00bb. Ces mots ont provoqu\u00e9 un toll\u00e9, per\u00e7us <strong>comme une violation flagrante du serment d\u2019Hippocrate<\/strong>, qui <strong>impose de soigner tous les patients sans discrimination<\/strong>.<\/p>\n<p>Des plaintes ont afflu\u00e9 aupr\u00e8s de l\u2019Ordre des m\u00e9decins, initi\u00e9es notamment par le Dr Franck Zeiger, qui accuse Mathias Wargon de <a target=\"_blank\" href=\"https:\/\/x.com\/Franck20270\/status\/2007069959923421288?s=20\"><strong>d\u00e9consid\u00e9rer la profession et de promouvoir une s\u00e9lection des patients bas\u00e9e sur leur statut vaccinal<\/strong><\/a>. Le Dr Zeiger ecrit \u00e0 ce sujet apr\u00e8s s&rsquo;\u00eatre fait attaqu\u00e9<br \/>\u00a0<\/p>\n<p><img decoding=\"async\" data-entity-uuid=\"869765f6-3cd9-478a-a6f6-f0f27323e964\" data-entity-type=\"file\" alt=\"plainte\" width=\"588\" height=\"922\" class=\"align-center lazyload\" loading=\"lazy\" src=\"https:\/\/www.francesoir.fr\/sites\/default\/files\/inline-images\/image_910.png\"\/><\/p>\n<p>Florian Philippot et Philippe Murer ont amplifi\u00e9 l\u2019indignation, d\u00e9non\u00e7ant une logique coercitive rappelant les mesures Covid.<\/p>\n<p>Wargon, qui se pr\u00e9sente comme un combattant contre \u00ab <em>le terrorisme de la b\u00eatise et du populisme<\/em> \u00bb dans sa bio X, a d\u00e9fendu ses propos en arguant qu\u2019ils visaient \u00e0 encourager la vaccination pour d\u00e9sengorger les urgences. Il est aussi connu comme un membre actif de la Harcelosphere, ces m\u00e9decins et individus qui n&rsquo;h\u00e9sitent pas \u00e0 harceler leurs confr\u00e8res ou les personnes qui ne suivraient pas leur id\u00e9ologie. <a target=\"_blank\" href=\"https:\/\/www.francesoir.fr\/la-harcelosphere-2-des-insultes-et-menaces-au-racisme-et-l-antisemitisme\">Il n&rsquo;h\u00e9site pas \u00e0 faire usage de l&rsquo;inversion accusatoire et les insultes comme moyen de communication.\u00a0<\/a><\/p>\n<p><a target=\"_blank\" href=\"https:\/\/www.francesoir.fr\/societe-faits-divers\/la-harcelosphere-contre-lihu-mediterranee-et-le-professeur-raoult-de-lobscene\"><img decoding=\"async\" data-entity-uuid=\"e52bfd64-b772-400a-8c5b-9010fce02af7\" data-entity-type=\"file\" alt=\"Harcelosphere\" width=\"645\" height=\"387\" class=\"align-center lazyload\" loading=\"lazy\" src=\"https:\/\/www.francesoir.fr\/sites\/default\/files\/inline-images\/image_909.png\"\/><\/a><\/p>\n<p>\u00a0<\/p>\n<h5>\u00a0<\/h5>\n<h5><strong>Le coup de gr\u00e2ce : la preuve \u00ab <\/strong><em><strong>envoy\u00e9e \u00e0 la figure<\/strong><\/em><strong> \u00bb ?<\/strong><\/h5>\n<p>Le 9 janvier 2026, le toxicologue Jean-Bernard Valade poste sur X un rappel cinglant : \u00ab <em>Efficacit\u00e9 du vaccin grippe chez les plus de 65 ans d\u2019apr\u00e8s Sant\u00e9 Publique France 26,3% (chiffre provisoire) Voil\u00e0, c\u2019est tout.<\/em> \u00bb<\/p>\n<blockquote class=\"twitter-tweet\">\n<p lang=\"fr\" dir=\"ltr\">Rappel:<br \/>Efficacit\u00e9 du vaccin grippe chez les plus de 65 ans d&rsquo;apr\u00e8s Sant\u00e9 Publique France 26,3% (chiffre provisoire)<br \/>Voil\u00e0, c&rsquo;est tout<\/p>\n<p>\u2014 Jean-Bernard Valade (@jbvalade) <a target=\"_blank\" href=\"https:\/\/twitter.com\/jbvalade\/status\/2009599195590848928?ref_src=twsrc%5Etfw\">January 9, 2026<\/a><\/p>\n<\/blockquote>\n<p>Wargon r\u00e9plique imm\u00e9diatement : \u00ab <em>Bonjour pouvez vous nous montrer votre source ?<\/em> \u00bb<\/p>\n<p>La r\u00e9ponse ne se fait pas attendre. Un utilisateur fournit une capture d\u2019\u00e9cran de la page 21 du <a target=\"_blank\" href=\"https:\/\/www.santepubliquefrance.fr\/maladies-et-traumatismes\/maladies-et-infections-respiratoires\/grippe\/documents\/bulletin-national\/infections-respiratoires-aigues-grippe-bronchiolite-covid-19-.-bulletin-du-7-janvier-2026\">bulletin hebdomadaire des infections respiratoires aigu\u00ebs publi\u00e9 par Sant\u00e9 Publique France le 7 janvier 2026<\/a>.<\/p>\n<blockquote class=\"twitter-tweet\">\n<p lang=\"fr\" dir=\"ltr\">Foutage de gueule +++\u00a0<\/p>\n<p>Bien s\u00fbr que c\u2019est \u00e9crit.\u00a0<\/p>\n<p>C\u2019est d\u2019ailleurs \u00e9crit \u00e0 chaque bulletin hebdomadaire ! <a target=\"_blank\" href=\"https:\/\/t.co\/QIwNoPMavk\">pic.twitter.com\/QIwNoPMavk<\/a><\/p>\n<p>\u2014 s\u05df\u05df\u0131\u0323\u0500 \u0250pu\u0250\u0500 p\u01dd\ua4e4 (@RedPandaPills) <a target=\"_blank\" href=\"https:\/\/twitter.com\/RedPandaPills\/status\/2009728780697313501?ref_src=twsrc%5Etfw\">January 9, 2026<\/a><\/p>\n<\/blockquote>\n<p>Le <a target=\"_blank\" href=\"https:\/\/www.santepubliquefrance.fr\/maladies-et-traumatismes\/maladies-et-infections-respiratoires\/grippe\/documents\/bulletin-national\/infections-respiratoires-aigues-grippe-bronchiolite-covid-19-.-bulletin-du-7-janvier-2026\">document facilement t\u00e9l\u00e9chargeable<\/a> confirme noir sur blanc : <strong>l\u2019efficacit\u00e9 en vie r\u00e9elle du vaccin contre une infection grippale est estim\u00e9e \u00e0 36,5 % tous \u00e2ges confondus, mais chute \u00e0 26,3 % (intervalle de confiance 95 % : 18-36 %) chez les plus de 65 ans<\/strong>.<\/p>\n<p>Cette \u00ab <em>preuve envoy\u00e9e \u00e0 la figure<\/em> \u00bb a fait l\u2019effet d\u2019une bombe. Des internautes ont ironis\u00e9 sur le fait que Mathias Wargon ne r\u00e9pond plus quand on lui met les donn\u00e9es officielles sous le nez, alors qu\u2019il pr\u00f4ne r\u00e9guli\u00e8rement l\u2019obligation vaccinale sans en conna\u00eetre l\u2019efficacit\u00e9 constat\u00e9e en vie r\u00e9elle.<\/p>\n<p>Wargon a r\u00e9agi plus tard en minimisant : \u00ab <em>Alors c\u2019est une estimation provisoire dans une partie de la population et c\u2019est\u2026 significatif. Je suis quand m\u00eame stup\u00e9fait que ces personnes ne savent absolument pas comment on calcule l\u2019effet d\u2019un m\u00e9dicament\/vaccin dans les \u00e9tudes.<\/em> \u00bb<\/p>\n<p>\u00a0<\/p>\n<h5><strong>Serment d\u2019Hippocrate, charte des journalistes, devoir de r\u00e9serve : la triple d\u00e9faillance<\/strong><\/h5>\n<p>Cet \u00e9change met cruellement en lumi\u00e8re un probl\u00e8me syst\u00e9mique bien plus large que la simple m\u00e9connaissance d\u2019une statistique officielle. Il r\u00e9v\u00e8le une triple d\u00e9faillance \u00e9thique et professionnelle qui mine la cr\u00e9dibilit\u00e9 de la m\u00e9decine, du journalisme et du service public en France.<\/p>\n<p>D\u2019abord, le serment d\u2019Hippocrate (dans sa version moderne de la D\u00e9claration de Gen\u00e8ve) impose \u00e0 tout m\u00e9decin : \u00ab <em>Je ne permettrai pas que des consid\u00e9rations d\u2019\u00e2ge, de maladie ou d\u2019infirmit\u00e9, de croyance [\u2026] s\u2019interposent entre mon devoir et mon patient.<\/em> \u00bb Les d\u00e9clarations sugg\u00e9rant de ne pas recevoir \u00e0 l\u2019h\u00f4pital les personnes \u00e2g\u00e9es non vaccin\u00e9es sont per\u00e7ues par de nombreux confr\u00e8res <strong>comme une discrimination directe fond\u00e9e sur le statut vaccinal<\/strong> \u2013 une violation flagrante de ce principe fondamental.<\/p>\n<p>Ensuite, <strong>les journalistes qui invitent ces \u00ab\u00a0pr\u00e9tendus experts\u00a0\u00bb<\/strong> sur les plateaux <strong>sans contradicteur et sans v\u00e9rification pr\u00e9alable<\/strong> des chiffres cl\u00e9s enfreignent les principes de base de <strong>leur charte d\u2019\u00e9thique professionnelle<\/strong> (1918\/2011) et de <strong>la Charte de Munich<\/strong> : <strong>obligation absolue de v\u00e9rifier les faits<\/strong>, de situer l\u2019information dans son contexte et de ne publier que des \u00e9l\u00e9ments dont l\u2019origine est connue. Laisser passer sans sourciller des affirmations sur l\u2019efficacit\u00e9 vaccinale ou sur un tri des patients constitue une faute d\u00e9ontologique grave qui contribue \u00e0 d\u00e9sinformer les patients et \u00e0 d\u2019\u00e9ventuelles pertes de chance.<\/p>\n<p><img decoding=\"async\" data-entity-uuid=\"4df67792-fa31-40e1-bbcc-3ef46322abf5\" data-entity-type=\"file\" alt=\"devoir\" width=\"635\" height=\"432\" class=\"align-center lazyload\" loading=\"lazy\" src=\"https:\/\/www.francesoir.fr\/sites\/default\/files\/inline-images\/image_908.png\"\/><\/p>\n<p>Enfin, en tant que praticien hospitalier et agent du service public, Mathias Wargon est soumis au Code g\u00e9n\u00e9ral de la fonction publique et au statut particulier des praticiens hospitaliers, qui <strong>imposent neutralit\u00e9<\/strong>, <strong>discr\u00e9tion professionnelle<\/strong> et surtout <strong>devoir de r\u00e9serve<\/strong>. Ce dernier oblige \u00e0 user de <strong>mesure et de retenue dans l\u2019expression publique des opinions<\/strong>, pr\u00e9cis\u00e9ment pour ne pas porter atteinte \u00e0 la cr\u00e9dibilit\u00e9 de l\u2019institution hospitali\u00e8re publique. Des sorties m\u00e9diatiques agressives ou discriminantes risquent de d\u00e9consid\u00e9rer l\u2019ensemble du service public de sant\u00e9 aux yeux des patients.<\/p>\n<blockquote>\n<p>Cette triple faillite \u2013 \u00e9thique m\u00e9dicale, d\u00e9ontologique journalistique, statutaire du service public \u2013 explique en grande partie pourquoi une simple capture d\u2019\u00e9cran d\u2019un bulletin officiel peut devenir une humiliation publique pour un \u00ab\u00a0m\u00e9decin\u00a0\u00bb habitu\u00e9 des plateaux.<\/p>\n<\/blockquote>\n<p>\u00a0<\/p>\n<h5><strong>Vers une remise en question ?<\/strong><\/h5>\n<p>Sant\u00e9 Publique France insiste : malgr\u00e9 une efficacit\u00e9 mod\u00e9r\u00e9e, la vaccination reste recommand\u00e9e pour r\u00e9duire les formes graves, avec une couverture vaccinale en hausse (44,2 % chez les plus de 65 ans au 30 novembre 2025). Mais l\u2019\u00e9pisode Wargon souligne <strong>un foss\u00e9 entre discours m\u00e9diatique et r\u00e9alit\u00e9 scientifique<\/strong>.<\/p>\n<p>L\u2019Ordre des m\u00e9decins, saisi de plusieurs centaines de plaintes, devra trancher. En attendant, cette pol\u00e9mique alimente le scepticisme vaccinal et appelle \u00e0 plus de rigueur chez les \u00ab <em>pr\u00e9tendus experts<\/em> \u00bb et les m\u00e9dias.<\/p>\n<blockquote>\n<p>La science, apr\u00e8s tout, repose sur des faits lus et v\u00e9rifi\u00e9s, pas sur des opinions lanc\u00e9es \u00e0 la vol\u00e9e.<\/p>\n<\/blockquote>\n<p>Voyons combien de temps les m\u00e9dias qui ont laiss\u00e9 passer cette pollution informationnelle prendront pour corriger leur impair tel que la d\u00e9ontologie leur impose. Ou s&rsquo;ils laisseront comme trop souvent la pollution informationnelle perdurer.<\/p>\n<\/div>\n<p><script async src=\"\/\/platform.twitter.com\/widgets.js\" charset=\"utf-8\"><\/script><script>(function(d, s, id) {  var js, fjs = d.getElementsByTagName(s)[0];  if (d.getElementById(id)) return;  js = d.createElement(s); js.id = id;  js.src = \"\/\/connect.facebook.net\/fr_FR\/sdk.js#xfbml=1&version=v2.3\";  fjs.parentNode.insertBefore(js, fjs);}(document, \"script\", \"facebook-jssdk\"));<\/script><br \/>\n<br \/><br \/>\n<br \/><a href=\"https:\/\/www.francesoir.fr\/politique-france-societe-sante-culture-medias\/le-fiasco-wargon-quand-un-urgentiste-se-fait-humilier\" target=\"_blank\"\">Source link <\/a><\/p>\n","protected":false},"excerpt":{"rendered":"<p>Pol\u00e9mique autour de Mathias Wargon l\u2019urgentiste pro-vaccin confront\u00e9 aux donn\u00e9es officielles sur l&rsquo;efficacit\u00e9 du vaccin antigrippal qu\u2019il ignore. Dans le paysage m\u00e9diatique fran\u00e7ais, o\u00f9 les d\u00e9bats sur la vaccination font&hellip; <\/p>\n","protected":false},"author":1,"featured_media":22228,"comment_status":"open","ping_status":"open","sticky":false,"template":"","format":"standard","meta":{"footnotes":""},"categories":[1],"tags":[],"class_list":["post-22227","post","type-post","status-publish","format-standard","has-post-thumbnail","hentry","category-non-classe"],"_links":{"self":[{"href":"https:\/\/monde25.info\/index.php\/wp-json\/wp\/v2\/posts\/22227","targetHints":{"allow":["GET"]}}],"collection":[{"href":"https:\/\/monde25.info\/index.php\/wp-json\/wp\/v2\/posts"}],"about":[{"href":"https:\/\/monde25.info\/index.php\/wp-json\/wp\/v2\/types\/post"}],"author":[{"embeddable":true,"href":"https:\/\/monde25.info\/index.php\/wp-json\/wp\/v2\/users\/1"}],"replies":[{"embeddable":true,"href":"https:\/\/monde25.info\/index.php\/wp-json\/wp\/v2\/comments?post=22227"}],"version-history":[{"count":0,"href":"https:\/\/monde25.info\/index.php\/wp-json\/wp\/v2\/posts\/22227\/revisions"}],"wp:featuredmedia":[{"embeddable":true,"href":"https:\/\/monde25.info\/index.php\/wp-json\/wp\/v2\/media\/22228"}],"wp:attachment":[{"href":"https:\/\/monde25.info\/index.php\/wp-json\/wp\/v2\/media?parent=22227"}],"wp:term":[{"taxonomy":"category","embeddable":true,"href":"https:\/\/monde25.info\/index.php\/wp-json\/wp\/v2\/categories?post=22227"},{"taxonomy":"post_tag","embeddable":true,"href":"https:\/\/monde25.info\/index.php\/wp-json\/wp\/v2\/tags?post=22227"}],"curies":[{"name":"wp","href":"https:\/\/api.w.org\/{rel}","templated":true}]}}