{"id":22231,"date":"2026-01-11T02:59:32","date_gmt":"2026-01-11T01:59:32","guid":{"rendered":"https:\/\/monde25.info\/index.php\/2026\/01\/11\/la-co-presidente-de-lafd-alice-weidel-plaide-pour-un-dexit-rt-en-francais\/"},"modified":"2026-01-11T02:59:32","modified_gmt":"2026-01-11T01:59:32","slug":"la-co-presidente-de-lafd-alice-weidel-plaide-pour-un-dexit-rt-en-francais","status":"publish","type":"post","link":"https:\/\/monde25.info\/index.php\/2026\/01\/11\/la-co-presidente-de-lafd-alice-weidel-plaide-pour-un-dexit-rt-en-francais\/","title":{"rendered":"la co-pr\u00e9sidente de l\u2019AfD Alice Weidel plaide pour un \u00abDexit\u00bb \u2014 RT en fran\u00e7ais"},"content":{"rendered":"<p> <br \/>\n<br \/><img decoding=\"async\" src=\"https:\/\/mf.b37mrtl.ru\/french\/images\/2026.01\/thumbnail\/6962899887f3ec6c195476e0.jpg\" \/><\/p>\n<div>\n<p class=\"text__summary\">\n                                        La co-dirigeante du parti d\u2019extr\u00eame droite allemand AfD, Alice Weidel, a r\u00e9affirm\u00e9 son soutien \u00e0 une sortie de l\u2019Allemagne de l\u2019UE. Elle d\u00e9nonce un \u00abappareil monstrueux\u00bb bruxellois, pr\u00f4ne le d\u00e9mant\u00e8lement des institutions europ\u00e9ennes, tout en appelant au maintien d\u2019un espace \u00e9conomique commun et \u00e0 des fronti\u00e8res nationales renforc\u00e9es.\n                                    <\/p>\n<\/div>\n<p><br \/>\n<br \/><a href=\"https:\/\/francais.rt.com\/news\/129273-afd-alice-weidel-plaide-pour-sortie-allemagne-union-europeenne\" target=\"_blank\"\">Source link <\/a><\/p>\n","protected":false},"excerpt":{"rendered":"<p>La co-dirigeante du parti d\u2019extr\u00eame droite allemand AfD, Alice Weidel, a r\u00e9affirm\u00e9 son soutien \u00e0 une sortie de l\u2019Allemagne de l\u2019UE. Elle d\u00e9nonce un \u00abappareil monstrueux\u00bb bruxellois, pr\u00f4ne le d\u00e9mant\u00e8lement&hellip; <\/p>\n","protected":false},"author":1,"featured_media":22232,"comment_status":"open","ping_status":"open","sticky":false,"template":"","format":"standard","meta":{"footnotes":""},"categories":[1],"tags":[],"class_list":["post-22231","post","type-post","status-publish","format-standard","has-post-thumbnail","hentry","category-non-classe"],"_links":{"self":[{"href":"https:\/\/monde25.info\/index.php\/wp-json\/wp\/v2\/posts\/22231","targetHints":{"allow":["GET"]}}],"collection":[{"href":"https:\/\/monde25.info\/index.php\/wp-json\/wp\/v2\/posts"}],"about":[{"href":"https:\/\/monde25.info\/index.php\/wp-json\/wp\/v2\/types\/post"}],"author":[{"embeddable":true,"href":"https:\/\/monde25.info\/index.php\/wp-json\/wp\/v2\/users\/1"}],"replies":[{"embeddable":true,"href":"https:\/\/monde25.info\/index.php\/wp-json\/wp\/v2\/comments?post=22231"}],"version-history":[{"count":0,"href":"https:\/\/monde25.info\/index.php\/wp-json\/wp\/v2\/posts\/22231\/revisions"}],"wp:featuredmedia":[{"embeddable":true,"href":"https:\/\/monde25.info\/index.php\/wp-json\/wp\/v2\/media\/22232"}],"wp:attachment":[{"href":"https:\/\/monde25.info\/index.php\/wp-json\/wp\/v2\/media?parent=22231"}],"wp:term":[{"taxonomy":"category","embeddable":true,"href":"https:\/\/monde25.info\/index.php\/wp-json\/wp\/v2\/categories?post=22231"},{"taxonomy":"post_tag","embeddable":true,"href":"https:\/\/monde25.info\/index.php\/wp-json\/wp\/v2\/tags?post=22231"}],"curies":[{"name":"wp","href":"https:\/\/api.w.org\/{rel}","templated":true}]}}