{"id":22235,"date":"2026-01-11T04:07:37","date_gmt":"2026-01-11T03:07:37","guid":{"rendered":"https:\/\/monde25.info\/index.php\/2026\/01\/11\/esthetisme-imperial-par-mikael-faujour-le-monde-diplomatique-janvier-2026\/"},"modified":"2026-01-11T04:07:37","modified_gmt":"2026-01-11T03:07:37","slug":"esthetisme-imperial-par-mikael-faujour-le-monde-diplomatique-janvier-2026","status":"publish","type":"post","link":"https:\/\/monde25.info\/index.php\/2026\/01\/11\/esthetisme-imperial-par-mikael-faujour-le-monde-diplomatique-janvier-2026\/","title":{"rendered":"Esth\u00e9tisme imp\u00e9rial, par Mika\u00ebl Faujour (Le Monde diplomatique, janvier 2026)"},"content":{"rendered":"<p> <br \/>\n<\/p>\n<div couleurfade=\"e8e8e6\" couleurclaire=\"ecebde\" couleurpale=\"e8e5af\" couleurmi=\"807d4b\" couleurfoncee=\"605e38\" couleursombre=\"201f12\" couleurfond=\"51514c\" couleurtexte=\"ffffff\">\n<div class=\"enapercu\">\n<figure class=\"spip_document_41487 spip_documents spip_documents_center justecol\" style=\"width:650px;\">\n<div class=\"limage\">\n<p>\t\t\t<img loading=\"lazy\" decoding=\"async\" src=\"https:\/\/www.monde-diplomatique.fr\/\/local\/cache-vignettes\/L650xH667\/img027-75-c1c92.jpg?1766577842\" width=\"650\" height=\"667\" class=\"spip_logos\" alt=\"JPEG - 85.6\u00a0kio\"\/><\/p><\/div><figcaption>\n<p>Joaqu\u00edn Torres-Garc\u00eda. \u2014 \u00ab<small class=\"fine\">\u00a0<\/small>Arte constructivo con sol y estrella<small class=\"fine\">\u00a0<\/small>\u00bb (Art constructiviste avec soleil et \u00e9toile), 1948 <\/p>\n<\/figcaption><\/figure>\n<p><span class=\"mot-lettrine\"><span class=\"lettrine\">E<\/span>n<\/span> Am\u00e9rique latine comme ailleurs, la guerre froide a aussi \u00e9t\u00e9 men\u00e9e sur le terrain culturel. Le Cubain Jos\u00e9 G\u00f3mez Sicre (1916-1991), qui joua un r\u00f4le \u00e9minent dans ce domaine, pr\u00e9f\u00e9rait pr\u00e9senter ses pr\u00e9occupations comme purement artistiques. <i>\u00ab<small class=\"fine\">\u00a0<\/small>Mon r\u00f4le de commissaire d\u2019exposition et de critique,<\/i> expliquait le dirigeant de la division arts visuels au sein du d\u00e9partement des affaires culturelles de l\u2019Organisation des \u00c9tats am\u00e9ricains (OEA) de la fin des ann\u00e9es 1940 \u00e0 1976, <i>a consist\u00e9 \u00e0 orienter,<\/i> (\u2026) <i>pr\u00e9senter et promouvoir de nouveaux artistes d\u2019Am\u00e9rique latine. Dans le meilleur des cas, pour \u00e9tablir un nouveau standard de valeurs artistiques, aider \u00e0 d\u00e9finir un nouveau canon<\/i>.<i><small class=\"fine\">\u00a0<\/small>\u00bb<\/i><\/p>\n<p>Avant G\u00f3mez Sicre, explique le peintre p\u00e9ruvien Fernando de Szyszlo, <i>\u00ab<small class=\"fine\">\u00a0<\/small>il existait un art argentin ou mexicain, p\u00e9ruvien ou v\u00e9n\u00e9zu\u00e9lien<small class=\"fine\">\u00a0<\/small>\u00bb.<\/i> Le Cubain, lui, avance l\u2019id\u00e9e d\u2019une forme d\u2019expression proprement \u00ab<small class=\"fine\">\u00a0<\/small>latino-am\u00e9ricaine<small class=\"fine\">\u00a0<\/small>\u00bb. <i>\u00ab<small class=\"fine\">\u00a0<\/small>Ce n\u2019est toutefois pas seulement la notion d\u2019art latino-am\u00e9ricain qui appartient \u00e0 G\u00f3mez Sicre,<\/i> poursuit Szyszlo, <i>mais l\u2019id\u00e9e m\u00eame que contient cette expression<\/i><i><small class=\"fine\">\u00a0<\/small>\u00bb<\/i>\u00a0: un art moins en prise avec la r\u00e9alit\u00e9 locale \u2014 sociale, politique \u2014 que soluble dans un \u00ab<small class=\"fine\">\u00a0<\/small>art international<small class=\"fine\">\u00a0<\/small>\u00bb dont il s\u2019est fait le d\u00e9fenseur, plus compatible et plus proche des avant-gardes occidentales que du muralisme mexicain ou du courant indig\u00e9niste andin, consacr\u00e9 \u00e0 la repr\u00e9sentation et \u00e0 la d\u00e9fense des peuples indig\u00e8nes.<\/p>\n<p>En 1942, Alfred H. Barr Jr. se trouve \u00e0 Cuba. Depuis sa cr\u00e9ation en 1929, il dirige le Mus\u00e9e d\u2019art moderne (MoMA) de New York, fond\u00e9 par l\u2019\u00e9pouse de John D. Rockefeller et deux de ses amies. Il y fera toute sa carri\u00e8re et s\u2019affirmera comme une figure-cl\u00e9 de l\u2019art moderne am\u00e9ricain. Il promeut l\u2019expressionnisme abstrait et contribue \u00e0 faire prosp\u00e9rer l\u2019id\u00e9e que la modernit\u00e9 artistique des \u00c9tats-Unis \u00e9gale d\u00e9sormais celle de l\u2019Europe. De passage dans l\u2019\u00eele pour y acheter des \u0153uvres, il rencontre le jeune\u00a0(\u2026)<\/p>\n<\/p><\/div>\n<p>Taille de l\u2019article complet\u00a0:\u00a0<span>1\u00a0770<\/span>\u00a0mots.<\/p>\n<div class=\"promo_dispo_article\">\n<h2 class=\"avantbloc\">\n\tCet article est r\u00e9serv\u00e9 aux\u00a0abonn\u00e9s<\/p>\n<\/h2>\n<div class=\"abo_inst\">\n\t<strong>Lyc\u00e9es, biblioth\u00e8ques, administrations, entreprises,<\/strong><br \/>\n\tacc\u00e9dez \u00e0 la base de donn\u00e9es en ligne de tous les articles du <i>Monde diplomatique<\/i> de 1954 \u00e0 nos\u00a0jours.<br \/>\n\t<a target=\"_blank\" id=\"pw-institutions\" class=\"suivi\" href=\"https:\/\/www.monde-diplomatique.fr\/archives\/institutions\">Retrouvez cette\u00a0offre sp\u00e9cifique<\/a>.\n<\/div>\n<\/div><\/div>\n<p><br \/>\n<br \/><a href=\"https:\/\/www.monde-diplomatique.fr\/2026\/01\/FAUJOUR\/69188\" target=\"_blank\"\">Source link <\/a><\/p>\n","protected":false},"excerpt":{"rendered":"<p>Joaqu\u00edn Torres-Garc\u00eda. \u2014 \u00ab\u00a0Arte constructivo con sol y estrella\u00a0\u00bb (Art constructiviste avec soleil et \u00e9toile), 1948 En Am\u00e9rique latine comme ailleurs, la guerre froide a aussi \u00e9t\u00e9 men\u00e9e sur le&hellip; <\/p>\n","protected":false},"author":1,"featured_media":22236,"comment_status":"open","ping_status":"open","sticky":false,"template":"","format":"standard","meta":{"footnotes":""},"categories":[1],"tags":[],"class_list":["post-22235","post","type-post","status-publish","format-standard","has-post-thumbnail","hentry","category-non-classe"],"_links":{"self":[{"href":"https:\/\/monde25.info\/index.php\/wp-json\/wp\/v2\/posts\/22235","targetHints":{"allow":["GET"]}}],"collection":[{"href":"https:\/\/monde25.info\/index.php\/wp-json\/wp\/v2\/posts"}],"about":[{"href":"https:\/\/monde25.info\/index.php\/wp-json\/wp\/v2\/types\/post"}],"author":[{"embeddable":true,"href":"https:\/\/monde25.info\/index.php\/wp-json\/wp\/v2\/users\/1"}],"replies":[{"embeddable":true,"href":"https:\/\/monde25.info\/index.php\/wp-json\/wp\/v2\/comments?post=22235"}],"version-history":[{"count":0,"href":"https:\/\/monde25.info\/index.php\/wp-json\/wp\/v2\/posts\/22235\/revisions"}],"wp:featuredmedia":[{"embeddable":true,"href":"https:\/\/monde25.info\/index.php\/wp-json\/wp\/v2\/media\/22236"}],"wp:attachment":[{"href":"https:\/\/monde25.info\/index.php\/wp-json\/wp\/v2\/media?parent=22235"}],"wp:term":[{"taxonomy":"category","embeddable":true,"href":"https:\/\/monde25.info\/index.php\/wp-json\/wp\/v2\/categories?post=22235"},{"taxonomy":"post_tag","embeddable":true,"href":"https:\/\/monde25.info\/index.php\/wp-json\/wp\/v2\/tags?post=22235"}],"curies":[{"name":"wp","href":"https:\/\/api.w.org\/{rel}","templated":true}]}}