{"id":22249,"date":"2026-01-11T08:32:24","date_gmt":"2026-01-11T07:32:24","guid":{"rendered":"https:\/\/monde25.info\/index.php\/2026\/01\/11\/tension-politique-dans-plusieurs-lander-de-lancienne-allemagne-de-lest-merz-sous-pression\/"},"modified":"2026-01-11T08:32:24","modified_gmt":"2026-01-11T07:32:24","slug":"tension-politique-dans-plusieurs-lander-de-lancienne-allemagne-de-lest-merz-sous-pression","status":"publish","type":"post","link":"https:\/\/monde25.info\/index.php\/2026\/01\/11\/tension-politique-dans-plusieurs-lander-de-lancienne-allemagne-de-lest-merz-sous-pression\/","title":{"rendered":"Tension politique dans plusieurs L\u00e4nder de l\u2019ancienne Allemagne de l\u2019Est \u2013 Merz sous pression"},"content":{"rendered":"<p> <br \/>\n<\/p>\n<div>\n<ol class=\"campaign-loop campaign-list\">\n<li id=\"campaign-482494\" class=\"post-482494 campaign type-campaign status-publish hentry campaign-has-goal campaign-has-achieved-goal campaign-has-end-date campaign-has-not-ended\">\n\t<a target=\"_blank\" href=\"https:\/\/reseauinternational.net\/campaigns\/campagne-de-dons-septembre-octobre-2025\/\"><\/p>\n<h3>Soutenez-nous<\/h3>\n<p>\t\t\t<\/a><\/p>\n<p>\n\tVotre soutien nous est indispensable pour continuer \u00e0 vous fournir le meilleur de l\u2019information internationale alternative. C\u2019est gr\u00e2ce \u00e0 vos dons que nous pourrons maintenir le cap pour une information plurielle et r\u00e9ellement alternative. Nous comptons sur vous.<\/p>\n<\/li>\n<\/ol>\n<p>par <strong>Peter W. Logghe<\/strong><\/p>\n<div class=\"wp-block-image\">\n<figure class=\"aligncenter size-full is-resized\"><img data-recalc-dims=\"1\" decoding=\"async\" width=\"329\" height=\"466\" src=\"https:\/\/i0.wp.com\/reseauinternational.net\/wp-content\/uploads\/2026\/01\/image-145.png?resize=329%2C466&amp;ssl=1\" alt=\"\" class=\"wp-image-505164\" style=\"width:357px;height:auto\" loading=\"lazy\" srcset=\"https:\/\/i0.wp.com\/reseauinternational.net\/wp-content\/uploads\/2026\/01\/image-145.png?w=329&amp;ssl=1 329w, https:\/\/i0.wp.com\/reseauinternational.net\/wp-content\/uploads\/2026\/01\/image-145.png?resize=212%2C300&amp;ssl=1 212w\" sizes=\"auto, (max-width: 329px) 100vw, 329px\"\/><\/figure>\n<\/div>\n<p>Les n\u00e9gociations gouvernementales interminables aux Pays-Bas, le gouvernement fran\u00e7ais dirig\u00e9 par le pr\u00e9sident Macron qui \u00e9choue encore \u00e0 obtenir une majorit\u00e9 parlementaire viable, et le Premier ministre britannique Sir Keir Starmer qui, l\u2019ann\u00e9e prochaine, doit faire face \u00e0 une d\u00e9faite \u00e9crasante aux \u00e9lections au Pays de Galles, ce qui met de plus en plus la majorit\u00e9 travailliste dans une situation difficile. Parce que l\u2019Allemagne n\u2019appara\u00eet pas dans nos m\u00e9dias mainstream, il semble que chez nos voisins de l\u2019Est tout soit calme. Rien n\u2019est moins vrai !<\/p>\n<p>Deux ans avant les prochaines \u00e9lections r\u00e9gionales, le parti d\u2019extr\u00eame gauche Die Linke se dit pr\u00eat \u00e0 soutenir de mani\u00e8re constructive un gouvernement minoritaire de la CDU dans le Land de Saxe-Anhalt, dans le but d\u2019\u00e9carter l\u2019AfD du pouvoir. \u00ab<em>Ce genre d\u2019opposition constructive, que nous appliquons d\u00e9j\u00e0 en Thuringe et en Saxe, pourrait aussi \u00eatre une solution ici<\/em>\u00bb, d\u00e9clare Jan Van Aken, pr\u00e9sident de Die Linke. La seule condition qu\u2019il pose est \u00ab<em>que la CDU ne cherche pas \u00e0 former des majorit\u00e9s avec l\u2019AfD<\/em>\u00bb. En d\u2019autres termes : exclure l\u2019\u00e9lecteur de droite. Selon des sondages r\u00e9cents, l\u2019AfD peut compter sur 40% des \u00e9lecteurs, la CDU sur 26% (en baisse de 8%) et Die Linke sur 11%. La CDU devrait \u00eatre totalement folle pour s\u2019allier avec Die Linke \u2013 en termes purement politiques.<\/p>\n<h5 class=\"wp-block-heading\"><strong>Y aura-t-il de nouvelles \u00e9lections dans le Land de Brandebourg ?<\/strong><\/h5>\n<p>Une tension politique encore plus forte r\u00e8gne dans un autre Land de l\u2019ancienne Allemagne de l\u2019Est, le Brandebourg. Lors d\u2019un vote au parlement r\u00e9gional, 2 d\u00e9put\u00e9s sur 14 de la fraction BSW (B\u00fcndnis Sahra Wagenknecht, gauche socio-\u00e9conomique, mais critique de l\u2019immigration) n\u2019ont pas vot\u00e9 avec le reste de la BSW, qui forme le gouvernement r\u00e9gional avec la SPD. Ce qui a conduit 8 coll\u00e8gues \u00e0 exiger leur exclusion du parti. Ensuite, 2 autres d\u00e9put\u00e9s de la BSW ont annonc\u00e9 qu\u2019ils quitteraient \u00e9galement la fraction. Tout cela alors que le gouvernement SPD-BSW dans le Brandenburg ne dispose que d\u2019une majorit\u00e9 de 2 voix.<\/p>\n<p>Un changement de coalition avec la CDU ne changerait rien, car la CDU ne compte que 12 d\u00e9put\u00e9s. La seule option restante, en dehors de nouvelles \u00e9lections : une coalition entre le BSW, la SPD et la CDU. Mais 8 d\u00e9put\u00e9s du BSW ont d\u00e9j\u00e0 fait savoir qu\u2019ils ne souhaitent pas continuer \u00e0 appliquer la politique de la SPD. Selon une source anonyme au sein du BSW, \u00ab<em>avec leur vote en faveur du BSW, les \u00e9lecteurs allemands ont clairement voulu signifier qu\u2019ils voulaient une autre politique. Nous n\u2019avons pas \u00e9t\u00e9 \u00e9lus pour \u00eatre la \u00abbranche politique\u00bb de la SPD<\/em>\u00bb. Selon les sondages les plus r\u00e9cents, l\u2019AfD atteint 35%, la SPD chute \u00e0 seulement 21% (en baisse de 11%). L\u2019AfD pourrait devenir la premi\u00e8re force dans ce Land, d\u00e9passant la CDU et la SPD r\u00e9unis.<\/p>\n<p>En attendant, la coalition au Brandenburg a \u00e9clat\u00e9. Croyez-moi : l\u2019Allemagne est sous haute tension politique.<\/p>\n<p>source : <a target=\"_blank\" href=\"https:\/\/www.facebook.com\/peter.logghe.94\" target=\"_blank\" rel=\"noopener\" title=\"\">Peter W. Logghe<\/a> via <a target=\"_blank\" href=\"http:\/\/euro-synergies.hautetfort.com\/archive\/2026\/01\/10\/tension-politique-dans-plusieurs-lander-de-l-ancienne-allemagne-de-l-est-me.html\" target=\"_blank\" rel=\"noopener\" title=\"\">Euro-Synergies<\/a><\/p>\n<div class=\"sharedaddy sd-block sd-like jetpack-likes-widget-wrapper jetpack-likes-widget-unloaded\" id=\"like-post-wrapper-237719536-505161-69634ed89ed90\" data-src=\"https:\/\/widgets.wp.com\/likes\/?ver=15.2#blog_id=237719536&amp;post_id=505161&amp;origin=reseauinternational.net&amp;obj_id=237719536-505161-69634ed89ed90\" data-name=\"like-post-frame-237719536-505161-69634ed89ed90\" data-title=\"Aimer ou rebloguer\">\n<h3 class=\"sd-title\">J\u2019aime \u00e7a\u00a0:<\/h3>\n<p><span class=\"button\"><span>J\u2019aime<\/span><\/span> <span class=\"loading\">chargement\u2026<\/span><\/p>\n<p><span class=\"sd-text-color\"\/><a target=\"_blank\" class=\"sd-link-color\"\/><\/div>\n<p><meta itemscope=\"\" itemprop=\"mainEntityOfPage\" itemtype=\"https:\/\/schema.org\/WebPage\" itemid=\"https:\/\/reseauinternational.net\/tension-politique-dans-plusieurs-lander-de-lancienne-allemagne-de-lest-merz-sous-pression\/\"\/><meta itemprop=\"headline\" content=\"Tension politique dans plusieurs L\u00e4nder de l\u2019ancienne Allemagne de l\u2019Est \u2013 Merz sous pression\"\/><span style=\"display: none;\" itemprop=\"author\" itemscope=\"\" itemtype=\"https:\/\/schema.org\/Person\"><meta itemprop=\"name\" content=\"R\u00e9seau International\"\/><\/span><span style=\"display: none;\" itemprop=\"image\" itemscope=\"\" itemtype=\"https:\/\/schema.org\/ImageObject\"><meta itemprop=\"url\" content=\"https:\/\/i0.wp.com\/reseauinternational.net\/wp-content\/uploads\/2026\/01\/Sans-titre-2.jpg?fit=800%2C467&amp;ssl=1\"\/><meta itemprop=\"width\" content=\"800\"\/><meta itemprop=\"height\" content=\"467\"\/><\/span><span style=\"display: none;\" itemprop=\"publisher\" itemscope=\"\" itemtype=\"https:\/\/schema.org\/Organization\"><span style=\"display: none;\" itemprop=\"logo\" itemscope=\"\" itemtype=\"https:\/\/schema.org\/ImageObject\"><meta itemprop=\"url\" content=\"https:\/\/reseauinternational.net\/wp-content\/uploads\/2022\/06\/Capture-de\u0301cran-2022-06-14-a\u0300-16.51.07.png\"\/><\/span><meta itemprop=\"name\" content=\"R\u00e9seau International\"\/><\/span><meta itemprop=\"datePublished\" content=\"2026-01-11T08:15:02+00:00\"\/><meta itemprop=\"dateModified\" content=\"2026-01-11T08:15:24+00:00\"\/><\/div>\n<p><br \/>\n<br \/><a href=\"https:\/\/reseauinternational.net\/tension-politique-dans-plusieurs-lander-de-lancienne-allemagne-de-lest-merz-sous-pression\/\" target=\"_blank\"\">Source link <\/a><\/p>\n","protected":false},"excerpt":{"rendered":"<p>Soutenez-nous Votre soutien nous est indispensable pour continuer \u00e0 vous fournir le meilleur de l\u2019information internationale alternative. C\u2019est gr\u00e2ce \u00e0 vos dons que nous pourrons maintenir le cap pour une&hellip; <\/p>\n","protected":false},"author":1,"featured_media":22250,"comment_status":"open","ping_status":"open","sticky":false,"template":"","format":"standard","meta":{"footnotes":""},"categories":[1],"tags":[],"class_list":["post-22249","post","type-post","status-publish","format-standard","has-post-thumbnail","hentry","category-non-classe"],"_links":{"self":[{"href":"https:\/\/monde25.info\/index.php\/wp-json\/wp\/v2\/posts\/22249","targetHints":{"allow":["GET"]}}],"collection":[{"href":"https:\/\/monde25.info\/index.php\/wp-json\/wp\/v2\/posts"}],"about":[{"href":"https:\/\/monde25.info\/index.php\/wp-json\/wp\/v2\/types\/post"}],"author":[{"embeddable":true,"href":"https:\/\/monde25.info\/index.php\/wp-json\/wp\/v2\/users\/1"}],"replies":[{"embeddable":true,"href":"https:\/\/monde25.info\/index.php\/wp-json\/wp\/v2\/comments?post=22249"}],"version-history":[{"count":0,"href":"https:\/\/monde25.info\/index.php\/wp-json\/wp\/v2\/posts\/22249\/revisions"}],"wp:featuredmedia":[{"embeddable":true,"href":"https:\/\/monde25.info\/index.php\/wp-json\/wp\/v2\/media\/22250"}],"wp:attachment":[{"href":"https:\/\/monde25.info\/index.php\/wp-json\/wp\/v2\/media?parent=22249"}],"wp:term":[{"taxonomy":"category","embeddable":true,"href":"https:\/\/monde25.info\/index.php\/wp-json\/wp\/v2\/categories?post=22249"},{"taxonomy":"post_tag","embeddable":true,"href":"https:\/\/monde25.info\/index.php\/wp-json\/wp\/v2\/tags?post=22249"}],"curies":[{"name":"wp","href":"https:\/\/api.w.org\/{rel}","templated":true}]}}