{"id":22251,"date":"2026-01-11T09:05:01","date_gmt":"2026-01-11T08:05:01","guid":{"rendered":"https:\/\/monde25.info\/index.php\/2026\/01\/11\/greve-des-medecins-les-syndicats-boudent-la-ministre-de-la-sante\/"},"modified":"2026-01-11T09:05:01","modified_gmt":"2026-01-11T08:05:01","slug":"greve-des-medecins-les-syndicats-boudent-la-ministre-de-la-sante","status":"publish","type":"post","link":"https:\/\/monde25.info\/index.php\/2026\/01\/11\/greve-des-medecins-les-syndicats-boudent-la-ministre-de-la-sante\/","title":{"rendered":"Gr\u00e8ve des m\u00e9decins: les syndicats boudent la ministre de la Sant\u00e9"},"content":{"rendered":"<p> <br \/>\n<\/p>\n<div>\n<p>Les syndicats de m\u00e9decins lib\u00e9raux en gr\u00e8ve depuis lundi ont rejet\u00e9 la proposition de rendez-vous en marge de leur manifestation parisienne samedi, que leur avait adress\u00e9e la ministre de la Sant\u00e9 St\u00e9phanie Rist.<\/p>\n<p>L&rsquo;ensemble de l&rsquo;intersyndicale \u00ab\u00a0a d\u00e9cid\u00e9 de ne pas se rendre\u00a0\u00bb au rendez-vous propos\u00e9 vendredi par St\u00e9phanie Rist, \u00ab\u00a0qui ne nous semble pas de nature \u00e0 modifier le cours des lois vot\u00e9es ou des projets de loi en attente de vote\u00a0\u00bb, \u00e9crivent les syndicats dans une lettre commune \u00e0 Mme Rist, diffus\u00e9e vendredi soir.<\/p>\n<p>\u00ab\u00a0Votre minist\u00e8re sait depuis longtemps les points bloquants dont vous n&rsquo;avez pas pu ou su ou voulu emp\u00eacher le vote\u00a0\u00bb, ont-ils ajout\u00e9.<\/p>\n<p>Les syndicats vont continuer \u00ab\u00a0leurs travaux en vue de convaincre les parlementaires, les ministres et surtout les patients de la mauvaise direction impuls\u00e9e au syst\u00e8me de soins, et des moyens de la redresser\u00a0\u00bb.<\/p>\n<p>L&rsquo;ensemble des syndicats repr\u00e9sentatifs de m\u00e9decins lib\u00e9raux a appel\u00e9 \u00e0 la gr\u00e8ve du 5 au 15 janvier, un mouvement qui doit aller crescendo avec notamment de nombreuses fermetures de blocs op\u00e9ratoires de cliniques priv\u00e9es lundi, mardi et mercredi.<\/p>\n<p>Les m\u00e9decins d\u00e9noncent de multiples \u00ab\u00a0politiques qui les pi\u00e9tinent\u00a0\u00bb, dont un budget de la S\u00e9curit\u00e9 sociale jug\u00e9 insuffisant, une limitation des prescriptions d&rsquo;arr\u00eat de travail ou des mesures permettant de contourner les n\u00e9gociations conventionnelles entre la profession et l&rsquo;Assurance maladie.<\/p>\n<p>La ministre de la Sant\u00e9 a indiqu\u00e9 vendredi sa volont\u00e9 de \u00ab\u00a0recr\u00e9er de la confiance\u00a0\u00bb avec les m\u00e9decins lib\u00e9raux mais sans s&rsquo;avancer sur les \u00e9l\u00e9ments ouverts \u00e0 n\u00e9gociation.<\/p>\n<p>Dans son courrier d&rsquo;invitation \u00e0 l&rsquo;intersyndicale, la ministre promettait simplement d&rsquo;ouvrir \u00ab\u00a0des travaux pour reprendre et renforcer les discussions conventionnelles\u00a0\u00bb.<\/p>\n<p>Selon les derniers chiffres, remontant \u00e0 mardi, l&rsquo;activit\u00e9 \u00e9tait en baisse de 19% chez les g\u00e9n\u00e9ralistes lib\u00e9raux et de 12% chez les sp\u00e9cialistes.<\/p>\n<p>La situation p\u00e8se sur les services d&rsquo;urgence dans les h\u00f4pitaux, d\u00e9j\u00e0 expos\u00e9s \u00e0 une \u00e9pid\u00e9mie de grippe \u00e0 son sommet ainsi qu&rsquo;aux chutes li\u00e9es \u00e0 la neige et au verglas des derniers jours.<\/p>\n<p>Apr\u00e8s la manifestation de samedi, environ 2.000 m\u00e9decins de bloc op\u00e9ratoire &#8211; anesth\u00e9sistes, chirurgiens, obst\u00e9triciens &#8211; ont annonc\u00e9 qu&rsquo;ils embarqueraient dimanche \u00e0 bord de cars pour Bruxelles pour un exil symbolique de quelques jours.<\/p>\n<p>Les syndicats ont d\u00e9j\u00e0 obtenu l&rsquo;abandon de mesures qui figuraient initialement dans le projet de budget de la S\u00e9curit\u00e9 sociale, comme la surtaxation des d\u00e9passements d&rsquo;honoraires ou l&rsquo;obligation de consulter ou alimenter le dossier m\u00e9dical personnalis\u00e9 de leurs patients.<\/p>\n<p>Mais le texte final adopt\u00e9 par le Parlement comporte toujours un dispositif permettant \u00e0 l&rsquo;Assurance maladie de fixer unilat\u00e9ralement dans certains cas les tarifs des actes m\u00e9dicaux.<\/p>\n<p>Les m\u00e9decins redoutent aussi deux propositions de loi en cours d&rsquo;examen par le Parlement (Garot et Mouill\u00e9), qui tendent \u00e0 rogner sur la libert\u00e9 d&rsquo;installation dont ils b\u00e9n\u00e9ficient aujourd&rsquo;hui pour tenter de les diriger vers les zones les plus d\u00e9pourvues en praticiens.<\/p>\n<\/div>\n<p><script>(function(d, s, id) {  var js, fjs = d.getElementsByTagName(s)[0];  if (d.getElementById(id)) return;  js = d.createElement(s); js.id = id;  js.src = \"\/\/connect.facebook.net\/fr_FR\/sdk.js#xfbml=1&version=v2.3\";  fjs.parentNode.insertBefore(js, fjs);}(document, \"script\", \"facebook-jssdk\"));<\/script><br \/>\n<br \/><br \/>\n<br \/><a href=\"https:\/\/www.francesoir.fr\/politique-france\/greve-des-medecins-les-syndicats-boudent-la-ministre-de-la-sante\" target=\"_blank\"\">Source link <\/a><\/p>\n","protected":false},"excerpt":{"rendered":"<p>Les syndicats de m\u00e9decins lib\u00e9raux en gr\u00e8ve depuis lundi ont rejet\u00e9 la proposition de rendez-vous en marge de leur manifestation parisienne samedi, que leur avait adress\u00e9e la ministre de la&hellip; <\/p>\n","protected":false},"author":1,"featured_media":22252,"comment_status":"open","ping_status":"open","sticky":false,"template":"","format":"standard","meta":{"footnotes":""},"categories":[1],"tags":[],"class_list":["post-22251","post","type-post","status-publish","format-standard","has-post-thumbnail","hentry","category-non-classe"],"_links":{"self":[{"href":"https:\/\/monde25.info\/index.php\/wp-json\/wp\/v2\/posts\/22251","targetHints":{"allow":["GET"]}}],"collection":[{"href":"https:\/\/monde25.info\/index.php\/wp-json\/wp\/v2\/posts"}],"about":[{"href":"https:\/\/monde25.info\/index.php\/wp-json\/wp\/v2\/types\/post"}],"author":[{"embeddable":true,"href":"https:\/\/monde25.info\/index.php\/wp-json\/wp\/v2\/users\/1"}],"replies":[{"embeddable":true,"href":"https:\/\/monde25.info\/index.php\/wp-json\/wp\/v2\/comments?post=22251"}],"version-history":[{"count":0,"href":"https:\/\/monde25.info\/index.php\/wp-json\/wp\/v2\/posts\/22251\/revisions"}],"wp:featuredmedia":[{"embeddable":true,"href":"https:\/\/monde25.info\/index.php\/wp-json\/wp\/v2\/media\/22252"}],"wp:attachment":[{"href":"https:\/\/monde25.info\/index.php\/wp-json\/wp\/v2\/media?parent=22251"}],"wp:term":[{"taxonomy":"category","embeddable":true,"href":"https:\/\/monde25.info\/index.php\/wp-json\/wp\/v2\/categories?post=22251"},{"taxonomy":"post_tag","embeddable":true,"href":"https:\/\/monde25.info\/index.php\/wp-json\/wp\/v2\/tags?post=22251"}],"curies":[{"name":"wp","href":"https:\/\/api.w.org\/{rel}","templated":true}]}}