{"id":22255,"date":"2026-01-11T10:10:38","date_gmt":"2026-01-11T09:10:38","guid":{"rendered":"https:\/\/monde25.info\/index.php\/2026\/01\/11\/une-attaque-de-drones-ukrainiens-a-voronej-fait-un-mort-plusieurs-blesses-et-endommage-plus-de-20-batiments-civils-rt-en-francais\/"},"modified":"2026-01-11T10:10:38","modified_gmt":"2026-01-11T09:10:38","slug":"une-attaque-de-drones-ukrainiens-a-voronej-fait-un-mort-plusieurs-blesses-et-endommage-plus-de-20-batiments-civils-rt-en-francais","status":"publish","type":"post","link":"https:\/\/monde25.info\/index.php\/2026\/01\/11\/une-attaque-de-drones-ukrainiens-a-voronej-fait-un-mort-plusieurs-blesses-et-endommage-plus-de-20-batiments-civils-rt-en-francais\/","title":{"rendered":"Une attaque de drones ukrainiens \u00e0 Voronej fait un mort, plusieurs bless\u00e9s et endommage plus de 20 b\u00e2timents civils \u2014 RT en fran\u00e7ais"},"content":{"rendered":"<p> <br \/>\n<br \/><img decoding=\"async\" src=\"https:\/\/mf.b37mrtl.ru\/french\/images\/2026.01\/thumbnail\/6963542887f3ec1d0f0fa026.jpeg\" \/><\/p>\n<div>\n<p class=\"text__summary\">\n                                        Le 10 janvier, Voronej a subi l\u2019une des attaques de drones ukrainiens les plus violentes depuis le d\u00e9but de l\u2019op\u00e9ration militaire sp\u00e9ciale. Selon le gouverneur Alexandre Goussev, les frappes ont vis\u00e9 en priorit\u00e9 des zones r\u00e9sidentielles. Une jeune femme est d\u00e9c\u00e9d\u00e9e \u00e0 l\u2019h\u00f4pital des suites de ses blessures, trois autres civils ont \u00e9t\u00e9 bless\u00e9s.\n                                    <\/p>\n<\/div>\n<p><br \/>\n<br \/><a href=\"https:\/\/francais.rt.com\/news\/129275-attaque-drones-ukrainiens-voronej-fait-1-mort-plusieurs-blesses-et-endommage-plus-de-20-batiments\" target=\"_blank\"\">Source link <\/a><\/p>\n","protected":false},"excerpt":{"rendered":"<p>Le 10 janvier, Voronej a subi l\u2019une des attaques de drones ukrainiens les plus violentes depuis le d\u00e9but de l\u2019op\u00e9ration militaire sp\u00e9ciale. Selon le gouverneur Alexandre Goussev, les frappes ont&hellip; <\/p>\n","protected":false},"author":1,"featured_media":22256,"comment_status":"open","ping_status":"open","sticky":false,"template":"","format":"standard","meta":{"footnotes":""},"categories":[1],"tags":[],"class_list":["post-22255","post","type-post","status-publish","format-standard","has-post-thumbnail","hentry","category-non-classe"],"_links":{"self":[{"href":"https:\/\/monde25.info\/index.php\/wp-json\/wp\/v2\/posts\/22255","targetHints":{"allow":["GET"]}}],"collection":[{"href":"https:\/\/monde25.info\/index.php\/wp-json\/wp\/v2\/posts"}],"about":[{"href":"https:\/\/monde25.info\/index.php\/wp-json\/wp\/v2\/types\/post"}],"author":[{"embeddable":true,"href":"https:\/\/monde25.info\/index.php\/wp-json\/wp\/v2\/users\/1"}],"replies":[{"embeddable":true,"href":"https:\/\/monde25.info\/index.php\/wp-json\/wp\/v2\/comments?post=22255"}],"version-history":[{"count":0,"href":"https:\/\/monde25.info\/index.php\/wp-json\/wp\/v2\/posts\/22255\/revisions"}],"wp:featuredmedia":[{"embeddable":true,"href":"https:\/\/monde25.info\/index.php\/wp-json\/wp\/v2\/media\/22256"}],"wp:attachment":[{"href":"https:\/\/monde25.info\/index.php\/wp-json\/wp\/v2\/media?parent=22255"}],"wp:term":[{"taxonomy":"category","embeddable":true,"href":"https:\/\/monde25.info\/index.php\/wp-json\/wp\/v2\/categories?post=22255"},{"taxonomy":"post_tag","embeddable":true,"href":"https:\/\/monde25.info\/index.php\/wp-json\/wp\/v2\/tags?post=22255"}],"curies":[{"name":"wp","href":"https:\/\/api.w.org\/{rel}","templated":true}]}}