{"id":22259,"date":"2026-01-11T11:49:47","date_gmt":"2026-01-11T10:49:47","guid":{"rendered":"https:\/\/monde25.info\/index.php\/2026\/01\/11\/algues-vertes-la-cour-de-cassation-ordonne-un-nouveau-proces-sur-la-mort-de-thierry-morfoisse\/"},"modified":"2026-01-11T11:49:47","modified_gmt":"2026-01-11T10:49:47","slug":"algues-vertes-la-cour-de-cassation-ordonne-un-nouveau-proces-sur-la-mort-de-thierry-morfoisse","status":"publish","type":"post","link":"https:\/\/monde25.info\/index.php\/2026\/01\/11\/algues-vertes-la-cour-de-cassation-ordonne-un-nouveau-proces-sur-la-mort-de-thierry-morfoisse\/","title":{"rendered":"Algues vertes\u00a0: la Cour de cassation ordonne un nouveau proc\u00e8s sur la mort de Thierry Morfoisse"},"content":{"rendered":"<p> <br \/>\n<br \/><img loading=\"lazy\" decoding=\"async\" src=\"https:\/\/reporterre.net\/local\/cache-vignettes\/L700xH466\/afp__20250625__hl_adesdevises_2810667__v1__highres__bretagnegreenalgaeonthebeach-7f77d.jpg?1767966020\" class=\"spip_logo\" width=\"700\" height=\"466\" alt=\"\" \/><\/p>\n<p>L&rsquo;affaire du d\u00e9c\u00e8s de Thierry Morfoisse, chauffeur de camion mort apr\u00e8s avoir transport\u00e9 des algues vertes, va \u00e0 nouveau \u00eatre jug\u00e9e, selon un arr\u00eat de la Cour de cassation rendu jeudi 8\u00a0janvier. <br class=\"autobr\" \/><br \/>\nEn juillet 2009, \u00e0 Binic dans les C\u00f4tes d&rsquo;Armor, Thierry Morfoisse, 48 ans, avait succomb\u00e9 \u00e0 un malaise cardiaque alors qu&rsquo;il transportait des bennes de plus de 20\u00a0tonnes d&rsquo;algues vertes en putr\u00e9faction. La famille du chauffeur estime que sa mort a \u00e9t\u00e9 provoqu\u00e9e par l&rsquo;\u00e9manation d&rsquo;hydrog\u00e8ne sulfur\u00e9\u00a0(\u2026)<\/p>\n<p>                    <a target=\"_blank\" href=\"https:\/\/reporterre.net\/L-affaire-Thierry-Morfoisse-victime-des-algues-vertes-sera-rejugee-a-Rennes?utm_source=RSS&amp;utm_medium=RSS\">Lire la suite<\/a><\/p>\n<p>                    &#8211;<br \/>\n                        <a target=\"_blank\" href=\"https:\/\/reporterre.net\/Breves-20\" rel=\"directory\">En bref<\/a><\/p>\n<p>                    \/<br \/>\n                        <a target=\"_blank\" href=\"https:\/\/reporterre.net\/Agriculture\" rel=\"tag\">Agriculture<\/a><br \/>\n<br \/><br \/>\n<br \/><a href=\"https:\/\/reporterre.net\/L-affaire-Thierry-Morfoisse-victime-des-algues-vertes-sera-rejugee-a-Rennes\" target=\"_blank\"\">Source link <\/a><\/p>\n","protected":false},"excerpt":{"rendered":"<p>L&rsquo;affaire du d\u00e9c\u00e8s de Thierry Morfoisse, chauffeur de camion mort apr\u00e8s avoir transport\u00e9 des algues vertes, va \u00e0 nouveau \u00eatre jug\u00e9e, selon un arr\u00eat de la Cour de cassation rendu&hellip; <\/p>\n","protected":false},"author":1,"featured_media":0,"comment_status":"open","ping_status":"open","sticky":false,"template":"","format":"standard","meta":{"footnotes":""},"categories":[1],"tags":[],"class_list":["post-22259","post","type-post","status-publish","format-standard","hentry","category-non-classe"],"_links":{"self":[{"href":"https:\/\/monde25.info\/index.php\/wp-json\/wp\/v2\/posts\/22259","targetHints":{"allow":["GET"]}}],"collection":[{"href":"https:\/\/monde25.info\/index.php\/wp-json\/wp\/v2\/posts"}],"about":[{"href":"https:\/\/monde25.info\/index.php\/wp-json\/wp\/v2\/types\/post"}],"author":[{"embeddable":true,"href":"https:\/\/monde25.info\/index.php\/wp-json\/wp\/v2\/users\/1"}],"replies":[{"embeddable":true,"href":"https:\/\/monde25.info\/index.php\/wp-json\/wp\/v2\/comments?post=22259"}],"version-history":[{"count":0,"href":"https:\/\/monde25.info\/index.php\/wp-json\/wp\/v2\/posts\/22259\/revisions"}],"wp:attachment":[{"href":"https:\/\/monde25.info\/index.php\/wp-json\/wp\/v2\/media?parent=22259"}],"wp:term":[{"taxonomy":"category","embeddable":true,"href":"https:\/\/monde25.info\/index.php\/wp-json\/wp\/v2\/categories?post=22259"},{"taxonomy":"post_tag","embeddable":true,"href":"https:\/\/monde25.info\/index.php\/wp-json\/wp\/v2\/tags?post=22259"}],"curies":[{"name":"wp","href":"https:\/\/api.w.org\/{rel}","templated":true}]}}