{"id":22260,"date":"2026-01-11T12:22:39","date_gmt":"2026-01-11T11:22:39","guid":{"rendered":"https:\/\/monde25.info\/index.php\/2026\/01\/11\/le-chant-devoye-sagenouiller-et-perir-ou-se-lever-pour-vaincre\/"},"modified":"2026-01-11T12:22:39","modified_gmt":"2026-01-11T11:22:39","slug":"le-chant-devoye-sagenouiller-et-perir-ou-se-lever-pour-vaincre","status":"publish","type":"post","link":"https:\/\/monde25.info\/index.php\/2026\/01\/11\/le-chant-devoye-sagenouiller-et-perir-ou-se-lever-pour-vaincre\/","title":{"rendered":"Le chant d\u00e9voy\u00e9 : S\u2019agenouiller et p\u00e9rir ou se lever pour vaincre"},"content":{"rendered":"<p> <br \/>\n<\/p>\n<div>\n<ol class=\"campaign-loop campaign-list\">\n<li id=\"campaign-482494\" class=\"post-482494 campaign type-campaign status-publish hentry campaign-has-goal campaign-has-achieved-goal campaign-has-end-date campaign-has-not-ended\">\n\t<a target=\"_blank\" href=\"https:\/\/reseauinternational.net\/campaigns\/campagne-de-dons-septembre-octobre-2025\/\"><\/p>\n<h3>Soutenez-nous<\/h3>\n<p>\t\t\t<\/a><\/p>\n<p>\n\tVotre soutien nous est indispensable pour continuer \u00e0 vous fournir le meilleur de l\u2019information internationale alternative. C\u2019est gr\u00e2ce \u00e0 vos dons que nous pourrons maintenir le cap pour une information plurielle et r\u00e9ellement alternative. Nous comptons sur vous.<\/p>\n<\/li>\n<\/ol>\n<p>par <strong>Franceschino Guicciardini<\/strong><\/p>\n<h5 class=\"wp-block-heading\"><strong>1. Constater l\u2019impuissance<\/strong><\/h5>\n<p>Le spectacle de l\u2019impuissance, sans cesse renouvel\u00e9\u0301, est profond\u00e9ment path\u00e9tique.<\/p>\n<p>Depuis un demi-si\u00e8cle que nous observons la vie politique et sociale fran\u00e7aise, nous ne voyons que poulets sans t\u00eate, bras cass\u00e9s et petits int\u00e9r\u00eats cat\u00e9goriels \u2013 sinon purement individuels \u2013 se donner en spectacle.<\/p>\n<p>L\u2019agenouillement de paysans devant les forces de l\u2019ordre est un \u00e9v\u00e9nement majeur.<\/p>\n<p>Ne nous laissons pas aller \u00e0 croire qu\u2019il ne s\u2019agit que d\u2019un \u00e9v\u00e9nement anecdotique durant lequel une poign\u00e9e de na\u00effs se sont ridiculis\u00e9s et ont \u00e9gratign\u00e9 l\u2019histoire de la France en employant \u00e0 contre sens l\u2019hymne national issu des guerres de la grande r\u00e9volution.<\/p>\n<p>Cet agenouillement est le sympt\u00f4me de l\u2019\u00e9tat de d\u00e9labrement moral avanc\u00e9 dans lequel se trouve le peuple de ce pays.<\/p>\n<p><em>Inculture politique<\/em><\/p>\n<p>La croyance au fait que nous vivrions en d\u00e9mocratie, assortie d\u2019une m\u00e9connaissance de ce que signifie le concept (qui n\u2019a jamais entendu la phrase \u00ab<em>Je fais ce qui me pla\u00eet, on est en d\u00e9mocratie<\/em>\u00bb ? !) et les obligations qui en d\u00e9coulent \u00e0 savoir celles de se cultiver politiquement et de s\u2019investir activement dans la vie collective, est le terreau sur lequel poussent les mauvaises herbes du laisser-aller g\u00e9n\u00e9ralis\u00e9 et de l\u2019absence de vouloir-vivre et \u2013 pardon pour le n\u00e9ologisme \u2013 de vouloir-construire collectif. Les soi-disant citoyens ne suivent que les m\u00e9dias aux ordres du pouvoir profond. M\u00e9dias qui leur procurent une pens\u00e9e pr\u00e9-d\u00e9coup\u00e9e qui est une non-pens\u00e9e dont la seule fonction est de l\u00e9gitimer l\u2019\u00e9tat actuel de la soci\u00e9t\u00e9, certainement pas d\u2019aider \u00e0 comprendre le r\u00e9el et encore moins \u00e0 identifier les probl\u00e8mes qui se posent et d\u00e9fricher les solutions possibles.<\/p>\n<p>Qui a lu <em>Le discours sur la servitude volontaire <\/em>de La Bo\u00e9tie ? <em>L\u2019impasse Adam Smith <\/em>de Michea ? <em>La Strat\u00e9gie du choc <\/em>de Naomie Klein ? <em>C\u00e9fran <\/em>de Michel Drac ? Et bien s\u00fbr qui a lu <em>L\u2019art de la guerre <\/em>de Sun-Tzu, parmi nos impayables agriculteurs, infirmi\u00e8res et autres \u00abinsoumis\u00bb fran\u00e7ais ?<\/p>\n<p><em>Incomp\u00e9tence strat\u00e9gique<\/em><\/p>\n<p>Ceci d\u00e9coulant de cela, les Fran\u00e7ais semblent incapables de mettre en place une tactique pour d\u00e9fendre leurs int\u00e9r\u00eats. \u00c0 chaque nouveau conflit social on retrouve les m\u00eames clich\u00e9s de comportement, les m\u00eames man\u0153uvres inutiles (manifestations de rues, blocage des autoroutes, perturbations des transports collectifs, d\u00e9versement de lisiers, etc). Pitoyable th\u00e9\u00e2tre de guignol o\u00f9 le populo vient de lui-m\u00eame prendre sa ration de coup de triques par les cognes auxquels il aura donn\u00e9 si complaisamment rendez-vous.<\/p>\n<p>Le gr\u00e9garisme et l\u2019inefficacit\u00e9 de ce type de lutte sociale est un spectacle fascinant. Comment peut- on passer un demi-si\u00e8cle \u00e0 pratiquer cette forme de \u00ablutte\u00bb aussi path\u00e9tiquement inefficace sans jamais se remettre en question, sans jamais faire preuve d\u2019un peu de cr\u00e9ativit\u00e9 en tentant autre chose, ou bien, si l\u2019imaginaire est bien mort comme le chantait Ferr\u00e9, alors avoir au moins la modestie de s\u2019engager dans la seule voie qui aura jamais fait plier la ploutocratie, celle de la gr\u00e8ve g\u00e9n\u00e9rale ?<\/p>\n<p>Au-del\u00e0, les fran\u00e7ais pourraient s\u2019av\u00e9rer tout aussi incons\u00e9quents et incomp\u00e9tents \u00e0 se d\u00e9fendre si une guerre civile devait \u00e9clater. Victimes expiatoires d\u2019une \u00e9volution civilisationnelle \u00e0 laquelle ils n\u2019auront rien compris.<\/p>\n<p>Le niveau de na\u00efvet\u00e9 actuel est tel pour une large part de la population que l\u2019on a bascul\u00e9 pour ces personnes-l\u00e0 dans la b\u00eatise pure et simple.<\/p>\n<p>Et que dire du flot de commentaires magnifiant les agriculteurs, pr\u00e9disant le grand basculement \u2013 qui n\u2019arrive \u00e9videmment jamais ? Bavardages incessants. Dans 15 jours, rien ne sera r\u00e9gl\u00e9, tout le monde aura oubli\u00e9 les commentaires et les agriculteurs, sauf le pouvoir qui lui pousse m\u00e9thodiquement ses pions.<\/p>\n<p><em>Inconsistance individuelle<\/em><\/p>\n<p>Tout a \u00e9t\u00e9 dit sur l\u2019\u00e9go\u00efsme, le d\u00e9labrement moral, l\u2019absence de courage, d\u2019empathie, de d\u00e9termination, la d\u00e9confiture spirituelle. N\u2019encombrons pas notre discours d\u2019une analyse qui n\u2019est pas \u00e0 sa place dans cet article qui est avant tout un cri d\u2019alarme.<\/p>\n<p>Nous subissons aujourd\u2019hui le r\u00e9sultat de si\u00e8cles d\u2019\u00e9ducation religieuse, \u00e9ducation \u00e0 la soumission, \u00e0 l\u2019infaillibilit\u00e9 de l\u2019\u00e9glise (ou de l\u2019\u00c9tat, ce qui est la m\u00eame chose), \u00e0 la soumission aux pr\u00eatres, aux docteurs et aux politiciens. S\u2019il n\u2019y a plus personne dans les \u00e9glises, c\u2019est parce que le christianisme mou a gagn\u00e9 tous les c\u0153urs et toutes les \u00e2mes. La religion des brebis du seigneur est pour la majorit\u00e9 des d\u00e9christianis\u00e9s un enseignement de soumission et d\u2019abandon, hypocritement camoufl\u00e9 derri\u00e8re une posture de non-violence qui n\u2019est pas celle du sage mais du faible.<\/p>\n<p>R\u00e9sultat aussi de deux si\u00e8cles d\u2019\u00e9ducation r\u00e9publicaine, de broyage des personnalit\u00e9s par l\u2019\u00e9cole \u2013 un peu -, le coll\u00e8ge \u2013 surtout -, et confirm\u00e9 par le rel\u00e2chement pervers du lyc\u00e9e et de l\u2019universit\u00e9 \u00e0 la sortie desquels on l\u00e2che dans la vie de jeunes adultes dont on sait qu\u2019ils ont \u00e9t\u00e9 si mal form\u00e9s qu\u2019ils ne pourront \u00eatre rien d\u2019autre que des pions dans l\u2019organisation du travail capitaliste et des consommateurs jetables de produits frelat\u00e9s. Il faut lire l\u2019incontournable <em>La r\u00e9volution qui vient<\/em>, dont la premi\u00e8re partie dresse un constat terrifiant des ravages du dressage r\u00e9publicain. La seconde partie du livre explore des possibles qui sont autant d\u2019impossibles pour une population \u00e0 ce point d\u00e9truite moralement. Les Fran\u00e7ais contemporains ne sont pas un peuple. Ils sont les petits soldats de leur syst\u00e8me politique. On a pu dire de la Prusse qu\u2019elle \u00e9tait une arm\u00e9e avec un pays, la France r\u00e9publicaine n\u2019est pas une nation, c\u2019est un syst\u00e8me de contr\u00f4le politique avec une population.<\/p>\n<p>R\u00e9sultat enfin d\u2019un demi-si\u00e8cle de consum\u00e9risme, de laisser-aller gauchiste, couronn\u00e9 par la bien pensance woke actuelle et le triomphe des individus de sexe f\u00e9minin qui auront prouv\u00e9 ces derni\u00e8res ann\u00e9es \u00e0 quel point les femelles du singe sont \u00e9gales \u00e0 leurs m\u00e2les en termes d\u2019inculture, d\u2019inintelligence, d\u2019\u00e9go\u00efsme, d\u2019avidit\u00e9, de manque de dignit\u00e9, de vide spirituel, le tout sous le fard et les paillettes de la soci\u00e9t\u00e9 de consommation et de l\u2019auto-promotion de soi.<\/p>\n<h5 class=\"wp-block-heading\"><strong>2. Refuser l\u2019impuissance<\/strong><\/h5>\n<p>Le pitoyable spectacle donn\u00e9 par des agriculteurs, se croyant dignes, chantant la <em>Marseillaise<\/em>, le chant de guerre de l\u2019arm\u00e9e du Rhin, <em>\u00e0 genoux <\/em>devant la milice \u2013 apr\u00e8s, facteur aggravant, avoir tent\u00e9 de flatter cette m\u00eame milice \u00ab<em>nous sommes fiers de notre police, nous sommes fiers de notre gendarmerie<\/em>\u00bb \u2013 a du beaucoup faire rire sous les lambris dor\u00e9s des palais de la r\u00e9publique.<\/p>\n<p>Vous \u00eates fiers de votre gendarmerie ? N\u2019allez pas vous plaindre qu\u2019ils vous cognent sur la gueule, c\u2019est leur boulot. En temps de paix, c\u2019est la seule justification \u00e0 leur existence, cogner les t\u00eates pleines d\u2019eau. \u00c7a fait plouf, c\u2019est rigolo. Et c\u2019est agr\u00e9\u00e9 par la loi. Pourquoi se priver ? En temps de guerre ce sont eux qui emm\u00e8nent les r\u00e9fractaires au peloton d\u2019ex\u00e9cution. C\u2019est leur job. Relisez Genevoix et son bouleversant <em>Ceux de 14<\/em>. Fiers de votre gendarmerie\u2026<\/p>\n<p>Cessez de vous plaindre. Cessez de qu\u00e9mander la justice aupr\u00e8s de vos oppresseurs qui s\u2019en contrefichent de votre justice, et pour cause.<\/p>\n<p>La seule chose que suscite vos pantomimes impuissantes, c\u2019est l\u2019envie de vous insulter. Et que dire des infirmi\u00e8res qui faisaient des selfies avec l\u2019envoy\u00e9 du pouvoir profond venu se payer leur t\u00eate en distribuant de bonnes paroles ?<\/p>\n<p>Cessez de vous coucher devant des promesses qui, on le sait, n\u2019engagent que les imb\u00e9ciles qui y croient.<\/p>\n<p>Cessez de serrer la main de vos ennemis sur le champ de bataille. Vous vous croyez chevaleresques, ils ne le sont pas. Une fois que vous aurez tourn\u00e9 le dos, ils vous saigneront \u00e0 blanc. Et puis ce n\u2019est pas chevaleresque du tout, c\u2019est une pratique de couards, qui respirent de croire avoir \u00e9t\u00e9 entendus, soulag\u00e9s de n\u2019avoir pas \u00e0 se battre apr\u00e8s avoir obtenu de belles paroles\u2026<\/p>\n<p>\u2026alors qu\u2019ils sont potentiellement les plus forts, par le nombre.<\/p>\n<p>Manque l\u2019intelligence des situations, l\u2019intelligence tactique. Et c\u2019est ce manque qui renverse le rapport de force. Le pouvoir, l\u2019argent, le monopole de la violence soi-disant l\u00e9gitime (aucune violence ne l\u2019est) n\u2019y suffirait pas. La force du capitalisme tient \u00e0 la faiblesse des peuples. C\u2019est normal et d\u2019un certain point de vue, c\u2019est moral. La minorit\u00e9 organis\u00e9e disposant des outils du pouvoir et de l\u2019intelligence des situations gagne face \u00e0 la masse couarde, immature, peu cr\u00e9ative, lourde, si lourde, dirait C\u00e9line. La soci\u00e9t\u00e9 des hommes c\u2019est un voyage au bout de la nuit.<\/p>\n<p>Ces pauvres gars qui se sont agenouill\u00e9s devant la milice ont souill\u00e9 l\u2019image de la France et des fran\u00e7ais, ce qui est inadmissible.<\/p>\n<p>Ces gens qui s\u2019agenouillent \u2013 la pire des postures de soumission \u2013 rendent un bien mauvais service \u00e0 ceux de leurs compatriotes qui luttent encore et tentent de le faire dans la dignit\u00e9.<\/p>\n<p>Plus grave, cette poign\u00e9e d\u2019imb\u00e9ciles, par l\u2019acte symbolique fort qu\u2019ils ont commis, mettent en danger les autres fran\u00e7ais.<\/p>\n<p>En danger face \u00e0 un pouvoir qui a re\u00e7u une nouvelle confirmation- s\u2019il en \u00e9tait besoin apr\u00e8s l\u2019affaire Charlie et le Covid \u2013 du niveau de soumission, de l\u2019effondrement intellectuel et de l\u2019incapacit\u00e9 des fran\u00e7ais \u00e0 se d\u00e9fendre. Soyons assur\u00e9s que cette petite d\u00e9monstration biblique va se payer tr\u00e8s cher en terme de r\u00e9pression sociale dans les mois et les ann\u00e9es \u00e0 venir.<\/p>\n<p><strong><em>Non seulement ces agriculteurs ont gravement torpill\u00e9s leur propre cause, mais ils ont gravement affaibli la position de leurs compatriotes qui luttent pour la d\u00e9fense des retraites, de l\u2019h\u00f4pital, de l\u2019\u00e9ducation, du service public, du vouloir-vivre collectif, du redressement du pays<\/em><\/strong>. Nous avons du souci \u00e0 nous faire.<\/p>\n<p>En danger aussi face aux communaut\u00e9s qui partagent aujourd\u2019hui le destin national et ont bien compris que si une guerre civile devait \u00e9clater un jour, ils pourront sans soucis d\u00e9foncer cette populace inconsistante que sont devenus les Fran\u00e7ais de souche.<\/p>\n<p><em>En guise de constat provisoire<\/em><\/p>\n<p>Les paysans qui s\u2019agenouillent devant la police sont le sympt\u00f4me d\u2019un peuple totalement gangren\u00e9 par la d\u00e9composition intellectuelle et morale. Si les paysans qui ont un m\u00e9tier plut\u00f4t rude s\u2019agenouillent, on peut imaginer ce qu\u2019il en sera des m\u00e9trosexuels urbains et autres petits fonctionnaires, quand ils se retrouveront eux aussi \u00e0 la crois\u00e9e des chemins.<\/p>\n<p><strong>Il faut imm\u00e9diatement stopper l\u2019h\u00e9morragie. Faire en sorte que de nouvelles d\u00e9monstrations d\u2019une telle infamie n\u2019aient plus lieu.<\/strong><\/p>\n<p>Il est essentiel de produire rapidement des signaux symboliques forts en d\u00e9savouant fermement ce genre de comportement et en proposant des solutions de lutte privil\u00e9giant dignit\u00e9 et efficacit\u00e9.<\/p>\n<p>Il est vital que le peuple Fran\u00e7ais se mettre enfin sur le chemin d\u2019une d\u00e9fense sociale intelligente face aux exactions de l\u2019\u00c9tat et du capitalisme.<\/p>\n<p>Si un redressement ne voit pas rapidement le jour, la gangr\u00e8ne finira tr\u00e8s vite d\u2019emporter l\u2019ensemble du corps social fran\u00e7ais. Il ne restera qu\u2019\u00e0 s\u2019agenouiller devant le bourreau sous les quolibets de la pl\u00e8be de remplacement venu se distraire dans le circus maximus de la soci\u00e9t\u00e9 du spectacle et de la d\u00e9composition. Dans ce cas de figure, il sera devenu inutile de s\u2019inqui\u00e9ter pour les Fran\u00e7ais contemporains, ils savent faire.<\/p>\n<p>Les solutions existent, encore faut-il avoir l\u2019intelligence de le comprendre et le courage de les porter.<\/p>\n<h5 class=\"wp-block-heading\"><strong>3. Gu\u00e9rir de l\u2019impuissance<\/strong><\/h5>\n<p>Il n\u2019y a que des rapports de force dans la vie. Dans la nature comme en politique. Le faible ne triomphe jamais. \u00ab<em>La lutte est le r\u00e8gne perp\u00e9tuel d\u2019une justice coh\u00e9rente et s\u00e9v\u00e8re, li\u00e9e \u00e0 des lois \u00e9ternelles, conception admirable puis\u00e9e \u00e0 la source la plus pure de la civilisation grecque<\/em>\u00bb \u00e9crivait Nietzsche. Il n\u2019y a pas de fatalit\u00e9 comme le pensent les chr\u00e9tiens qui croient que nous ne serions sur terre que pour souffrir, expier nos fautes, et lorsque l\u2019on n\u2019en trouve pas, expier le p\u00e9ch\u00e9 originel. Explication excellente pour tous les pouvoirs et tous les dominants : \u00ab<em>vous \u00eates pauvres parce que le <\/em><em>\u00abbon\u00bb dieu l\u2019a voulu ainsi, nous sommes riches parce que nous le m\u00e9ritons<\/em>\u00bb. Cette vision des choses si pratique est \u00e9videmment fausse, mais rec\u00e8le tout de m\u00eame une petite v\u00e9rit\u00e9 : la faiblesse r\u00e9sulte en partie seulement d\u2019un h\u00e9ritage, g\u00e9n\u00e9tique, social, culturel. Elle se conforte par les mauvais choix qu\u2019un individu, une corporation, une soci\u00e9t\u00e9 font durant la dur\u00e9e de leur existence.<\/p>\n<p>Si les agriculteurs cr\u00e8vent ce n\u2019est pas seulement \u00e0 cause du Mercosur, de Bruxelles ou du gouvernement fran\u00e7ais. Certes, ils sont les principes actifs de la destruction du tissu \u00e9conomique national, mais ces principes ne sont pleinement actifs que parce que rien n\u2019est fait pour les emp\u00eacher v\u00e9ritablement d\u2019agir.<\/p>\n<p>Un demi-si\u00e8cle que nous voyons les agriculteurs d\u00e9verser du lisier devant les portes des sous- pr\u00e9fectures ou bloquer les autoroutes avec leurs tracteurs. Cela ne sert \u00e0 rien.<\/p>\n<p>Les agriculteurs cr\u00e8vent parce qu\u2019ils ne font pas ce qu\u2019il faut pour se d\u00e9fendre efficacement des exactions du capitalisme soutenu par le pouvoir de l\u2019\u00c9tat. Il arrive que l\u2019on prenne des risques calcul\u00e9s, que l\u2019on fasse \u00abce qu\u2019il faut\u00bb et que l\u2019on perde la bataille. C\u2019est la vie. Mais quand on perd batailles sur batailles et que notre situation se d\u00e9grade sans cesse, c\u2019est que l\u2019on ne fait pas ce qu\u2019il faudrait faire pour s\u2019en sortir. Notre \u00e9chec est de notre responsabilit\u00e9. Holderlin disait que \u00ab<em>l\u00e0 o\u00f9 croit le p\u00e9ril, croit aussi ce qui en sauve<\/em>\u00bb. Encore faut-il disposer d\u2019un minimum de lucidit\u00e9 tactique.<\/p>\n<p>Le capitalisme n\u2019a jamais recul\u00e9 que devant la gr\u00e8ve g\u00e9n\u00e9rale. Est-elle encore possible aujourd\u2019hui en cette \u00e9poque de d\u00e9sindustrialisation, de capitalisme hors-sol et de financiarisation de la source de richesse ? Probablement plus comme moyen de pression direct : \u00ab<em>vous acc\u00e9dez \u00e0 nos revendications \u2013 <\/em>en g\u00e9n\u00e9ral salariales et touchant \u00e0 la qualit\u00e9 du travail \u2013 <em>sinon nous bloquons la production, nous bloquons le pays<\/em>\u00bb ; mais indirect : la cause touche \u00e0 l\u2019int\u00e9r\u00eat sup\u00e9rieur g\u00e9n\u00e9ral, les Fran\u00e7ais soutiennent cette cause et la feront triompher par le nombre, la constance, l\u2019intelligence de leurs votes futurs \u2013 intelligence rendu cr\u00e9dible par leur union pour la d\u00e9fense des causes communes, nous allons y revenir \u2013 le refus d\u2019\u00eatre l\u00e0 o\u00f9 ils sont attendus (c.a.d. dans l\u2019aveuglement et la manipulation), la d\u00e9sob\u00e9issance civile coordonn\u00e9e, enfin <em>l\u2019imagination<\/em>, ch\u00e8re \u00e0 Raoul Vanegeim, auteur majeur, si peu lu et si peu compris.<\/p>\n<p>Comme l\u2019\u00e9crivait Georges Sorel dans <em>Les r\u00e9flexions sur la violence<\/em>, \u00ab<em>La gr\u00e8ve g\u00e9n\u00e9rale doit \u00eatre con\u00e7ue comme Napol\u00e9on concevait ses bataille<\/em>s\u00bb.<\/p>\n<p>Belles paroles d\u2019intellectuel en chambre ?<\/p>\n<p>Voyons la pratique. Si simple, si \u00e9vidente.<\/p>\n<p>Les agriculteurs manifestent pour pr\u00e9server leur activit\u00e9 mise en danger par l\u2019ouverture lib\u00e9rale des march\u00e9s alimentaires ? L\u2019agriculture n\u2019est pas un sport d\u00e9mod\u00e9 pratiqu\u00e9 par une poign\u00e9e de fid\u00e8les r\u00e9trogrades, mais le socle de la production alimentaire. Pour manger, se nourrir, vivre.<\/p>\n<p>Petit apart\u00e9 : \u00e0 notre \u00e9poque d\u2019ignares pr\u00e9tentieux et d\u2019hypocrisie g\u00e9n\u00e9ralis\u00e9e, il faut sans cesse tout expliquer, m\u00eame \u2013 surtout\u2026 \u2013 ce qui est \u00e9vident. Mettre sans cesse les points sur les i. Comme quoi s\u2019il est encore possible de se trouver un d\u00e9nominateur commun pour justifier de nos l\u00e2chet\u00e9s et de notre b\u00eatise, il devrait \u00eatre possible de trouver un d\u00e9nominateur commun pour agir\u2026<\/p>\n<p>La question agricole nous concerne tous. C\u2019est une \u00e9vidence. Tout le monde bouffe, n\u2019est-ce pas ?<\/p>\n<p>Pourquoi les agriculteurs ne sont-ils pas soutenus par les autres corporations ?<\/p>\n<p>Pourquoi les infirmi\u00e8res ne sont-elles pas soutenues par les autres corporations quand elles se mobilisent pour leurs conditions de travail qui sont aussi les conditions de prise en charge des malades ?<\/p>\n<p>Les infirmi\u00e8res sont capables de s\u2019organiser pour d\u00e9fendre leurs conditions de travail. Les agriculteurs capables de se coordonner pour balancer leurs lisiers sur les murs des sous pr\u00e9fectures. Les camionneurs de bloquer les autoroutes. Ils n\u2019ont pas besoin des mots d\u2019ordre des grandes centrales syndicales aux dirigeants corrompus. Pourquoi ne se mobilisent-ils, tous et toutes, que pour leurs int\u00e9r\u00eats \u00e9go\u00efstes \u00e0 courte vue ? Enseignants, cheminots, fonctionnaires, pompiers, marins p\u00eacheurs, etc. Pourquoi ne se mobilisent-ils jamais pour soutenir les autres corporations d\u00e8s lors que le probl\u00e8me pos\u00e9 touche \u00e0 l\u2019int\u00e9r\u00eat de tous ?<\/p>\n<p>Pourquoi cette id\u00e9e si simple n\u2019est-elle jamais formul\u00e9e, \u00e9tudi\u00e9e, mise \u00e0 l\u2019\u00e9preuve ?<\/p>\n<p>Dans son livre <em>Pour l\u2019abolition de la soci\u00e9t\u00e9 marchande. Pour une soci\u00e9t\u00e9 vivante<\/em>, Vaneigeim se d\u00e9sole de l\u2019incapacit\u00e9 cr\u00e9atrice des populations.<strong> <\/strong>Avoir la solution \u00e0 port\u00e9e de la main et ne pas le comprendre.<\/p>\n<p>On a tous besoin de manger, n\u2019est ce pas ? On est tous heureux d\u2019\u00eatre soign\u00e9 correctement \u00e0 l\u2019h\u00f4pital, nous semble-t-il ? On a tous besoin de recevoir les biens de consommations qui nous sont utiles dans nos magasins de d\u00e9tails ? On a envie que nos enfants re\u00e7oivent une bonne \u00e9ducation, que nos anciens \u2013 que nous serons tous un jour, et plus rapidement que ne le pensent les trentenaires immatures donneurs de le\u00e7on qui pullulent aujourd\u2019hui sur Internet, dans la presse et dans la politique \u2013 soient pris en charge d\u2019une mani\u00e8re d\u00e9cente, touchent des retraites correctes ? Et ainsi de suite pour tous les domaines touchant aux int\u00e9r\u00eats g\u00e9n\u00e9raux et communs \u00e0 TOUS les individus, \u00e0 tous les \u00e9go\u00efsmes.<\/p>\n<p><strong>Quand une corporation se mobilise pour d\u00e9fendre des int\u00e9r\u00eats qui touchent \u00e0 l\u2019int\u00e9r\u00eat g\u00e9n\u00e9ral, toutes les autres corporations devraient les soutenir en se mobilisant \u00e0 leur tour.<\/strong><\/p>\n<p>Il s\u2019agit de produire un effet de masse. Les dirigeants verrouillent leur pouvoir par le r\u00e9gime parlementaire qui permet \u00e0 la ploutocratie de tenir les r\u00eanes derri\u00e8re une vitrine faussement d\u00e9mocratique, d\u00e9mocratie qui est de toute fa\u00e7on, par essence, une machine \u00e0 produire de la m\u00e9diocrit\u00e9. L\u2019effet de masse peut d\u00e9border le cadre de cette pseudo d\u00e9mocratie. De v\u00e9ritables concessions, une v\u00e9ritable prise en compte des probl\u00e8mes de tous pourrait subitement advenir dans les esprits confis d\u2019\u00e9go\u00efsme clanique de nos dirigeants, d\u00e8s lors que le rapport de force n\u2019est plus exclusivement en leur faveur. Sans violence, sans r\u00e9volution. Par la pression de millions de m\u00e8tres cubes d\u2019eau qui poussent sur le barrage qui se fissure. Pas besoin d\u2019explosif. Pas besoin d\u2019exactions. Juste l\u2019application d\u2019un v\u00e9ritable rapport de force : la masse du peuple fait comprendre par son engagement et sa d\u00e9termination qu\u2019elle veut une politique au service du bien commun, la minorit\u00e9 n\u2019a pas \u00e0 s\u2019y opposer.<\/p>\n<h5 class=\"wp-block-heading\"><strong>Conclusion<\/strong><\/h5>\n<p>Il n\u2019est que des rapports de force dans la vie.<br \/>Ce sont les rapports de force <em>intelligents <\/em>qui permettent le succ\u00e8s.<\/p>\n<p>Il ne sert \u00e0 rien d\u2019aller manifester en cohorte dans les rues pour aller se faire casser la gueule par la police.<\/p>\n<p>Il ne sert \u00e0 rien d\u2019apporter son soutien oral et moral en cliquant sous une vid\u00e9o ou en postant du fond de ses charentaises des \u00ab<em>on ne l\u00e2che rien<\/em>\u00bb virils.<\/p>\n<p>Il ne sert \u00e0 rien de s\u2019indigner \u00e0 longueur de colonnes, de stigmatiser l\u2019autre, le m\u00e9chant, l\u2019arabe, le juif, le russe, et de ne jamais rien proposer en termes de solutions concr\u00e8tes.<\/p>\n<p>Seule l\u2019action au pr\u00e9sent change les choses. Alain voyait dans l\u2019action et l\u2019industrie (au sens de l\u2019agir naturellement\u2026) la solution \u00e0 tous les probl\u00e8mes, qu\u2019ils soient de sant\u00e9 ou politiques.<\/p>\n<p>Bonne nouvelle pour nos contemporains, il n\u2019est m\u00eame pas besoin de courage pour cela. Il suffit d\u2019y travailler et de faire preuve de capacit\u00e9s organisatrices. Certes les syndicats ont trahi les peuples, mais il n\u2019est pas besoin des institutions corrompues pour s\u2019organiser par ailleurs. Il faut r\u00e9aliser les choses par soi-m\u00eame sans attendre que les autres fassent le boulot \u00e0 notre place. Les syndicats n\u2019existent plus en tant qu\u2019institutions de d\u00e9fense des travailleurs. Ce ne sont que des ascenseurs<\/p>\n<p>sociaux parmi d\u2019autres au service d\u2019une pseudo \u00e9lite de dirigeants. Bien. Il suffit d\u2019en prendre acte et de passer \u00e0 autre chose.<\/p>\n<p>De toute fa\u00e7on, ils n\u2019en ont pas plus en face, du courage. Sans leurs flics et leurs juges, ils ne sont rien. M\u00eame leur pognon ne sert \u00e0 rien.<\/p>\n<p><strong>Quand une corporation se mobilise pour d\u00e9fendre des int\u00e9r\u00eats qui touchent \u00e0 l\u2019int\u00e9r\u00eat g\u00e9n\u00e9ral, toutes les autres corporations doivent les soutenir en se mobilisant \u00e0 leur tour.<\/strong><\/p>\n<p>Imagination. Solidarit\u00e9. Intelligence. Comprenne qui pourra, comprenne qui voudra.<\/p>\n<p><em>Photo d\u2019illustration : D\u00e9tail du \u00abD\u00e9part des volontaires de 1792\u00bb dit \u00abLa Marseillaise\u00bb par Fran\u00e7ois Rude<\/em><\/p>\n<div class=\"sharedaddy sd-block sd-like jetpack-likes-widget-wrapper jetpack-likes-widget-unloaded\" id=\"like-post-wrapper-237719536-505249-69638443b51e6\" data-src=\"https:\/\/widgets.wp.com\/likes\/?ver=15.2#blog_id=237719536&amp;post_id=505249&amp;origin=reseauinternational.net&amp;obj_id=237719536-505249-69638443b51e6\" data-name=\"like-post-frame-237719536-505249-69638443b51e6\" data-title=\"Aimer ou rebloguer\">\n<h3 class=\"sd-title\">J\u2019aime \u00e7a\u00a0:<\/h3>\n<p><span class=\"button\"><span>J\u2019aime<\/span><\/span> <span class=\"loading\">chargement\u2026<\/span><\/p>\n<p><span class=\"sd-text-color\"\/><a target=\"_blank\" class=\"sd-link-color\"\/><\/div>\n<p><meta itemscope=\"\" itemprop=\"mainEntityOfPage\" itemtype=\"https:\/\/schema.org\/WebPage\" itemid=\"https:\/\/reseauinternational.net\/le-chant-devoye-sagenouiller-et-perir-ou-se-lever-pour-vaincre\/\"\/><meta itemprop=\"headline\" content=\"Le chant d\u00e9voy\u00e9 : S\u2019agenouiller et p\u00e9rir ou se lever pour vaincre\"\/><span style=\"display: none;\" itemprop=\"author\" itemscope=\"\" itemtype=\"https:\/\/schema.org\/Person\"><meta itemprop=\"name\" content=\"R\u00e9seau International\"\/><\/span><span style=\"display: none;\" itemprop=\"image\" itemscope=\"\" itemtype=\"https:\/\/schema.org\/ImageObject\"><meta itemprop=\"url\" content=\"https:\/\/i0.wp.com\/reseauinternational.net\/wp-content\/uploads\/2026\/01\/20.jpg?fit=800%2C467&amp;ssl=1\"\/><meta itemprop=\"width\" content=\"800\"\/><meta itemprop=\"height\" content=\"467\"\/><\/span><span style=\"display: none;\" itemprop=\"publisher\" itemscope=\"\" itemtype=\"https:\/\/schema.org\/Organization\"><span style=\"display: none;\" itemprop=\"logo\" itemscope=\"\" itemtype=\"https:\/\/schema.org\/ImageObject\"><meta itemprop=\"url\" content=\"https:\/\/reseauinternational.net\/wp-content\/uploads\/2022\/06\/Capture-de\u0301cran-2022-06-14-a\u0300-16.51.07.png\"\/><\/span><meta itemprop=\"name\" content=\"R\u00e9seau International\"\/><\/span><meta itemprop=\"datePublished\" content=\"2026-01-11T11:24:03+00:00\"\/><meta itemprop=\"dateModified\" content=\"2026-01-11T11:24:21+00:00\"\/><\/div>\n<p><br \/>\n<br \/><a href=\"https:\/\/reseauinternational.net\/le-chant-devoye-sagenouiller-et-perir-ou-se-lever-pour-vaincre\/\" target=\"_blank\"\">Source link <\/a><\/p>\n","protected":false},"excerpt":{"rendered":"<p>Soutenez-nous Votre soutien nous est indispensable pour continuer \u00e0 vous fournir le meilleur de l\u2019information internationale alternative. C\u2019est gr\u00e2ce \u00e0 vos dons que nous pourrons maintenir le cap pour une&hellip; <\/p>\n","protected":false},"author":1,"featured_media":22261,"comment_status":"open","ping_status":"open","sticky":false,"template":"","format":"standard","meta":{"footnotes":""},"categories":[1],"tags":[],"class_list":["post-22260","post","type-post","status-publish","format-standard","has-post-thumbnail","hentry","category-non-classe"],"_links":{"self":[{"href":"https:\/\/monde25.info\/index.php\/wp-json\/wp\/v2\/posts\/22260","targetHints":{"allow":["GET"]}}],"collection":[{"href":"https:\/\/monde25.info\/index.php\/wp-json\/wp\/v2\/posts"}],"about":[{"href":"https:\/\/monde25.info\/index.php\/wp-json\/wp\/v2\/types\/post"}],"author":[{"embeddable":true,"href":"https:\/\/monde25.info\/index.php\/wp-json\/wp\/v2\/users\/1"}],"replies":[{"embeddable":true,"href":"https:\/\/monde25.info\/index.php\/wp-json\/wp\/v2\/comments?post=22260"}],"version-history":[{"count":0,"href":"https:\/\/monde25.info\/index.php\/wp-json\/wp\/v2\/posts\/22260\/revisions"}],"wp:featuredmedia":[{"embeddable":true,"href":"https:\/\/monde25.info\/index.php\/wp-json\/wp\/v2\/media\/22261"}],"wp:attachment":[{"href":"https:\/\/monde25.info\/index.php\/wp-json\/wp\/v2\/media?parent=22260"}],"wp:term":[{"taxonomy":"category","embeddable":true,"href":"https:\/\/monde25.info\/index.php\/wp-json\/wp\/v2\/categories?post=22260"},{"taxonomy":"post_tag","embeddable":true,"href":"https:\/\/monde25.info\/index.php\/wp-json\/wp\/v2\/tags?post=22260"}],"curies":[{"name":"wp","href":"https:\/\/api.w.org\/{rel}","templated":true}]}}