{"id":22266,"date":"2026-01-11T14:01:50","date_gmt":"2026-01-11T13:01:50","guid":{"rendered":"https:\/\/monde25.info\/index.php\/2026\/01\/11\/nous-sommes-en-train-de-choisir-les-seniors-contre-les-jeunes-alerte-le-patron-de-la-banque-de-france-rt-en-francais\/"},"modified":"2026-01-11T14:01:50","modified_gmt":"2026-01-11T13:01:50","slug":"nous-sommes-en-train-de-choisir-les-seniors-contre-les-jeunes-alerte-le-patron-de-la-banque-de-france-rt-en-francais","status":"publish","type":"post","link":"https:\/\/monde25.info\/index.php\/2026\/01\/11\/nous-sommes-en-train-de-choisir-les-seniors-contre-les-jeunes-alerte-le-patron-de-la-banque-de-france-rt-en-francais\/","title":{"rendered":"\u00abNous sommes en train de choisir les seniors contre les jeunes\u00bb, alerte le patron de la Banque de France \u2014 RT en fran\u00e7ais"},"content":{"rendered":"<p> <br \/>\n<br \/><img decoding=\"async\" src=\"https:\/\/mf.b37mrtl.ru\/french\/images\/2026.01\/thumbnail\/6963967d87f3ec33f242ab1d.jpg\" \/><\/p>\n<div>\n<p class=\"text__summary\">\n                                        Fran\u00e7ois Villeroy de Galhau a de nouveau mis en garde contre \u00abun \u00e9touffement\u00bb du pays si le d\u00e9ficit budg\u00e9taire n\u2019\u00e9tait pas r\u00e9duit. Appelant \u00e0 trouver un \u00abvrai compromis\u00bb, le gouverneur de la Banque de France a jug\u00e9 \u00abtr\u00e8s important qu&rsquo;il y ait un budget pour 2026\u00bb avec un d\u00e9ficit public \u00ab\u00e0 maximum 5% du PIB\u00bb.\n                                    <\/p>\n<p>\u00ab\u00a0Il y a un \u00e9touffement g\u00e9n\u00e9rationnel d\u2019une certaine fa\u00e7on. L\u00e0, nous sommes en train de choisir les seniors \u2013 dont je fais partie au passage \u2013 contre les jeunes, parce qu\u2019on fait plus de d\u00e9penses de retraite et plus de d\u00e9ficit\u00a0\u00bb, <a target=\"_blank\" href=\"https:\/\/www.radiofrance.fr\/franceinter\/podcasts\/on-n-arrete-pas-l-eco\/on-n-arrete-pas-l-eco-du-samedi-10-janvier-2026-4509267\">a d\u00e9clar\u00e9<\/a> le 10 janvier sur France Inter le gouverneur de la Banque de France, Fran\u00e7ois Villeroy de Galhau.<\/p>\n<p>\u00ab\u00a0On transf\u00e8re la facture \u00e0 la g\u00e9n\u00e9ration suivante. \u00c7a ne peut pas durer comme \u00e7a\u00a0\u00bb, a ajout\u00e9 le haut fonctionnaire le mieux r\u00e9mun\u00e9r\u00e9 de France, assurant que \u00ab\u00a0nos voisins europ\u00e9ens\u00a0\u00bb auraient \u00ab\u00a0tous r\u00e9ussi\u00a0\u00bb \u00e0 corriger le tir. \u00ab\u00a0Cela suppose une condition\u00a0\u00bb, a-t-il pr\u00e9cis\u00e9 \u00ab\u00a0c\u2019est qu\u2019\u00e0 un moment on sorte des postures, des querelles, du spectacle et on trouve de vrais compromis\u00a0\u00bb.<\/p>\n<p>\u00ab\u00a0Si je dois r\u00e9sumer, il faut la stabilisation des d\u00e9penses et une sagesse sur les imp\u00f4ts\u00a0\u00bb. \u00c0 ce titre, Fran\u00e7ois Villeroy de Galhau a point\u00e9 du doigt les d\u00e9penses \u00ab\u00a0c\u00f4t\u00e9 \u00c9tat\u00a0\u00bb qui sont \u00ab\u00a0les plus \u00e9lev\u00e9es du monde\u00a0\u00bb et de \u00ab\u00a0reconnaitre que nous n\u2019avons plus d\u2019argent, pour baisser les imp\u00f4ts\u00a0\u00bb. \u00ab\u00a0Arr\u00eatons de jouer avec l\u2019imp\u00f4t\u00a0\u00bb, a-t-il soulign\u00e9\u00a0\u00ab\u00a0la cr\u00e9ativit\u00e9 fiscale est tr\u00e8s n\u00e9gative pour le moral des entrepreneurs et du coup pour la confiance \u00e9conomique\u00a0\u00bb.<\/p>\n<h2>\u00ab\u00a0La France risque un \u00e9touffement \u00e0 plusieurs dimensions\u00a0\u00bb<\/h2>\n<p>Interrog\u00e9 sur la situation politique en France, alors qu\u2019une nouvelle dissolution de l\u2019Assembl\u00e9e nationale pourrait survenir durant ce quinquennat d\u2019Emmanuel Macron, Fran\u00e7ois Villeroy de Galhau a notamment jug\u00e9 \u00ab\u00a0tr\u00e8s important qu&rsquo;il y ait un budget pour 2026\u00a0\u00bb avec un d\u00e9ficit public \u00ab\u00a0\u00e0 maximum 5\u00a0% du PIB\u00bb pour ne pas se mettre \u00ab\u00a0dans la zone rouge de danger\u00a0\u00bb. Une r\u00e9duction \u00e0 ses yeux \u00ab\u00a0indispensable\u00a0\u00bb vis-\u00e0-vis des march\u00e9s, et qui est selon lui \u00ab\u00a0encore atteignable\u00a0\u00bb.<\/p>\n<p>Le haut fonctionnaire fran\u00e7ais a mis en garde contre une \u00e9ventuelle \u00ab\u00a0correction brutale\u00bb \u00e0 l\u2019endroit de la France de la part des march\u00e9s financiers, soulignant que ces derniers n\u2019ont pas un \u00ab\u00a0fonctionnement lin\u00e9aire\u00a0\u00bb et qu\u2019il peut y avoir un \u00ab\u00a0calme apparent pendant plusieurs mois\u00a0\u00bb.\u00a0<\/p>\n<p>Fran\u00e7ois Villeroy de Galhau a notamment point\u00e9 du doigt l\u2019environnement g\u00e9opolitique \u00ab\u00a0extr\u00eamement incertain\u00a0\u00bb. Selon lui, le pays\u00a0ne risque pas la faillite, \u00ab mais la France\u00a0risque un \u00e9touffement \u00e0 plusieurs dimensions\u00a0\u00bb, \u00e0 savoir \u00ab\u00a0budg\u00e9taire\u00a0\u00bb \u2013 via la charge de la dette \u2013 \u00ab\u00a0\u00e9conomique\u00a0\u00bb et \u00ab\u00a0g\u00e9n\u00e9rationnel\u00a0\u00bb.<\/p>\n<p>Cet avertissement quant \u00e0 la situation budg\u00e9taire du pays, venant de la part de Fran\u00e7ois Villeroy de Galhau, n\u2019est pas le premier. \u00ab\u00a0Notre pays n\u2019est pas menac\u00e9 de faillite, mais d\u2019<a target=\"_blank\" href=\"https:\/\/francais.rt.com\/france\/126730-france-menacee-etouffement-progressif-alerte\">\u00e9touffement progressif<\/a> \u00bb, avait-il d\u00e9clar\u00e9 fin octobre au lendemain du \u00ab\u00a0maintien\u00a0\u00bb par l\u2019agence am\u00e9ricaine Moody\u2019s de la note de la France.<\/p>\n<\/div>\n<p><br \/>\n<br \/><a href=\"https:\/\/francais.rt.com\/france\/129285-deficit-crise-budgetaire-seniors-jeunes\" target=\"_blank\"\">Source link <\/a><\/p>\n","protected":false},"excerpt":{"rendered":"<p>Fran\u00e7ois Villeroy de Galhau a de nouveau mis en garde contre \u00abun \u00e9touffement\u00bb du pays si le d\u00e9ficit budg\u00e9taire n\u2019\u00e9tait pas r\u00e9duit. Appelant \u00e0 trouver un \u00abvrai compromis\u00bb, le gouverneur&hellip; <\/p>\n","protected":false},"author":1,"featured_media":22267,"comment_status":"open","ping_status":"open","sticky":false,"template":"","format":"standard","meta":{"footnotes":""},"categories":[1],"tags":[],"class_list":["post-22266","post","type-post","status-publish","format-standard","has-post-thumbnail","hentry","category-non-classe"],"_links":{"self":[{"href":"https:\/\/monde25.info\/index.php\/wp-json\/wp\/v2\/posts\/22266","targetHints":{"allow":["GET"]}}],"collection":[{"href":"https:\/\/monde25.info\/index.php\/wp-json\/wp\/v2\/posts"}],"about":[{"href":"https:\/\/monde25.info\/index.php\/wp-json\/wp\/v2\/types\/post"}],"author":[{"embeddable":true,"href":"https:\/\/monde25.info\/index.php\/wp-json\/wp\/v2\/users\/1"}],"replies":[{"embeddable":true,"href":"https:\/\/monde25.info\/index.php\/wp-json\/wp\/v2\/comments?post=22266"}],"version-history":[{"count":0,"href":"https:\/\/monde25.info\/index.php\/wp-json\/wp\/v2\/posts\/22266\/revisions"}],"wp:featuredmedia":[{"embeddable":true,"href":"https:\/\/monde25.info\/index.php\/wp-json\/wp\/v2\/media\/22267"}],"wp:attachment":[{"href":"https:\/\/monde25.info\/index.php\/wp-json\/wp\/v2\/media?parent=22266"}],"wp:term":[{"taxonomy":"category","embeddable":true,"href":"https:\/\/monde25.info\/index.php\/wp-json\/wp\/v2\/categories?post=22266"},{"taxonomy":"post_tag","embeddable":true,"href":"https:\/\/monde25.info\/index.php\/wp-json\/wp\/v2\/tags?post=22266"}],"curies":[{"name":"wp","href":"https:\/\/api.w.org\/{rel}","templated":true}]}}