{"id":2227,"date":"2024-12-15T06:12:38","date_gmt":"2024-12-15T05:12:38","guid":{"rendered":"https:\/\/monde25.info\/index.php\/2024\/12\/15\/la-turquie-propose-sa-mediation-avec-les-emirats-arabes-unis-rt-en-francais\/"},"modified":"2024-12-15T06:12:38","modified_gmt":"2024-12-15T05:12:38","slug":"la-turquie-propose-sa-mediation-avec-les-emirats-arabes-unis-rt-en-francais","status":"publish","type":"post","link":"https:\/\/monde25.info\/index.php\/2024\/12\/15\/la-turquie-propose-sa-mediation-avec-les-emirats-arabes-unis-rt-en-francais\/","title":{"rendered":"la Turquie propose sa m\u00e9diation avec les \u00c9mirats arabes unis \u2014 RT en fran\u00e7ais"},"content":{"rendered":"<p> <br \/>\n<br \/><img decoding=\"async\" src=\"https:\/\/mf.b37mrtl.ru\/french\/images\/2024.12\/thumbnail\/675d907d6f7ccc2512763260.jpg\" \/><\/p>\n<div>\n<p class=\"text__summary\">\n                                        Sur la lanc\u00e9e d\u2019un accord de r\u00e9conciliation entre l&rsquo;\u00c9thiopie et la Somalie, d\u00e9croch\u00e9 r\u00e9cemment sous m\u00e9diation turque, Recep Tayyip Erdogan a propos\u00e9 la m\u00e9diation de la Turquie entre le chef de l\u2019arm\u00e9e soudanaise et les \u00c9mirats arabes unis en vue de r\u00e9soudre le conflit au Soudan.\n                                    <\/p>\n<p>Le bureau du\u00a0pr\u00e9sident turc <a target=\"_blank\" href=\"https:\/\/x.com\/trpresidency\/status\/1867527225823629569\" target=\"_blank\" rel=\"noopener noreferrer\">a annonc\u00e9<\/a> le 13 d\u00e9cembre que\u00a0Recep Tayyip Erdogan s&rsquo;\u00e9tait\u00a0entretenu avec le chef de l\u2019arm\u00e9e soudanaise Abdel Fattah al-Burhan. Un\u00a0appel au cours duquel\u00a0le pr\u00e9sident turc a propos\u00e9 la m\u00e9diation\u00a0d&rsquo;Ankara afin de r\u00e9soudre les diff\u00e9rends entre le Soudan et les \u00c9mirats arabes unis et \u00e9tablir la paix dans ce pays africain ravag\u00e9 par la guerre civile.<\/p>\n<p>Le gouvernement soudanais, dirig\u00e9 par le g\u00e9n\u00e9ral al-Burhan, accuse les \u00c9mirats arabes unis de fournir des armes et un soutien financier \u00e0 la force paramilitaire rivale du g\u00e9n\u00e9ral Mohamed Hamdane Dagalo et d\u2019\u0153uvrer \u00e0 prolonger le conflit au Soudan. Abou Dabi, rejetant ces accusations, reproche de son c\u00f4t\u00e9 au chef militaire de refuser de n\u00e9gocier la paix avec son ennemi.<\/p>\n<p>Cit\u00e9 par ses services, le dirigeant turc a soulign\u00e9 l&rsquo;int\u00e9r\u00eat de son pays pour \u00abl&rsquo;unit\u00e9 et la stabilit\u00e9\u00bb du Soudan, ainsi que la \u00abpr\u00e9servation de son int\u00e9grit\u00e9 territoriale et de sa souverainet\u00e9\u00bb, affirmant que la Turquie continuerait \u00e0 soutenir le peuple soudanais \u00abpar tous les moyens \u00e0 sa disposition\u00bb, y compris l\u2019aide humanitaire fournie \u00e0 la population touch\u00e9e.<\/p>\n<h2>Soudan : plus de 23 000 morts, selon l&rsquo;ONU<\/h2>\n<p>De son c\u00f4t\u00e9, le chef militaire soudanais, cit\u00e9 par un communiqu\u00e9 de l\u2019arm\u00e9e, a d\u00e9clar\u00e9 avoir \u00abhautement appr\u00e9ci\u00e9\u00bb le soutien de la Turquie et \u00abses efforts pour assurer la paix et la stabilit\u00e9 dans la r\u00e9gion\u00bb, louant le \u00absucc\u00e8s\u00bb du pr\u00e9sident du pays dans la \u00abr\u00e9solution\u00bb des probl\u00e8mes mondiaux et r\u00e9gionaux, notamment du dossier syrien, d\u2019apr\u00e8s ses dires.<\/p>\n<p>Cette offre de m\u00e9diation de la Turquie dans le conflit au Soudan intervient\u00a0deux jours seulement apr\u00e8s l&rsquo;annonce par le\u00a0pr\u00e9sident Erdogan d&rsquo;un accord de r\u00e9conciliation entre l&rsquo;\u00c9thiopie et la Somalie, apr\u00e8s des mois de tensions provoqu\u00e9es par la signature d&rsquo;un protocole d&rsquo;accord entre Addis-Abeba et la r\u00e9gion s\u00e9paratiste somalienne du Somaliland pour un acc\u00e8s \u00e0 la mer.<\/p>\n<p>Le Soudan est plong\u00e9 depuis avril 2023 dans une guerre civile opposant les Forces arm\u00e9es soudanaises, dirig\u00e9es par le g\u00e9n\u00e9ral Abdel Fattah al-Burhan, aux Forces de soutien rapide du g\u00e9n\u00e9ral Mohamed Hamdane Dagalo. Ce conflit a fait au moins 23 000 morts et 33 000 bless\u00e9s, annon\u00e7ait l&rsquo;ONU en septembre,\u00a0provoquant une crise humanitaire majeure.<\/p>\n<\/div>\n<p><br \/>\n<br \/><a href=\"https:\/\/francais.rt.com\/afrique\/115363-guerre-civile-soudan-turquie-propose\" target=\"_blank\"\">Source link <\/a><\/p>\n","protected":false},"excerpt":{"rendered":"<p>Sur la lanc\u00e9e d\u2019un accord de r\u00e9conciliation entre l&rsquo;\u00c9thiopie et la Somalie, d\u00e9croch\u00e9 r\u00e9cemment sous m\u00e9diation turque, Recep Tayyip Erdogan a propos\u00e9 la m\u00e9diation de la Turquie entre le chef&hellip; <\/p>\n","protected":false},"author":1,"featured_media":2228,"comment_status":"open","ping_status":"open","sticky":false,"template":"","format":"standard","meta":{"footnotes":""},"categories":[1],"tags":[],"class_list":["post-2227","post","type-post","status-publish","format-standard","has-post-thumbnail","hentry","category-non-classe"],"_links":{"self":[{"href":"https:\/\/monde25.info\/index.php\/wp-json\/wp\/v2\/posts\/2227","targetHints":{"allow":["GET"]}}],"collection":[{"href":"https:\/\/monde25.info\/index.php\/wp-json\/wp\/v2\/posts"}],"about":[{"href":"https:\/\/monde25.info\/index.php\/wp-json\/wp\/v2\/types\/post"}],"author":[{"embeddable":true,"href":"https:\/\/monde25.info\/index.php\/wp-json\/wp\/v2\/users\/1"}],"replies":[{"embeddable":true,"href":"https:\/\/monde25.info\/index.php\/wp-json\/wp\/v2\/comments?post=2227"}],"version-history":[{"count":0,"href":"https:\/\/monde25.info\/index.php\/wp-json\/wp\/v2\/posts\/2227\/revisions"}],"wp:featuredmedia":[{"embeddable":true,"href":"https:\/\/monde25.info\/index.php\/wp-json\/wp\/v2\/media\/2228"}],"wp:attachment":[{"href":"https:\/\/monde25.info\/index.php\/wp-json\/wp\/v2\/media?parent=2227"}],"wp:term":[{"taxonomy":"category","embeddable":true,"href":"https:\/\/monde25.info\/index.php\/wp-json\/wp\/v2\/categories?post=2227"},{"taxonomy":"post_tag","embeddable":true,"href":"https:\/\/monde25.info\/index.php\/wp-json\/wp\/v2\/tags?post=2227"}],"curies":[{"name":"wp","href":"https:\/\/api.w.org\/{rel}","templated":true}]}}