{"id":22270,"date":"2026-01-11T15:40:35","date_gmt":"2026-01-11T14:40:35","guid":{"rendered":"https:\/\/monde25.info\/index.php\/2026\/01\/11\/agriculteurs-a-paris-que-fait-lfi-avec-la-coordination-rurale\/"},"modified":"2026-01-11T15:40:35","modified_gmt":"2026-01-11T14:40:35","slug":"agriculteurs-a-paris-que-fait-lfi-avec-la-coordination-rurale","status":"publish","type":"post","link":"https:\/\/monde25.info\/index.php\/2026\/01\/11\/agriculteurs-a-paris-que-fait-lfi-avec-la-coordination-rurale\/","title":{"rendered":"Agriculteurs \u00e0 Paris\u00a0: que fait LFI avec la Coordination rurale\u00a0?"},"content":{"rendered":"<p> <br \/>\n<br \/><img loading=\"lazy\" decoding=\"async\" src=\"https:\/\/reporterre.net\/local\/cache-vignettes\/L700xH467\/20260108_reporterre_cr_paris_014-63dab.jpg?1767949398\" class=\"spip_logo\" width=\"700\" height=\"467\" alt=\"\" \/><\/p>\n<p>Alors que des centaines d&rsquo;agriculteurs du syndicat proche de l&rsquo;extr\u00eame droite s&rsquo;invitaient dans la capitale, Aur\u00e9lie Trouv\u00e9, d\u00e9put\u00e9e de La France insoumise, est venue afficher son soutien. Sans pour autant nier des d\u00e9saccords, notamment sur l&rsquo;\u00e9cologie. <br class=\"autobr\" \/><br \/>\nParis, reportage <br class=\"autobr\" \/><br \/>\nC&rsquo;est un \u00ab<small class=\"fine d-inline\">\u00a0<\/small>ras-le-bol<small class=\"fine d-inline\">\u00a0<\/small>\u00bb que les agriculteurs et agricultrices sont venus exprimer, \u00e0 l&rsquo;appel de la Coordination rurale (<span class=\"caps\">CR<\/span>), au pied des monuments parisiens et devant l&rsquo;Assembl\u00e9e nationale, le 8\u00a0d\u00e9cembre. Apr\u00e8s des heures\u00a0(\u2026)<\/p>\n<p>                    <a target=\"_blank\" href=\"https:\/\/reporterre.net\/Agriculteurs-a-Paris-que-fait-LFI-avec-la-Coordination-rurale?utm_source=RSS&amp;utm_medium=RSS\">Lire la suite<\/a><\/p>\n<p>                    &#8211;<br \/>\n                        <a target=\"_blank\" href=\"https:\/\/reporterre.net\/Reportage\" rel=\"directory\">Reportage<\/a><\/p>\n<p>                    \/<br \/>\n                        <a target=\"_blank\" href=\"https:\/\/reporterre.net\/Agriculture\" rel=\"tag\">Agriculture<\/a><br \/>\n                    ,<br \/>\n                        <a target=\"_blank\" href=\"https:\/\/reporterre.net\/Politique\" rel=\"tag\">Politique<\/a><br \/>\n<br \/><br \/>\n<br \/><a href=\"https:\/\/reporterre.net\/Agriculteurs-a-Paris-que-fait-LFI-avec-la-Coordination-rurale\" target=\"_blank\"\">Source link <\/a><\/p>\n","protected":false},"excerpt":{"rendered":"<p>Alors que des centaines d&rsquo;agriculteurs du syndicat proche de l&rsquo;extr\u00eame droite s&rsquo;invitaient dans la capitale, Aur\u00e9lie Trouv\u00e9, d\u00e9put\u00e9e de La France insoumise, est venue afficher son soutien. Sans pour autant&hellip; <\/p>\n","protected":false},"author":1,"featured_media":0,"comment_status":"open","ping_status":"open","sticky":false,"template":"","format":"standard","meta":{"footnotes":""},"categories":[1],"tags":[],"class_list":["post-22270","post","type-post","status-publish","format-standard","hentry","category-non-classe"],"_links":{"self":[{"href":"https:\/\/monde25.info\/index.php\/wp-json\/wp\/v2\/posts\/22270","targetHints":{"allow":["GET"]}}],"collection":[{"href":"https:\/\/monde25.info\/index.php\/wp-json\/wp\/v2\/posts"}],"about":[{"href":"https:\/\/monde25.info\/index.php\/wp-json\/wp\/v2\/types\/post"}],"author":[{"embeddable":true,"href":"https:\/\/monde25.info\/index.php\/wp-json\/wp\/v2\/users\/1"}],"replies":[{"embeddable":true,"href":"https:\/\/monde25.info\/index.php\/wp-json\/wp\/v2\/comments?post=22270"}],"version-history":[{"count":0,"href":"https:\/\/monde25.info\/index.php\/wp-json\/wp\/v2\/posts\/22270\/revisions"}],"wp:attachment":[{"href":"https:\/\/monde25.info\/index.php\/wp-json\/wp\/v2\/media?parent=22270"}],"wp:term":[{"taxonomy":"category","embeddable":true,"href":"https:\/\/monde25.info\/index.php\/wp-json\/wp\/v2\/categories?post=22270"},{"taxonomy":"post_tag","embeddable":true,"href":"https:\/\/monde25.info\/index.php\/wp-json\/wp\/v2\/tags?post=22270"}],"curies":[{"name":"wp","href":"https:\/\/api.w.org\/{rel}","templated":true}]}}