{"id":22275,"date":"2026-01-11T17:19:36","date_gmt":"2026-01-11T16:19:36","guid":{"rendered":"https:\/\/monde25.info\/index.php\/2026\/01\/11\/nous-ecouterons-les-revendications-socio-economiques-mais-nous-ne-cederons-pas-aux-violences-affirme-le-president-iranien\/"},"modified":"2026-01-11T17:19:36","modified_gmt":"2026-01-11T16:19:36","slug":"nous-ecouterons-les-revendications-socio-economiques-mais-nous-ne-cederons-pas-aux-violences-affirme-le-president-iranien","status":"publish","type":"post","link":"https:\/\/monde25.info\/index.php\/2026\/01\/11\/nous-ecouterons-les-revendications-socio-economiques-mais-nous-ne-cederons-pas-aux-violences-affirme-le-president-iranien\/","title":{"rendered":"\u00abNous \u00e9couterons les revendications socio-\u00e9conomiques, mais nous ne c\u00e9derons pas aux violences\u00bb, affirme le pr\u00e9sident iranien"},"content":{"rendered":"<p> <br \/>\n<br \/><img decoding=\"async\" src=\"https:\/\/mf.b37mrtl.ru\/french\/images\/2026.01\/thumbnail\/696396886f7ccc5187623c28.jpg\" \/><\/p>\n<div>\n<p class=\"text__summary\">\n                                        Face \u00e0 l\u2019escalade des violences qui secoue l\u2019Iran, Massoud Pezeshkian s\u2019est exprim\u00e9 pour d\u00e9noncer une ing\u00e9rence \u00e9trang\u00e8re orchestr\u00e9e par les \u00c9tats-Unis et Isra\u00ebl. Il appelle la population \u00e0 ne pas confondre protestation l\u00e9gitime et actes de sabotage, tout en affirmant la volont\u00e9 du gouvernement d\u2019entendre les revendications \u00e9conomiques.\n                                    <\/p>\n<p>Dans une allocution t\u00e9l\u00e9vis\u00e9e diffus\u00e9e ce 11 janvier, le pr\u00e9sident iranien a r\u00e9affirm\u00e9 son engagement \u00e0 r\u00e9pondre aux attentes \u00e9conomiques et sociales de la population. Il s\u2019est voulu \u00e0 l\u2019\u00e9coute, tout en affichant une ligne claire\u202f: la s\u00e9curit\u00e9 du pays ne sera pas sacrifi\u00e9e.<\/p>\n<p>\u00ab\u202fNous sommes pr\u00eats \u00e0 \u00e9couter la voix du peuple et d\u00e9termin\u00e9s \u00e0 poursuivre des r\u00e9formes \u00e9conomiques\u202f\u00bb, a-t-il d\u00e9clar\u00e9. Il a insist\u00e9 sur la n\u00e9cessit\u00e9 de faire la distinction entre des citoyens exprimant un malaise r\u00e9el et des \u00e9l\u00e9ments violents venus semer le d\u00e9sordre. \u00ab\u202fNous marcherons avec ceux qui veulent exprimer des demandes l\u00e9gitimes, mais nous ne permettrons pas la destruction de notre soci\u00e9t\u00e9\u202f\u00bb, a-t-il affirm\u00e9.<\/p>\n<p>Le pr\u00e9sident iranien a appel\u00e9 au calme, estimant que les tensions actuelles exigent sang-froid et solidarit\u00e9. Il a \u00e9galement r\u00e9affirm\u00e9 que l\u2019\u00c9tat ne laissera pas s\u2019installer une logique de chaos.<\/p>\n<h2><strong>Des violences orchestr\u00e9es depuis l\u2019\u00e9tranger<\/strong><\/h2>\n<p>Massoud Pezeshkian a ensuite \u00e9largi son propos en d\u00e9signant clairement les responsables ext\u00e9rieurs qu\u2019il accuse de manipuler les violences. Selon lui, les troubles r\u00e9cents ne rel\u00e8vent pas uniquement de tensions internes, mais d\u2019une offensive organis\u00e9e depuis l\u2019\u00e9tranger. Il pointe directement les \u00c9tats-Unis et Isra\u00ebl.<\/p>\n<p>\u00ab\u202fCes gens ne sont pas des n\u00f4tres, ils ne font pas partie de cette nation\u202f\u00bb, a-t-il d\u00e9clar\u00e9. \u00ab\u202fIls ont \u00e9t\u00e9 form\u00e9s et \u00e0 l\u2019int\u00e9rieur et \u00e0 l\u2019ext\u00e9rieur du pays pour incendier des mosqu\u00e9es, des march\u00e9s, des maisons\u202f\u00bb. Avant d&rsquo;ajouter\u202f: \u00ab\u202fCe sont les m\u00eames qui ont frapp\u00e9 ce pays et qui aujourd\u2019hui leur ordonnent d\u2019agir.\u202f\u00bb.<\/p>\n<p>Le pr\u00e9sident iranien met en garde : \u00ab\u202fJe supplie les familles\u202f: ne laissez pas vos enfants \u00eatre manipul\u00e9s par ceux qui viennent pour tuer et d\u00e9capiter\u202f\u00bb. Il affirme que ces actes ne peuvent en aucun cas \u00eatre associ\u00e9s \u00e0 un mouvement de protestation ordinaire. Les responsables sont, selon lui, des groupes li\u00e9s \u00e0 des puissances \u00e9trang\u00e8res cherchant \u00e0 saper la stabilit\u00e9 nationale.<\/p>\n<h2><strong>Un contexte de tension et un appel \u00e0 l\u2019unit\u00e9<\/strong><\/h2>\n<p>Les propos du pr\u00e9sident interviennent apr\u00e8s plusieurs jours de troubles dans le pays. Des manifestations ont \u00e9clat\u00e9 en fin d\u2019ann\u00e9e dans un climat de crise \u00e9conomique. Les autorit\u00e9s ont signal\u00e9 la pr\u00e9sence de groupes arm\u00e9s dans certaines villes, des attaques cibl\u00e9es contre des b\u00e2timents publics et des lieux de culte, ainsi que des affrontements avec les forces de l\u2019ordre.<\/p>\n<p>Les violences du 8 janvier ont fait au moins 12 morts parmi les civils, dont un enfant. Les autorit\u00e9s iraniennes ont \u00e9galement annonc\u00e9 la mort de 25 membres des forces de s\u00e9curit\u00e9. Le maire de T\u00e9h\u00e9ran, Ali Reza Zakani, a rapport\u00e9 l\u2019incendie de 25 mosqu\u00e9es, la destruction de 26 banques, et des d\u00e9gradations sur des centres m\u00e9dicaux, institutions publiques et v\u00e9hicules de secours.<\/p>\n<p>Face \u00e0 cette situation, le pr\u00e9sident a lanc\u00e9 un appel \u00e0 l\u2019unit\u00e9. \u00ab\u202fLe peuple ne devrait pas permettre aux \u00e9meutiers de d\u00e9stabiliser la soci\u00e9t\u00e9\u202f\u00bb, a-t-il affirm\u00e9. Et de conclure\u202f: \u00ab\u202fIl est de notre devoir d\u2019\u00e9couter les pr\u00e9occupations du peuple, mais le devoir le plus \u00e9lev\u00e9 est de ne pas permettre \u00e0 une minorit\u00e9 de d\u00e9truire toute la soci\u00e9t\u00e9.\u202f\u00bb<\/p>\n<\/div>\n<p><br \/>\n<br \/><a href=\"https:\/\/francais.rt.com\/international\/129286-nous-ecouterons-revendications-socio-economiques-mais-ne-cederont-pas-violence-president-iran\" target=\"_blank\"\">Source link <\/a><\/p>\n","protected":false},"excerpt":{"rendered":"<p>Face \u00e0 l\u2019escalade des violences qui secoue l\u2019Iran, Massoud Pezeshkian s\u2019est exprim\u00e9 pour d\u00e9noncer une ing\u00e9rence \u00e9trang\u00e8re orchestr\u00e9e par les \u00c9tats-Unis et Isra\u00ebl. Il appelle la population \u00e0 ne pas&hellip; <\/p>\n","protected":false},"author":1,"featured_media":22276,"comment_status":"open","ping_status":"open","sticky":false,"template":"","format":"standard","meta":{"footnotes":""},"categories":[1],"tags":[],"class_list":["post-22275","post","type-post","status-publish","format-standard","has-post-thumbnail","hentry","category-non-classe"],"_links":{"self":[{"href":"https:\/\/monde25.info\/index.php\/wp-json\/wp\/v2\/posts\/22275","targetHints":{"allow":["GET"]}}],"collection":[{"href":"https:\/\/monde25.info\/index.php\/wp-json\/wp\/v2\/posts"}],"about":[{"href":"https:\/\/monde25.info\/index.php\/wp-json\/wp\/v2\/types\/post"}],"author":[{"embeddable":true,"href":"https:\/\/monde25.info\/index.php\/wp-json\/wp\/v2\/users\/1"}],"replies":[{"embeddable":true,"href":"https:\/\/monde25.info\/index.php\/wp-json\/wp\/v2\/comments?post=22275"}],"version-history":[{"count":0,"href":"https:\/\/monde25.info\/index.php\/wp-json\/wp\/v2\/posts\/22275\/revisions"}],"wp:featuredmedia":[{"embeddable":true,"href":"https:\/\/monde25.info\/index.php\/wp-json\/wp\/v2\/media\/22276"}],"wp:attachment":[{"href":"https:\/\/monde25.info\/index.php\/wp-json\/wp\/v2\/media?parent=22275"}],"wp:term":[{"taxonomy":"category","embeddable":true,"href":"https:\/\/monde25.info\/index.php\/wp-json\/wp\/v2\/categories?post=22275"},{"taxonomy":"post_tag","embeddable":true,"href":"https:\/\/monde25.info\/index.php\/wp-json\/wp\/v2\/tags?post=22275"}],"curies":[{"name":"wp","href":"https:\/\/api.w.org\/{rel}","templated":true}]}}