{"id":22279,"date":"2026-01-11T20:04:34","date_gmt":"2026-01-11T19:04:34","guid":{"rendered":"https:\/\/monde25.info\/index.php\/2026\/01\/11\/jo-dhiver-en-italie-la-montagne-a-ete-eventree\/"},"modified":"2026-01-11T20:04:34","modified_gmt":"2026-01-11T19:04:34","slug":"jo-dhiver-en-italie-la-montagne-a-ete-eventree","status":"publish","type":"post","link":"https:\/\/monde25.info\/index.php\/2026\/01\/11\/jo-dhiver-en-italie-la-montagne-a-ete-eventree\/","title":{"rendered":"JO d&#039;hiver en Italie\u00a0: \u00ab\u00a0La montagne a \u00e9t\u00e9 \u00e9ventr\u00e9e\u00a0\u00bb"},"content":{"rendered":"<p> <br \/>\n<br \/><img loading=\"lazy\" decoding=\"async\" src=\"https:\/\/reporterre.net\/local\/cache-vignettes\/L700xH467\/trotskituelitalie-b3efd.jpg?1767765601\" class=\"spip_logo\" width=\"700\" height=\"467\" alt=\"\" \/><\/p>\n<p>Les Jeux olympiques et paralympiques d&rsquo;hiver 2026 en Italie \u00e9taient promus comme les plus \u00e9colos de l&rsquo;histoire. Mais \u00e0 un mois de leur lancement, plusieurs chantiers sont lourdement critiqu\u00e9s par des associations et des habitants. <br class=\"autobr\" \/> Quatre ans avant les <span class=\"caps\">JO<\/span> d&rsquo;hiver 2030 en France, l&rsquo;Italie \u00e9tait cens\u00e9e montrer l&rsquo;exemple. Dispers\u00e9s sur huit localit\u00e9s du nord du pays \u2014\u00a0pour utiliser des sites d\u00e9j\u00e0 existants\u00a0\u2014 les Jeux de Milan-Cortina 2026 devaient \u00eatre \u00ab<small class=\"fine d-inline\">\u00a0<\/small>les plus respectueux de\u00a0(\u2026)<\/p>\n<p>                    <a target=\"_blank\" href=\"https:\/\/reporterre.net\/JO-d-hiver-en-Italie-La-montagne-a-ete-eventree?utm_source=RSS&amp;utm_medium=RSS\">Lire la suite<\/a><\/p>\n<p>                    &#8211;<br \/>\n                        <a target=\"_blank\" href=\"https:\/\/reporterre.net\/Autres-infos\" rel=\"directory\">Info<\/a><\/p>\n<p>                    \/<br \/>\n                        <a target=\"_blank\" href=\"https:\/\/reporterre.net\/Sports\" rel=\"tag\">Sports<\/a><br \/>\n                    ,<br \/>\n                        <a target=\"_blank\" href=\"https:\/\/reporterre.net\/JO-2030\" rel=\"tag\"><span class=\"caps\">JO<\/span> 2030<\/a><br \/>\n<br \/><br \/>\n<br \/><a href=\"https:\/\/reporterre.net\/JO-d-hiver-en-Italie-La-montagne-a-ete-eventree\" target=\"_blank\"\">Source link <\/a><\/p>\n","protected":false},"excerpt":{"rendered":"<p>Les Jeux olympiques et paralympiques d&rsquo;hiver 2026 en Italie \u00e9taient promus comme les plus \u00e9colos de l&rsquo;histoire. Mais \u00e0 un mois de leur lancement, plusieurs chantiers sont lourdement critiqu\u00e9s par&hellip; <\/p>\n","protected":false},"author":1,"featured_media":0,"comment_status":"open","ping_status":"open","sticky":false,"template":"","format":"standard","meta":{"footnotes":""},"categories":[1],"tags":[],"class_list":["post-22279","post","type-post","status-publish","format-standard","hentry","category-non-classe"],"_links":{"self":[{"href":"https:\/\/monde25.info\/index.php\/wp-json\/wp\/v2\/posts\/22279","targetHints":{"allow":["GET"]}}],"collection":[{"href":"https:\/\/monde25.info\/index.php\/wp-json\/wp\/v2\/posts"}],"about":[{"href":"https:\/\/monde25.info\/index.php\/wp-json\/wp\/v2\/types\/post"}],"author":[{"embeddable":true,"href":"https:\/\/monde25.info\/index.php\/wp-json\/wp\/v2\/users\/1"}],"replies":[{"embeddable":true,"href":"https:\/\/monde25.info\/index.php\/wp-json\/wp\/v2\/comments?post=22279"}],"version-history":[{"count":0,"href":"https:\/\/monde25.info\/index.php\/wp-json\/wp\/v2\/posts\/22279\/revisions"}],"wp:attachment":[{"href":"https:\/\/monde25.info\/index.php\/wp-json\/wp\/v2\/media?parent=22279"}],"wp:term":[{"taxonomy":"category","embeddable":true,"href":"https:\/\/monde25.info\/index.php\/wp-json\/wp\/v2\/categories?post=22279"},{"taxonomy":"post_tag","embeddable":true,"href":"https:\/\/monde25.info\/index.php\/wp-json\/wp\/v2\/tags?post=22279"}],"curies":[{"name":"wp","href":"https:\/\/api.w.org\/{rel}","templated":true}]}}