{"id":22280,"date":"2026-01-11T20:37:37","date_gmt":"2026-01-11T19:37:37","guid":{"rendered":"https:\/\/monde25.info\/index.php\/2026\/01\/11\/venezuela-le-chancelier-ivan-gil-et-le-fils-de-maduro-donnent-des-details-sur-lattaque-des-etats-unis\/"},"modified":"2026-01-11T20:37:37","modified_gmt":"2026-01-11T19:37:37","slug":"venezuela-le-chancelier-ivan-gil-et-le-fils-de-maduro-donnent-des-details-sur-lattaque-des-etats-unis","status":"publish","type":"post","link":"https:\/\/monde25.info\/index.php\/2026\/01\/11\/venezuela-le-chancelier-ivan-gil-et-le-fils-de-maduro-donnent-des-details-sur-lattaque-des-etats-unis\/","title":{"rendered":"Venezuela : Le chancelier Iv\u00e1n Gil et le fils de Maduro donnent des d\u00e9tails sur l\u2019attaque des \u00c9tats-Unis"},"content":{"rendered":"<p> <br \/>\n<\/p>\n<div>\n<ol class=\"campaign-loop campaign-list\">\n<li id=\"campaign-482494\" class=\"post-482494 campaign type-campaign status-publish hentry campaign-has-goal campaign-has-achieved-goal campaign-has-end-date campaign-has-not-ended\">\n\t<a target=\"_blank\" href=\"https:\/\/reseauinternational.net\/campaigns\/campagne-de-dons-septembre-octobre-2025\/\"><\/p>\n<h3>Soutenez-nous<\/h3>\n<p>\t\t\t<\/a><\/p>\n<p>\n\tVotre soutien nous est indispensable pour continuer \u00e0 vous fournir le meilleur de l\u2019information internationale alternative. C\u2019est gr\u00e2ce \u00e0 vos dons que nous pourrons maintenir le cap pour une information plurielle et r\u00e9ellement alternative. Nous comptons sur vous.<\/p>\n<\/li>\n<\/ol>\n<p>par <strong>Resumen Latinoamericano<\/strong><\/p>\n<p>Ceux d\u2019entre nous qui on peut participer \u00e0 la rencontre, convoqu\u00e9e ce jeudi par l\u2019Internationale Anti-Fasciste ont re\u00e7u des informations qui, jusqu\u2019\u00e0 pr\u00e9sent, n\u2019avaient pas \u00e9t\u00e9 donn\u00e9es. Le chancelier du Venezuela et le fils du pr\u00e9sident Nicolas Maduro ont r\u00e9v\u00e9l\u00e9 des d\u00e9tails sur l\u2019attaque militaire, l\u2019utilisation de la technologie \u00e9lectromagn\u00e9tique, l\u2019enl\u00e8vement du chef de l\u2019\u00c9tat et l\u2019ampleur des violations du droit international.<\/p>\n<p>Lors d\u2019une visioconf\u00e9rence, le chancelier de la R\u00e9publique Bolivarienne du Venezuela, Iv\u00e1n Gil, et Nicol\u00e1s Maduro Guerra, le fils du pr\u00e9sident Nicol\u00e1s Maduro, ont apport\u00e9 des pr\u00e9cisions importantes sur la situation que traverse le pays et d\u00e9nonc\u00e9 une agression militaire en cours, l\u2019enl\u00e8vement du chef de l\u2019\u00c9tat et une violation ouverte du droit international.<\/p>\n<p>Selon Nicol\u00e1s Maduro Guerra, l\u2019offensive a commenc\u00e9 par une attaque \u00e9lectromagn\u00e9tique lanc\u00e9e depuis un avion \u00e9tasunien qui a paralys\u00e9 compl\u00e8tement la capacit\u00e9 op\u00e9rationnelle du syst\u00e8me de d\u00e9fense v\u00e9n\u00e9zu\u00e9lien : \u00ab<em>nous sommes rest\u00e9s aveugles, sans communication, sans pouvoir faire d\u00e9coller un avion<\/em>\u00bb, a-t-il affirm\u00e9 en d\u00e9crivant un sc\u00e9nario de paralysie totale des syst\u00e8mes strat\u00e9giques du pays dans les premi\u00e8res heures de l\u2019attaque. Il a expliqu\u00e9 ainsi qui a \u00e9t\u00e9 un sujet permanent de la campagne de rumeurs et d\u2019intoxication depuis le 3 janvier jusqu\u2019\u00e0 maintenant : \u00e0 savoir pourquoi la d\u00e9fense antia\u00e9rienne n\u2019avait pas fonctionn\u00e9 et pourquoi les avions n\u2019avaient pas d\u00e9coll\u00e9 pour contre-attaquer. \u00ab<em>M\u00eame s\u2019ils l\u2019avaient fait, nous serions certainement en train de d\u00e9plorer aujourd\u2019hui que nos avions aient \u00e9t\u00e9 abattus<\/em>\u00bb, ont d\u00e9clar\u00e9 les intervenants lors de la vid\u00e9oconf\u00e9rence.<\/p>\n<p>Dans ce cadre, ils ont confirm\u00e9 que plus de 100 personnes sont mortes le 3 janvier, entre civils et militaires, comme cons\u00e9quence directes de cette agression. Parmi les morts il y a aussi des combattants cubains qui accomplissaient des t\u00e2ches de coop\u00e9ration, selon les premi\u00e8res d\u00e9clarations officielles du minist\u00e8re de l\u2019int\u00e9rieur du Venezuela.<\/p>\n<p>Le chancelier Iv\u00e1n Gil a \u00e9cart\u00e9 cat\u00e9goriement toute hypoth\u00e8se de vide des institutions. Il a affirm\u00e9 qu\u2019il n\u2019y a pas d\u2019absence du pr\u00e9sident, que Nicolas Maduro \u00e9tait vivant, qu\u2019il continuait \u00e0 \u00eatre le pr\u00e9sident l\u00e9gitime du Venezuela et qu\u2019il avait \u00e9t\u00e9 enlev\u00e9. Et il a soutenu que ces faits constituent une invasion \u00e9trang\u00e8re qui viole toutes les r\u00e8gles du droit international et les accords multilat\u00e9raux destin\u00e9s \u00e0 \u00e9viter une escalade guerri\u00e8re de port\u00e9e mondiale.<\/p>\n<p>Maduro Guerra apporter d\u2019autres pr\u00e9cisions sur le moment de l\u2019enl\u00e8vement. Il a racont\u00e9 que le pr\u00e9sident et son \u00e9pouse, Cilia Flores, se reposer dans leur r\u00e9sidence (Maduro ne dormait pas mais \u00e9tait assis dans un fauteuil en train de boire un jus de fruits) quand les forces des \u00c9tats-Unis ont fait exploser la porte de bois de la chambre. Cette explosion aurait provoqu\u00e9 les blessures subies par la premi\u00e8re dame. Bien que Flor\u00e8s n\u2019ait pas fait partie de l\u2019objectif initial de l\u2019op\u00e9ration, elle a exig\u00e9 d\u2019accompagner le pr\u00e9sident.<\/p>\n<p>Le fils de Maduro a \u00e9galement signal\u00e9 que son p\u00e8re et Cilia \u00e9taient avec deux proches, ce qui a permis d\u2019avoir plus de d\u00e9tails.<\/p>\n<p>Selon leurs t\u00e9moignages, Nicolas Maduro fut emmen\u00e9 sans avoir donn\u00e9 de signe de reddition pendant qu\u2019il criait : \u00ab<em>Allons \u00e0 la lutte, allons \u00e0 la bataille<\/em>\u00bb. Pour les autorit\u00e9s v\u00e9n\u00e9zu\u00e9liennes, cette sc\u00e8ne s\u2019oppose au r\u00e9cit international qui cherche \u00e0 pr\u00e9senter la situation comme une crise interne alors qu\u2019il s\u2019agit de l\u2019enl\u00e8vement d\u2019un pr\u00e9sident suite \u00e0 une action militaire \u00e9trang\u00e8re.<\/p>\n<p>Concernant la conduite du pays, on a affirm\u00e9 que toutes les mesures qui sont ex\u00e9cut\u00e9es aujourd\u2019hui r\u00e9pondent aux plans d\u2019action laiss\u00e9es par le pr\u00e9sident Nicolas Maduro lui-m\u00eame et que Delcy Rodriguez est \u00e0 la t\u00eate de leur mise en place. Dans ce cadre, on a expliqu\u00e9 que des d\u00e9cisions comme la vente du stock accumul\u00e9 de p\u00e9trole \u00e0 Chevron avaient \u00e9t\u00e9 adopt\u00e9es par le pr\u00e9sident avant son enl\u00e8vement, ce qui d\u00e9ment les versions sur l\u2019improvisation ou la tutelle \u00e9trang\u00e8re : \u00ab<em>On continue \u00e0 appliquer les indications donn\u00e9es par mon p\u00e8re<\/em>\u00bb, a dit le fils du pr\u00e9sident et il a ajout\u00e9 qu\u2019il est convaincu que Maduro et Cilia reviendront tr\u00e8s rapidement au pays. Il a r\u00e9p\u00e9t\u00e9 \u00e9galement plusieurs fois qu\u2019aussi bien lui que tout le staff de la direction du pays, \u00ab<em>sommes en fusion totale avec la pr\u00e9sidente Delcy Rodriguez, non seulement, nous adh\u00e9rons, mais nous sommes en fusion totale, nous sommes \u00e0 m\u00eame corps<\/em>\u00bb.<\/p>\n<p>Enfin, les autorit\u00e9s v\u00e9n\u00e9zu\u00e9liennes ont appel\u00e9 \u00e0 ne pas reproduire la propagande de guerre de l\u2019agresseur et \u00e0 \u00e9couter exclusivement les autorit\u00e9s l\u00e9gitimes du pays. Elles ont \u00e9t\u00e9 d\u2019accord sur le fait que le Venezuela a \u00e9t\u00e9 l\u2019objet d\u2019une attaque militaire directe et ont pr\u00e9venu que la gravit\u00e9 des faits place ce conflit dans une dimension qui d\u00e9passe le pays.<\/p>\n<p>Les participants \u00e0 la r\u00e9union de l\u2019Internationale Antifasciste ont d\u00e9nonc\u00e9 la violation du droit international, d\u00e9fendu l\u2019ordre constitutionnel et confirm\u00e9 leur soutien au pr\u00e9sident Maduro.<\/p>\n<p>Les autorit\u00e9s v\u00e9n\u00e9zu\u00e9liennes ont d\u00e9nonc\u00e9 l\u2019application de la \u00ab<em>du plus fort<\/em>\u00bb, et on alerter sur une situation du monde sans d\u00e9fense juridique face aux \u00c9tats-Unis.<\/p>\n<p>Durant son intervention, le chancelier du Venezuela, Iv\u00e1n Gil, a affirm\u00e9 que le pays est oblig\u00e9 de d\u00e9fendre et de faire valoir la loi en avertissant que sa violation n\u2019affecte pas que le Venezuela, mais peut s\u2019\u00e9tendre \u00e0 toute nation.<\/p>\n<p>Gilles a soutenu quand on ne peut permettre que le monde soit sans d\u00e9fense juridique ni qu\u2019on impose la loi du plus fort. Il a affirm\u00e9 que le pr\u00e9sident Nicolas Maduro et la camarade Cilia Flores \u00ab<em>seront le symbole de cette victoire<\/em>\u00bb.<\/p>\n<p>Il a soulign\u00e9 que la Constitution v\u00e9n\u00e9zu\u00e9lienne, la Force arm\u00e9e nationale bolivarienne et le peuple mobilis\u00e9 sauront d\u00e9fendre avec dignit\u00e9 les principes de l\u2019\u00c9tat de droit conform\u00e9ment avec ce qui a \u00e9t\u00e9 exprim\u00e9 par la pr\u00e9sidente par int\u00e9rim Delcy Rodriguez.<\/p>\n<p>Le chancelier a fait remarquer que tous les secteurs du pouvoir public du pays sont align\u00e9s sur l\u2019unit\u00e9 politique et la mobilisation permanente avec le peuple v\u00e9n\u00e9zu\u00e9lien. Cette coordination ne se limite pas au domaine juridique ou administratif mais s\u2019exprime aussi dans les rues pour exiger le respect du droit international et faire valoir la Constitution.<\/p>\n<p>Gil signale que le Tribunal Supr\u00eame de Justice a \u00e9mis une sentence contraignante qui a permis de blinder l\u2019\u00c9tat social de droit et de justice consacr\u00e9 dans la Constitution. Cette d\u00e9cision reconna\u00eet que le seul pr\u00e9sident constitutionnel de la R\u00e9publique bolivarienne du Venezuela est Nicolas Maduro Moros.<\/p>\n<p>Lors de cette r\u00e9union, le vice-ministre de de la, agent latin, sec, secr\u00e9taire, ex\u00e9cutif de l\u2019Alba-TCP, Rander Pe\u00f1a Ram\u00edrez, affirmer que d\u00e9fendre la r\u00e9volution bolivarienne, c\u2019est d\u00e9fendre toute l\u2019humanit\u00e9.<\/p>\n<p>Dans l\u2019avenir, a-t-il d\u00e9clar\u00e9, la question sera de savoir ce que feront les dirigeants latinos am\u00e9ricains apr\u00e8s ce qui s\u2019est pass\u00e9 le matin du 3 janvier. Au-del\u00e0 de la compr\u00e9hension des faits, ce qui est essentiel, c\u2019est de d\u00e9finir les actions \u00e0 accomplir dans les jours \u00e0 venir, a-t-il soulign\u00e9.<\/p>\n<p>Lors du rendez-vous international antifasciste, le d\u00e9put\u00e9 de l\u2019Assembl\u00e9e nationale du Venezuela, Nicol\u00e1s Maduro Guerra, a d\u00e9nonc\u00e9 une violation \u00ab<em>grossi\u00e8re<\/em>\u00bb de la souverainet\u00e9 nationale et de l\u2019immunit\u00e9 de l\u2019\u00c9tat v\u00e9n\u00e9zu\u00e9lien.<\/p>\n<p>Le d\u00e9put\u00e9 a affirm\u00e9 que pendant l\u2019agression des \u00c9tats-Unis \u00e0 l\u2019aube du 3 janvier, plus de 150 avions ont \u00e9t\u00e9 utilis\u00e9s et les radars neutralis\u00e9s, ce qui a laiss\u00e9 le pays sans capacit\u00e9 de d\u00e9tection.<\/p>\n<p>Selon lui, cette attaque a inclus l\u2019utilisation d\u2019un avion capable d\u2019\u00e9mettre une onde \u00e9lectromagn\u00e9tique qui a affect\u00e9 le syst\u00e8me de d\u00e9fense.<\/p>\n<p>Maduro Guerra a signal\u00e9 que, dans ces conditions, il \u00e9tait impossible de faire d\u00e9coller des avions, mais que si on l\u2019avait fait, ils auraient \u00e9t\u00e9 abattus.<\/p>\n<p>Il a ajout\u00e9 que l\u2019agression a fait plus de 100 morts entre civile militaires.<\/p>\n<p>Il a \u00e9galement rendu hommage aux 32 combattants cubains et aux membres des Forces arm\u00e9es nationales bolivariennes qui, selon lui, sont morts au combat \u00ab<em>jusqu\u2019\u00e0 la derni\u00e8re seconde<\/em>\u00bb alors qu\u2019ils d\u00e9fendaient le pr\u00e9sident Nicol\u00e1s Maduro.<\/p>\n<p>Maduro Guerra a demand\u00e9 le soutien de la communaut\u00e9 internationale et soulign\u00e9 la n\u00e9cessit\u00e9 de gagner la bataille de l\u2019opinion publique : \u00ab<em>Je demande son aide au monde, \u00e0 ce monde qui nous \u00e9coute<\/em>\u00bb, a-t-il d\u00e9clar\u00e9, et il a insist\u00e9 sur l\u2019importance de rendre visible ce qui s\u2019est pass\u00e9 et de construire un soutien international.<\/p>\n<p>Le parlementaire a bross\u00e9 un profil personnel du pr\u00e9sident Nicolas Maduro, qu\u2019il a d\u00e9crit comme \u00ab<em>un homme bon et humble<\/em>\u00bb, fils d\u2019un \u00e9conomiste et d\u2019une femme au foyer, fr\u00e8re, de 3 femmes travailleuses, p\u00e8re et grand-p\u00e8re de 17 petits-enfants.<\/p>\n<p>Le d\u00e9put\u00e9 a \u00e9galement parl\u00e9 au nom de la famille de ceux qui, affirme-t-il, l\u2019accompagnent aujourd\u2019hui dans cette situation.<\/p>\n<p>Maduro Guerra a racont\u00e9 qu\u2019au moment des faits, le pr\u00e9sident se reposait dans sa r\u00e9sidence et n\u2019\u00e9tait pas r\u00e9fugi\u00e9 dans une installation de s\u00e9curit\u00e9.<\/p>\n<p>Les responsables de l\u2019op\u00e9ration ont forc\u00e9 une porte de bois avec des explosifs. C\u2019est \u00e0 ce moment-l\u00e0 qu\u2019on pense que la premi\u00e8re combattante Cilia Flores a \u00e9t\u00e9 bless\u00e9e.<\/p>\n<p>Il a avou\u00e9 qu\u2019au moment des \u00e9v\u00e9nements, il avait sous-estim\u00e9 l\u2019ampleur des faits d\u00e9nonc\u00e9s et n\u2019avait jamais imagin\u00e9 une op\u00e9ration de cette nature. C\u2019\u00e9tait une trahison r\u00e9alis\u00e9e par surprise, a-t-il d\u00e9clar\u00e9.<\/p>\n<p>Plus tard, il a averti que ce qui s\u2019est pass\u00e9 pourrait avoir \u00e9t\u00e9 un essai d\u2019actions plus importantes et que l\u2019humanit\u00e9 doit conna\u00eetre ces faits car ils constituent une menace qui d\u00e9passe les fronti\u00e8res du Venezuela.<\/p>\n<p>source : <a target=\"_blank\" href=\"https:\/\/www.resumenlatinoamericano.org\/2026\/01\/08\/el-canciller-de-venezuela-y-el-hijo-de-maduro-reunidos-con-cientos-de-militantes-de-la-internacional-antifascista-dieron-detalles-del-ataque-electromagnetico-durante-la-invasion\/\" target=\"_blank\" rel=\"noopener\" title=\"\">Resumen Latinoamericano<\/a> via <a target=\"_blank\" href=\"https:\/\/bolivarinfos.over-blog.com\/2026\/01\/venezuela-le-chancelier-ivan-gil-et-le-fils-de-maduro-donnent-des-details-sur-l-attaque-des-etats-unis.html\" target=\"_blank\" rel=\"noopener\" title=\"\">Bolivar Infos<\/a><\/p>\n<div class=\"sharedaddy sd-block sd-like jetpack-likes-widget-wrapper jetpack-likes-widget-unloaded\" id=\"like-post-wrapper-237719536-505247-6963e303111ca\" data-src=\"https:\/\/widgets.wp.com\/likes\/?ver=15.2#blog_id=237719536&amp;post_id=505247&amp;origin=reseauinternational.net&amp;obj_id=237719536-505247-6963e303111ca\" data-name=\"like-post-frame-237719536-505247-6963e303111ca\" data-title=\"Aimer ou rebloguer\">\n<h3 class=\"sd-title\">J\u2019aime \u00e7a\u00a0:<\/h3>\n<p><span class=\"button\"><span>J\u2019aime<\/span><\/span> <span class=\"loading\">chargement\u2026<\/span><\/p>\n<p><span class=\"sd-text-color\"\/><a target=\"_blank\" class=\"sd-link-color\"\/><\/div>\n<p><meta itemscope=\"\" itemprop=\"mainEntityOfPage\" itemtype=\"https:\/\/schema.org\/WebPage\" itemid=\"https:\/\/reseauinternational.net\/venezuela-le-chancelier-ivan-gil-et-le-fils-de-maduro-donnent-des-details-sur-lattaque-des-etats-unis\/\"\/><meta itemprop=\"headline\" content=\"Venezuela : Le chancelier Iv\u00e1n Gil et le fils de Maduro donnent des d\u00e9tails sur l\u2019attaque des \u00c9tats-Unis\"\/><span style=\"display: none;\" itemprop=\"author\" itemscope=\"\" itemtype=\"https:\/\/schema.org\/Person\"><meta itemprop=\"name\" content=\"R\u00e9seau International\"\/><\/span><span style=\"display: none;\" itemprop=\"image\" itemscope=\"\" itemtype=\"https:\/\/schema.org\/ImageObject\"><meta itemprop=\"url\" content=\"https:\/\/i0.wp.com\/reseauinternational.net\/wp-content\/uploads\/2026\/01\/16.jpg?fit=800%2C467&amp;ssl=1\"\/><meta itemprop=\"width\" content=\"800\"\/><meta itemprop=\"height\" content=\"467\"\/><\/span><span style=\"display: none;\" itemprop=\"publisher\" itemscope=\"\" itemtype=\"https:\/\/schema.org\/Organization\"><span style=\"display: none;\" itemprop=\"logo\" itemscope=\"\" itemtype=\"https:\/\/schema.org\/ImageObject\"><meta itemprop=\"url\" content=\"https:\/\/reseauinternational.net\/wp-content\/uploads\/2022\/06\/Capture-de\u0301cran-2022-06-14-a\u0300-16.51.07.png\"\/><\/span><meta itemprop=\"name\" content=\"R\u00e9seau International\"\/><\/span><meta itemprop=\"datePublished\" content=\"2026-01-11T11:23:47+00:00\"\/><meta itemprop=\"dateModified\" content=\"2026-01-11T11:24:04+00:00\"\/><\/div>\n<p><br \/>\n<br \/><a href=\"https:\/\/reseauinternational.net\/venezuela-le-chancelier-ivan-gil-et-le-fils-de-maduro-donnent-des-details-sur-lattaque-des-etats-unis\/\" target=\"_blank\"\">Source link <\/a><\/p>\n","protected":false},"excerpt":{"rendered":"<p>Soutenez-nous Votre soutien nous est indispensable pour continuer \u00e0 vous fournir le meilleur de l\u2019information internationale alternative. C\u2019est gr\u00e2ce \u00e0 vos dons que nous pourrons maintenir le cap pour une&hellip; <\/p>\n","protected":false},"author":1,"featured_media":22281,"comment_status":"open","ping_status":"open","sticky":false,"template":"","format":"standard","meta":{"footnotes":""},"categories":[1],"tags":[],"class_list":["post-22280","post","type-post","status-publish","format-standard","has-post-thumbnail","hentry","category-non-classe"],"_links":{"self":[{"href":"https:\/\/monde25.info\/index.php\/wp-json\/wp\/v2\/posts\/22280","targetHints":{"allow":["GET"]}}],"collection":[{"href":"https:\/\/monde25.info\/index.php\/wp-json\/wp\/v2\/posts"}],"about":[{"href":"https:\/\/monde25.info\/index.php\/wp-json\/wp\/v2\/types\/post"}],"author":[{"embeddable":true,"href":"https:\/\/monde25.info\/index.php\/wp-json\/wp\/v2\/users\/1"}],"replies":[{"embeddable":true,"href":"https:\/\/monde25.info\/index.php\/wp-json\/wp\/v2\/comments?post=22280"}],"version-history":[{"count":0,"href":"https:\/\/monde25.info\/index.php\/wp-json\/wp\/v2\/posts\/22280\/revisions"}],"wp:featuredmedia":[{"embeddable":true,"href":"https:\/\/monde25.info\/index.php\/wp-json\/wp\/v2\/media\/22281"}],"wp:attachment":[{"href":"https:\/\/monde25.info\/index.php\/wp-json\/wp\/v2\/media?parent=22280"}],"wp:term":[{"taxonomy":"category","embeddable":true,"href":"https:\/\/monde25.info\/index.php\/wp-json\/wp\/v2\/categories?post=22280"},{"taxonomy":"post_tag","embeddable":true,"href":"https:\/\/monde25.info\/index.php\/wp-json\/wp\/v2\/tags?post=22280"}],"curies":[{"name":"wp","href":"https:\/\/api.w.org\/{rel}","templated":true}]}}