{"id":22284,"date":"2026-01-11T21:43:40","date_gmt":"2026-01-11T20:43:40","guid":{"rendered":"https:\/\/monde25.info\/index.php\/2026\/01\/11\/plusieurs-centaines-dentre-eux-sappretent-a-un-exil-symbolique-a-bruxelles-rt-en-francais\/"},"modified":"2026-01-11T21:43:40","modified_gmt":"2026-01-11T20:43:40","slug":"plusieurs-centaines-dentre-eux-sappretent-a-un-exil-symbolique-a-bruxelles-rt-en-francais","status":"publish","type":"post","link":"https:\/\/monde25.info\/index.php\/2026\/01\/11\/plusieurs-centaines-dentre-eux-sappretent-a-un-exil-symbolique-a-bruxelles-rt-en-francais\/","title":{"rendered":"plusieurs centaines d\u2019entre eux s\u2019appr\u00eatent \u00e0 un \u00abexil symbolique\u00bb \u00e0 Bruxelles \u2014 RT en fran\u00e7ais"},"content":{"rendered":"<p> <br \/>\n<br \/><img decoding=\"async\" src=\"https:\/\/mf.b37mrtl.ru\/french\/images\/2026.01\/thumbnail\/6963f8706f7ccc05ae4224e8.jpg\" \/><\/p>\n<div>\n<p class=\"text__summary\">\n                                        Plusieurs centaines de m\u00e9decins lib\u00e9raux sont partis ce 11 janvier en \u00abexil\u00bb \u00e0 Bruxelles, le temps de leur gr\u00e8ve, au lendemain d\u2019une manifestation \u00e0 Paris o\u00f9 ils ont notamment d\u00e9nonc\u00e9 une \u00abd\u00e9rive autoritaire\u00bb. En gr\u00e8ve depuis le 5 janvier, ils protestent contre des mesures d&rsquo;\u00e9conomies de la loi de financement de la S\u00e9curit\u00e9 sociale pour 2026.\n                                    <\/p>\n<p>\u00ab\u00a0On souhaite que le gouvernement arr\u00eate de taper sur la m\u00e9decine lib\u00e9rale\u00a0\u00bb, a d\u00e9clar\u00e9 ce 11 janvier le docteur Philippe Cuq, Pr\u00e9sident de l\u2019Union des Chirurgiens de France (UCDF), avant le d\u00e9part d\u2019une vingtaine de bus de la porte-Dauphine, dans l\u2019Ouest parisien, pour la capitale belge avec les m\u00e9decins \u00e0 leur bord.<\/p>\n<p>\u00ab\u00a0On va travailler \u00e0 Bruxelles \u00bb, a-t-il soulign\u00e9 aupr\u00e8s de BFMTV, \u00e9voquant un \u00ab\u00a0exil symbolique\u00a0\u00bb. \u00ab\u00a0On va pr\u00e9parer des propositions\u00a0\u00bb pour le Premier ministre S\u00e9bastien Lecornu, a-t-il ajout\u00e9 aupr\u00e8s de la cha\u00eene d\u2019information, \u00ab\u00a0pour essayer de faire avancer la situation de la m\u00e9decine lib\u00e9rale\u00a0\u00bb, d\u00e9non\u00e7ant une loi sur le financement de la s\u00e9curit\u00e9 sociale \u00ab\u00a0tr\u00e8s toxique, tr\u00e8s agressive contre la m\u00e9decine lib\u00e9rale\u00a0\u00bb. Un texte d\u00e9finitivement adopt\u00e9 par le Parlement le 16 d\u00e9cembre.<\/p>\n<p>Selon le Dr Cuq, cette fois-ci cit\u00e9 par l\u2019AFP, \u00ab\u00a01 936 m\u00e9decins s\u2019\u00e9taient inscrits\u00a0\u00bb pour cet exil symbolique, mais \u00ab\u00a0plusieurs centaines d\u2019entre eux ont \u00e9t\u00e9 r\u00e9quisitionn\u00e9s\u00a0\u00bb par les autorit\u00e9s.<\/p>\n<p>D\u00e9but\u00e9 le 5 janvier, le mouvement de gr\u00e8ve est cens\u00e9 se poursuivre jusqu\u2019au 15 janvier. Plusieurs milliers de m\u00e9decins lib\u00e9raux ont d\u00e9fil\u00e9 dans le froid \u00e0 Paris le 10 janvier o\u00f9 ils ont d\u00e9nonc\u00e9 la \u00ab\u00a0d\u00e9rive autoritaire\u00a0\u00bb qui \u00e0 leurs yeux menace leur \u00ab\u00a0libert\u00e9 d\u2019exercice\u00a0\u00bb, appelant le Premier ministre \u00e0 leur \u00ab faire des propositions\u00a0\u00bb. D\u2019apr\u00e8s les organisateurs, cette manifestation a rassembl\u00e9 20 000 personnes, 5000 selon la pr\u00e9fecture de police. \u00ab\u00a0Maltraiter les soignants, c\u2019est maltraiter les patients\u00a0\u00bb, pouvait-on lire sur une banderole en t\u00eate de cort\u00e8ge.<\/p>\n<p>\u00ab\u00a0Jamais un gouvernement n&rsquo;avait accumul\u00e9 autant d&rsquo;attaques\u00a0\u00bb contre la m\u00e9decine lib\u00e9rale \u00ab\u00a0en si peu de temps\u00a0\u00bb, ont martel\u00e9 dans un communiqu\u00e9 les organisations syndicales. Sont notamment en cause des dispositions de cette loi de financement qui sont per\u00e7ues comme une remise en cause de leur travail et de leur ind\u00e9pendance.<\/p>\n<\/div>\n<p><br \/>\n<br \/><a href=\"https:\/\/francais.rt.com\/france\/129297-colere-medecins-france-exil-symbolique\" target=\"_blank\"\">Source link <\/a><\/p>\n","protected":false},"excerpt":{"rendered":"<p>Plusieurs centaines de m\u00e9decins lib\u00e9raux sont partis ce 11 janvier en \u00abexil\u00bb \u00e0 Bruxelles, le temps de leur gr\u00e8ve, au lendemain d\u2019une manifestation \u00e0 Paris o\u00f9 ils ont notamment d\u00e9nonc\u00e9&hellip; <\/p>\n","protected":false},"author":1,"featured_media":22285,"comment_status":"open","ping_status":"open","sticky":false,"template":"","format":"standard","meta":{"footnotes":""},"categories":[1],"tags":[],"class_list":["post-22284","post","type-post","status-publish","format-standard","has-post-thumbnail","hentry","category-non-classe"],"_links":{"self":[{"href":"https:\/\/monde25.info\/index.php\/wp-json\/wp\/v2\/posts\/22284","targetHints":{"allow":["GET"]}}],"collection":[{"href":"https:\/\/monde25.info\/index.php\/wp-json\/wp\/v2\/posts"}],"about":[{"href":"https:\/\/monde25.info\/index.php\/wp-json\/wp\/v2\/types\/post"}],"author":[{"embeddable":true,"href":"https:\/\/monde25.info\/index.php\/wp-json\/wp\/v2\/users\/1"}],"replies":[{"embeddable":true,"href":"https:\/\/monde25.info\/index.php\/wp-json\/wp\/v2\/comments?post=22284"}],"version-history":[{"count":0,"href":"https:\/\/monde25.info\/index.php\/wp-json\/wp\/v2\/posts\/22284\/revisions"}],"wp:featuredmedia":[{"embeddable":true,"href":"https:\/\/monde25.info\/index.php\/wp-json\/wp\/v2\/media\/22285"}],"wp:attachment":[{"href":"https:\/\/monde25.info\/index.php\/wp-json\/wp\/v2\/media?parent=22284"}],"wp:term":[{"taxonomy":"category","embeddable":true,"href":"https:\/\/monde25.info\/index.php\/wp-json\/wp\/v2\/categories?post=22284"},{"taxonomy":"post_tag","embeddable":true,"href":"https:\/\/monde25.info\/index.php\/wp-json\/wp\/v2\/tags?post=22284"}],"curies":[{"name":"wp","href":"https:\/\/api.w.org\/{rel}","templated":true}]}}