{"id":22291,"date":"2026-01-12T02:07:41","date_gmt":"2026-01-12T01:07:41","guid":{"rendered":"https:\/\/monde25.info\/index.php\/2026\/01\/12\/melenchon-estime-que-les-venezueliens-doivent-se-defendre-sil-le-faut-les-armes-a-la-main-face-aux-etats-unis-rt-en-francais\/"},"modified":"2026-01-12T02:07:41","modified_gmt":"2026-01-12T01:07:41","slug":"melenchon-estime-que-les-venezueliens-doivent-se-defendre-sil-le-faut-les-armes-a-la-main-face-aux-etats-unis-rt-en-francais","status":"publish","type":"post","link":"https:\/\/monde25.info\/index.php\/2026\/01\/12\/melenchon-estime-que-les-venezueliens-doivent-se-defendre-sil-le-faut-les-armes-a-la-main-face-aux-etats-unis-rt-en-francais\/","title":{"rendered":"M\u00e9lenchon estime que les V\u00e9n\u00e9zu\u00e9liens doivent se d\u00e9fendre \u00abs\u2019il le faut, les armes \u00e0 la main\u00bb face aux \u00c9tats-Unis \u2014 RT en fran\u00e7ais"},"content":{"rendered":"<p> <br \/>\n<br \/><img decoding=\"async\" src=\"https:\/\/mf.b37mrtl.ru\/french\/images\/2026.01\/thumbnail\/6963dcc56f7ccc5122093f9e.jpg\" \/><\/p>\n<div>\n<p class=\"text__summary\">\n                                        Lors d\u2019un rassemblement \u00e0 Lyon, o\u00f9 il a de nouveau fustig\u00e9 l\u2019intervention militaire des \u00c9tats-Unis au Venezuela, qui a abouti \u00e0 l\u2019enl\u00e8vement le 3 janvier de Nicol\u00e1s Maduro, le leader de la France insoumise a estim\u00e9 que le peuple v\u00e9n\u00e9zu\u00e9lien devait \u00abse d\u00e9fendre et, s\u2019il le faut, les armes \u00e0 la main, contre l\u2019invasion nord-am\u00e9ricaine\u00bb.\n                                    <\/p>\n<p>\u00ab\u00a0Le peuple v\u00e9n\u00e9zu\u00e9lien doit se d\u00e9fendre et, s\u2019il le faut, les armes \u00e0 la main contre l\u2019invasion nord-am\u00e9ricaine, et il faut obtenir de mani\u00e8re cons\u00e9quente la lib\u00e9ration du pr\u00e9sident Maduro, parce que sinon, \u00e7a signifie qu\u2019on accepte l\u2019op\u00e9ration qui a \u00e9t\u00e9 faite\u00a0\u00bb, a d\u00e9clar\u00e9 le 10 janvier Jean-Luc M\u00e9lenchon, cit\u00e9 par l\u2019AFP, \u00e0 l\u2019occasion d\u2019une manifestation \u00e0 Lyon. Un rassemblement auquel ont particip\u00e9 plusieurs centaines de personnes, qui scandaient notamment \u00ab\u00a0\u00e0 bas l\u2019imp\u00e9rialisme am\u00e9ricain\u00bb et \u00ab\u00a0lib\u00e9rez Maduro\u00a0\u00bb, a rapport\u00e9 la m\u00eame source.<\/p>\n<p>Toujours selon l\u2019agence de presse fran\u00e7aise, l\u2019ancien candidat \u00e0 l\u2019\u00e9lection pr\u00e9sidentielle fran\u00e7aise a par ailleurs accus\u00e9 Emmanuel Macron d\u2019avoir pris \u00ab\u00a0fait et cause d\u2019entr\u00e9e de jeu pour un tel enl\u00e8vement\u00a0\u00bb, une position qu\u2019il a estim\u00e9e \u00ab\u00a0tout \u00e0 fait pitoyable\u00a0\u00bb.<\/p>\n<p>Le 3 janvier au soir, dans une premi\u00e8re r\u00e9action tardive \u00e0 l\u2019<a target=\"_blank\" href=\"https:\/\/truthsocial.com\/@realDonaldTrump\/posts\/115830428767897167\">annonce<\/a> par le pr\u00e9sident des \u00c9tats-Unis, Donald Trump de la \u00ab\u00a0capture\u00a0\u00bb de son homologue v\u00e9n\u00e9zu\u00e9lien et de sa femme par les forces am\u00e9ricaines, le pr\u00e9sident fran\u00e7ais avait d\u00e9clar\u00e9 dans un tweet que le peuple v\u00e9n\u00e9zu\u00e9lien \u00ab ne peut que s\u2019en r\u00e9jouir \u00bb \u00e9tant \u00ab\u00a0d\u00e9barrass\u00e9 de la dictature de Nicol\u00e1s Maduro\u00a0\u00bb.<\/p>\n<h3>Appel \u00e0 la lib\u00e9ration et au retour imm\u00e9diats de Maduro<\/h3>\n<p>Un message \u00e9lys\u00e9en, o\u00f9 il n\u2019\u00e9tait fait nulle mention des \u00c9tats-Unis, qui avait indign\u00e9 un large pan de la classe politique fran\u00e7aise, y voyant un alignement de Paris sur Washington. Une prise de position qui \u00ab\u00a0n&rsquo;est pas la voix de la France\u00a0\u00bb, avait notamment r\u00e9agi sur X Jean-Luc M\u00e9lenchon. \u00ab\u00a0Il nous fait honte. Il abandonne le droit international\u00a0\u00bb, avait-il ajout\u00e9. M\u00e9lenchon\u00a0figurait parmi les premiers responsables politique fran\u00e7ais a r\u00e9agir \u00e0 l\u2019annonce de Donald Trump, fustigeant une \u00ab\u00a0intervention militaire d\u2019un autre \u00e2ge\u00a0\u00bb et un \u00ab\u00a0enl\u00e8vement odieux\u00a0\u00bb.<\/p>\n<p>Depuis le 3 janvier, LFI appelle \u00e0 la \u00ab\u00a0<a target=\"_blank\" href=\"https:\/\/francais.rt.com\/france\/129132-france-mathilde-panot-reitere-appel-liberation-retour-venezuela-maduro\">lib\u00e9ration imm\u00e9diate<\/a>\u00a0\u00bb de Nicol\u00e1s\u00a0Maduro et de sa femme ainsi qu\u2019\u00e0 leur \u00ab\u00a0retour imm\u00e9diat et sans condition\u00a0\u00bb au Venezuela. Un appel qui a valu au parti de Jean Luc M\u00e9lenchon et \u00e0 lui-m\u00eame, des critiques de la part de leurs opposants politiques.<\/p>\n<\/div>\n<p><br \/>\n<br \/><a href=\"https:\/\/francais.rt.com\/france\/129296-etats-unis-armes-main-melenchon\" target=\"_blank\"\">Source link <\/a><\/p>\n","protected":false},"excerpt":{"rendered":"<p>Lors d\u2019un rassemblement \u00e0 Lyon, o\u00f9 il a de nouveau fustig\u00e9 l\u2019intervention militaire des \u00c9tats-Unis au Venezuela, qui a abouti \u00e0 l\u2019enl\u00e8vement le 3 janvier de Nicol\u00e1s Maduro, le leader&hellip; <\/p>\n","protected":false},"author":1,"featured_media":22292,"comment_status":"open","ping_status":"open","sticky":false,"template":"","format":"standard","meta":{"footnotes":""},"categories":[1],"tags":[],"class_list":["post-22291","post","type-post","status-publish","format-standard","has-post-thumbnail","hentry","category-non-classe"],"_links":{"self":[{"href":"https:\/\/monde25.info\/index.php\/wp-json\/wp\/v2\/posts\/22291","targetHints":{"allow":["GET"]}}],"collection":[{"href":"https:\/\/monde25.info\/index.php\/wp-json\/wp\/v2\/posts"}],"about":[{"href":"https:\/\/monde25.info\/index.php\/wp-json\/wp\/v2\/types\/post"}],"author":[{"embeddable":true,"href":"https:\/\/monde25.info\/index.php\/wp-json\/wp\/v2\/users\/1"}],"replies":[{"embeddable":true,"href":"https:\/\/monde25.info\/index.php\/wp-json\/wp\/v2\/comments?post=22291"}],"version-history":[{"count":0,"href":"https:\/\/monde25.info\/index.php\/wp-json\/wp\/v2\/posts\/22291\/revisions"}],"wp:featuredmedia":[{"embeddable":true,"href":"https:\/\/monde25.info\/index.php\/wp-json\/wp\/v2\/media\/22292"}],"wp:attachment":[{"href":"https:\/\/monde25.info\/index.php\/wp-json\/wp\/v2\/media?parent=22291"}],"wp:term":[{"taxonomy":"category","embeddable":true,"href":"https:\/\/monde25.info\/index.php\/wp-json\/wp\/v2\/categories?post=22291"},{"taxonomy":"post_tag","embeddable":true,"href":"https:\/\/monde25.info\/index.php\/wp-json\/wp\/v2\/tags?post=22291"}],"curies":[{"name":"wp","href":"https:\/\/api.w.org\/{rel}","templated":true}]}}