{"id":22293,"date":"2026-01-12T04:52:36","date_gmt":"2026-01-12T03:52:36","guid":{"rendered":"https:\/\/monde25.info\/index.php\/2026\/01\/12\/des-potes-des-soeurs-des-camarades-par-jules-cretois-le-monde-diplomatique-janvier-2026\/"},"modified":"2026-01-12T04:52:36","modified_gmt":"2026-01-12T03:52:36","slug":"des-potes-des-soeurs-des-camarades-par-jules-cretois-le-monde-diplomatique-janvier-2026","status":"publish","type":"post","link":"https:\/\/monde25.info\/index.php\/2026\/01\/12\/des-potes-des-soeurs-des-camarades-par-jules-cretois-le-monde-diplomatique-janvier-2026\/","title":{"rendered":"Des potes, des s\u0153urs, des camarades, par Jules Cr\u00e9tois (Le Monde diplomatique, janvier 2026)"},"content":{"rendered":"<p> <br \/>\n<\/p>\n<div couleurfade=\"fde9e6\" couleurclaire=\"fad6d0\" couleurpale=\"f2afa5\" couleurmi=\"ba2811\" couleurfoncee=\"8c1d0c\" couleursombre=\"2e0a04\" couleurfond=\"7b534c\" couleurtexte=\"ffffff\">\n<figure class=\"spip_document_41453 spip_documents spip_documents_right\" style=\"float:right; width:200px;\">\n<div class=\"limage\">\n<p>\t\t\t<img loading=\"lazy\" decoding=\"async\" src=\"https:\/\/www.monde-diplomatique.fr\/\/local\/cache-vignettes\/L200xH293\/nospuissantesamities-9acd8.jpg?1766063415\" width=\"200\" height=\"293\" class=\"spip_logos\" alt=\"JPEG - 27.1\u00a0kio\"\/><\/p><\/div><figcaption>\n<\/figcaption><\/figure>\n<p><span class=\"mot-lettrine\"><span class=\"lettrine\">B<\/span>eaucoup<\/span> de travaux critiques ont \u00e9t\u00e9 consacr\u00e9s au couple et aux relations familiales. Le temps est venu de porter aussi un regard politique sur l\u2019amiti\u00e9. Les propos progressistes sur le sujet, en vogue, sont parfois abstraits. Mais leur int\u00e9r\u00eat th\u00e9orique n\u2019est pas nul. D\u00e9fendre l\u2019amiti\u00e9 comme lien aussi l\u00e9gitime que l\u2019amour, <i>\u00ab<small class=\"fine\">\u00a0<\/small>penser la possibilit\u00e9 de l\u2019amiti\u00e9 femme-homme<small class=\"fine\">\u00a0<\/small>\u00bb<\/i> et <i>\u00ab<small class=\"fine\">\u00a0<\/small>soigner nos amiti\u00e9s f\u00e9minines<small class=\"fine\">\u00a0<\/small>\u00bb<\/i><span class=\"spip_note_ref\">\u00a0(<a target=\"_blank\" href=\"http:\/\/www.monde-diplomatique.fr\/2026\/01\/CRETOIS\/69131#nb1\" class=\"spip_note\" rel=\"appendix\" title=\"Alice Raybaud, Nos puissantes amiti\u00e9s. Des liens politiques, des lieux de\u00a0(\u2026)\" id=\"nh1\">1<\/a>)<\/span>\u00a0: Alice Raybaud, journaliste au <i>Monde,<\/i> qui tient \u00e0 pr\u00e9ciser qu\u2019elle <i>\u00ab<small class=\"fine\">\u00a0<\/small>parle depuis le point de vue d\u2019une femme bisexuelle, de 26\u00a0ans, blanche, socialement favoris\u00e9e<small class=\"fine\">\u00a0<\/small>\u00bb,<\/i> invite \u00e0 s\u2019appuyer sur l\u2019amiti\u00e9 pour envisager d\u2019autres mani\u00e8res d\u2019habiter \u00e0 plusieurs ou d\u2019\u00e9lever des enfants. D\u2019anciennes militantes du Mouvement de lib\u00e9ration des femmes (MLF) t\u00e9moignent de la mani\u00e8re dont les complicit\u00e9s personnelles ont \u00e9t\u00e9 primordiales dans la structuration de leur combat. Le principe de \u00ab<small class=\"fine\">\u00a0<\/small>tendresse amicale<small class=\"fine\">\u00a0<\/small>\u00bb a aussi influenc\u00e9 leurs r\u00e9flexions sur l\u2019accueil des femmes voulant avorter. Prendre au s\u00e9rieux l\u2019amiti\u00e9, c\u2019est encore, aujourd\u2019hui, par exemple, <i>\u00ab<small class=\"fine\">\u00a0<\/small>penser d\u2019autres plans vieillesse<small class=\"fine\">\u00a0<\/small>\u00bb,<\/i> fond\u00e9s sur des relations affinitaires choisies et joyeuses.<\/p>\n<figure class=\"spip_document_41452 spip_documents spip_documents_right\" style=\"float:right; width:200px;\">\n<div class=\"limage\">\n<p>\t\t\t<img loading=\"lazy\" decoding=\"async\" src=\"https:\/\/www.monde-diplomatique.fr\/\/local\/cache-vignettes\/L200xH309\/lamitieenrevolution-7296e.jpg?1766063415\" width=\"200\" height=\"309\" class=\"spip_logos\" alt=\"JPEG - 32.9\u00a0kio\"\/><\/p><\/div><figcaption>\n<\/figcaption><\/figure>\n<p>Th\u00e9oriser l\u2019amiti\u00e9 n\u2019est pas une nouveaut\u00e9. La p\u00e9riode r\u00e9volutionnaire en France est marqu\u00e9e par <i>\u00ab<small class=\"fine\">\u00a0<\/small>une app\u00e9tence \u00e0 propos d\u2019autres relations sociales que celles induites par le sang, l\u2019int\u00e9r\u00eat, la hi\u00e9rarchie ou la passion<small class=\"fine\">\u00a0<\/small>\u00bb,<\/i> rappelle l\u2019historien Philippe Bourdin dans l\u2019introduction \u00e0 <i>L\u2019Amiti\u00e9 en r\u00e9volution<\/i><span class=\"spip_note_ref\">\u00a0(<a target=\"_blank\" href=\"http:\/\/www.monde-diplomatique.fr\/2026\/01\/CRETOIS\/69131#nb2\" class=\"spip_note\" rel=\"appendix\" title=\"Philippe Bourdin et C\u00f4me Simien (sous la dir. de), L\u2019Amiti\u00e9 en r\u00e9volution,\u00a0(\u2026)\" id=\"nh2\">2<\/a>)<\/span>. Les clubs r\u00e9pondent aux noms d\u2019Amis de la Constitution, d\u2019Amis des Droits de l\u2019homme, d\u2019Amis de l\u2019\u00c9galit\u00e9\u2026 Les r\u00e9publicains, en partie h\u00e9ritiers de la culture ma\u00e7onne et lecteurs d\u2019auteurs grecs ou romains, d\u00e9ploient un discours subtil au sujet de l\u2019amiti\u00e9. Secr\u00e8te, elle peut favoriser les factions, mais elle a des vertus politiques en tant qu\u2019antidote \u00e0 l\u2019\u00e9go\u00efsme. <i>\u00ab<small class=\"fine\">\u00a0<\/small>La patrie n\u2019est point le sol, elle est la communaut\u00e9 des affections\u2026<small class=\"fine\">\u00a0<\/small>\u00bb,<\/i> \u00e9crit Saint-Just, qui formule, dans un trait\u00e9 sur les institutions r\u00e9publicaines, la r\u00e8gle suivante\u00a0: <i>\u00ab<small class=\"fine\">\u00a0<\/small>Celui qui dit qu\u2019il ne croit pas \u00e0 l\u2019amiti\u00e9 est banni.<small class=\"fine\">\u00a0<\/small>\u00bb<\/i> Comme le rel\u00e8ve Marisa Linton dans sa contribution \u00e0 l\u2019ouvrage collectif codirig\u00e9 par Bourdin et C\u00f4me Simien, <i>\u00ab<small class=\"fine\">\u00a0<\/small>les r\u00e9seaux d\u2019amiti\u00e9 et de loyaut\u00e9 personnelle ont jou\u00e9 un r\u00f4le majeur dans l\u2019\u00e9laboration des choix et des alliances politiques<small class=\"fine\">\u00a0<\/small>\u00bb,<\/i> et les fid\u00e9lit\u00e9s se paient parfois cher.<\/p>\n<figure class=\"spip_document_41454 spip_documents spip_documents_right\" style=\"float:right; width:200px;\">\n<div class=\"limage\">\n<p>\t\t\t<img loading=\"lazy\" decoding=\"async\" src=\"https:\/\/www.monde-diplomatique.fr\/\/local\/cache-vignettes\/L200xH304\/lesamitiesaucollege-5a21f.jpg?1766063415\" width=\"200\" height=\"304\" class=\"spip_logos\" alt=\"JPEG - 34.5\u00a0kio\"\/><\/p><\/div><figcaption>\n<\/figcaption><\/figure>\n<p>Le chercheur Timoth\u00e9e Chabot a, lui, men\u00e9 entre 2018 et 2021 une enqu\u00eate aupr\u00e8s de coll\u00e9giens, afin de savoir ce qu\u2019il en est pour eux de l\u2019amiti\u00e9. Il en ressort qu\u2019ils n\u2019ont pas le m\u00eame go\u00fbt que leurs parents pour l\u2019homophilie (la pr\u00e9f\u00e9rence pour ceux qui leur sont socialement semblables)<span class=\"spip_note_ref\">\u00a0(<a target=\"_blank\" href=\"http:\/\/www.monde-diplomatique.fr\/2026\/01\/CRETOIS\/69131#nb3\" class=\"spip_note\" rel=\"appendix\" title=\"Timoth\u00e9e Chabot, Les Amiti\u00e9s au coll\u00e8ge. Mixit\u00e9 sociale et relations entre\u00a0(\u2026)\" id=\"nh3\">3<\/a>)<\/span>. L\u2019\u00e9cole peut favoriser cette mixit\u00e9 que les \u00e9l\u00e8ves disent d\u2019eux-m\u00eames appr\u00e9cier. Encore faut-il collectivement l\u2019organiser, car les rencontres par-del\u00e0 la classe sociale ne sont pas une \u00e9vidence, et c\u2019est l\u00e0 le r\u00f4le des politiques publiques. Au coll\u00e8ge, elles peuvent tenir \u00e0 si peu\u00a0: <i>\u00ab<small class=\"fine\">\u00a0<\/small>On pr\u00e9f\u00e9rera avoir quelques latinistes dans chaque classe plut\u00f4t qu\u2019une seule classe qui les regroupe tous.<small class=\"fine\">\u00a0<\/small>\u00bb<\/i><\/p>\n<\/p><\/div>\n<div>\n<div id=\"nb1\">\n<p><span class=\"spip_note_ref\">(<a target=\"_blank\" href=\"http:\/\/www.monde-diplomatique.fr\/2026\/01\/CRETOIS\/69131#nh1\" class=\"spip_note\" title=\"Notes 1\" rev=\"appendix\">1<\/a>)\u00a0<\/span>Alice Raybaud, <i>Nos puissantes amiti\u00e9s. Des liens politiques, des lieux de r\u00e9sistance,<\/i> La D\u00e9couverte, Paris, 2024, 320 pages, 20 euros.<\/p>\n<\/div>\n<div id=\"nb2\">\n<p><span class=\"spip_note_ref\">(<a target=\"_blank\" href=\"http:\/\/www.monde-diplomatique.fr\/2026\/01\/CRETOIS\/69131#nh2\" class=\"spip_note\" title=\"Notes 2\" rev=\"appendix\">2<\/a>)\u00a0<\/span>Philippe Bourdin et C\u00f4me Simien (sous la dir. de), <i>L\u2019Amiti\u00e9 en r\u00e9volution, 1789-1799. De l\u2019histoire \u00e0 la m\u00e9moire,<\/i> Presses universitaires de Rennes, 2024, 410 pages, 28 euros.<\/p>\n<\/div>\n<div id=\"nb3\">\n<p><span class=\"spip_note_ref\">(<a target=\"_blank\" href=\"http:\/\/www.monde-diplomatique.fr\/2026\/01\/CRETOIS\/69131#nh3\" class=\"spip_note\" title=\"Notes 3\" rev=\"appendix\">3<\/a>)\u00a0<\/span>Timoth\u00e9e Chabot, <i>Les Amiti\u00e9s au coll\u00e8ge. Mixit\u00e9 sociale et relations entre \u00e9l\u00e8ves,<\/i> PUF, Paris, 2025, 288 pages, 19,90 euros.<\/p>\n<\/div>\n<\/div>\n<p><br \/>\n<br \/><a href=\"https:\/\/www.monde-diplomatique.fr\/2026\/01\/CRETOIS\/69131\" target=\"_blank\"\">Source link <\/a><\/p>\n","protected":false},"excerpt":{"rendered":"<p>Beaucoup de travaux critiques ont \u00e9t\u00e9 consacr\u00e9s au couple et aux relations familiales. Le temps est venu de porter aussi un regard politique sur l\u2019amiti\u00e9. Les propos progressistes sur le&hellip; <\/p>\n","protected":false},"author":1,"featured_media":22294,"comment_status":"open","ping_status":"open","sticky":false,"template":"","format":"standard","meta":{"footnotes":""},"categories":[1],"tags":[],"class_list":["post-22293","post","type-post","status-publish","format-standard","has-post-thumbnail","hentry","category-non-classe"],"_links":{"self":[{"href":"https:\/\/monde25.info\/index.php\/wp-json\/wp\/v2\/posts\/22293","targetHints":{"allow":["GET"]}}],"collection":[{"href":"https:\/\/monde25.info\/index.php\/wp-json\/wp\/v2\/posts"}],"about":[{"href":"https:\/\/monde25.info\/index.php\/wp-json\/wp\/v2\/types\/post"}],"author":[{"embeddable":true,"href":"https:\/\/monde25.info\/index.php\/wp-json\/wp\/v2\/users\/1"}],"replies":[{"embeddable":true,"href":"https:\/\/monde25.info\/index.php\/wp-json\/wp\/v2\/comments?post=22293"}],"version-history":[{"count":0,"href":"https:\/\/monde25.info\/index.php\/wp-json\/wp\/v2\/posts\/22293\/revisions"}],"wp:featuredmedia":[{"embeddable":true,"href":"https:\/\/monde25.info\/index.php\/wp-json\/wp\/v2\/media\/22294"}],"wp:attachment":[{"href":"https:\/\/monde25.info\/index.php\/wp-json\/wp\/v2\/media?parent=22293"}],"wp:term":[{"taxonomy":"category","embeddable":true,"href":"https:\/\/monde25.info\/index.php\/wp-json\/wp\/v2\/categories?post=22293"},{"taxonomy":"post_tag","embeddable":true,"href":"https:\/\/monde25.info\/index.php\/wp-json\/wp\/v2\/tags?post=22293"}],"curies":[{"name":"wp","href":"https:\/\/api.w.org\/{rel}","templated":true}]}}