{"id":22298,"date":"2026-01-12T06:31:36","date_gmt":"2026-01-12T05:31:36","guid":{"rendered":"https:\/\/monde25.info\/index.php\/2026\/01\/12\/manifs-agricoles-la-police-libere-les-deux-porte-parole-de-la-confederation-paysanne\/"},"modified":"2026-01-12T06:31:36","modified_gmt":"2026-01-12T05:31:36","slug":"manifs-agricoles-la-police-libere-les-deux-porte-parole-de-la-confederation-paysanne","status":"publish","type":"post","link":"https:\/\/monde25.info\/index.php\/2026\/01\/12\/manifs-agricoles-la-police-libere-les-deux-porte-parole-de-la-confederation-paysanne\/","title":{"rendered":"Manifs agricoles : la police lib\u00e8re les deux porte-parole de la Conf\u00e9d\u00e9ration paysanne"},"content":{"rendered":"<p> <br \/>\n<\/p>\n<div>\n<p>Deux porte-parole nationaux de la Conf\u00e9d\u00e9ration paysanne interpell\u00e9s vendredi matin par la police \u00e0 Paris, ont \u00e9t\u00e9 rel\u00e2ch\u00e9s \u00ab\u00a0peu apr\u00e8s 17H00\u00a0\u00bb au commissariat du 16\u1d49\u00a0arrondissement de Paris.<\/p>\n<p>Le syndicat, troisi\u00e8me organisation repr\u00e9sentative des agriculteurs fran\u00e7ais, avait d\u00e9nonc\u00e9 en fin de matin\u00e9e les interpellations \u00ab\u00a0tr\u00e8s brutales\u00a0\u00bb de Thomas Gibert et St\u00e9phane Galais, qui participaient aux manifestations contre l&rsquo;accord UE-Mercosur adopt\u00e9 vendredi \u00e0 Bruxelles.<\/p>\n<p>\u00ab\u00a0La mobilisation a \u00e9t\u00e9 \u00e9norme, c\u2019est pour \u00e7a qu&rsquo;on a \u00e9t\u00e9 lib\u00e9r\u00e9s\u00a0\u00bb a d\u00e9clar\u00e9 St\u00e9phane Galais \u00e0 l&rsquo;AFP, \u00e0 sa sortie.<\/p>\n<p>La d\u00e9put\u00e9e LFI de Haute-Vienne Manon Meunier, qui les soutient, a d\u00e9nonc\u00e9 pour sa part \u00ab\u00a0la r\u00e9pression\u00a0\u00bb, \u00ab\u00a0seule r\u00e9ponse\u00a0\u00bb, selon elle, apport\u00e9e par le gouvernement au d\u00e9sarroi et \u00e0 la col\u00e8re des \u00e9leveurs aux prises avec une \u00e9pid\u00e9mie bovine d\u00e9vastatrice alors qu&rsquo;ils estiment leurs revenus menac\u00e9s par la signature d&rsquo;un accord de libre-\u00e9change avec les pays du Mercosur en Am\u00e9rique latine.<\/p>\n<p>\u00ab\u00a0On ne fait pas taire la col\u00e8re agricole par la r\u00e9pression. Le gouvernement ne sait pas r\u00e9pondre aux \u00e9leveurs\u00a0\u00bb a-t-elle estim\u00e9.<\/p>\n<p>\u00ab\u00a0Nos mobilisations continuent. On ne va pas en rester l\u00e0\u00a0\u00bb, a ajout\u00e9 Fanny M\u00e9trat, autre porte-parole de la Conf\u00e9d\u00e9ration paysanne, tandis que St\u00e9phane Galais demandait \u00ab\u00a0la d\u00e9mission\u00a0\u00bb de la ministre de l&rsquo;Agriculture Annie Genevard.<\/p>\n<p>\u00ab\u00a0Pour ce soir, on verra ce qu&rsquo;elle annonce. Je n&rsquo;en attend pas grand chose. Nous avons \u00e9t\u00e9 re\u00e7us par le Premier ministre il y a deux jours. Elle n&rsquo;est plus notre interlocutrice\u00a0\u00bb a-t-il ajout\u00e9.<\/p>\n<p>Avant l&rsquo;aube, la Conf\u00e9d\u00e9ration paysanne avait lanc\u00e9 une op\u00e9ration escargot avec des tracteurs sur le p\u00e9riph\u00e9rique parisien. Le gros des troupes &#8211; des agriculteurs, des \u00e9tudiants agronomes et des militants \u00e9cologistes\u00a0\u2013 ont pendant ce temps gagn\u00e9 en m\u00e9tro la place de l&rsquo;\u00c9toile, \u00ab\u00a0point de ralliement pour les tracteurs\u00a0\u00bb, a-t-on expliqu\u00e9 au syndicat.<\/p>\n<p>La veille, la Coordination rurale, 2\u1d49\u00a0syndicat agricole r\u00e9put\u00e9 pour ses op\u00e9rations muscl\u00e9es, \u00e9tait aussi entr\u00e9e en tracteur dans Paris, stationnant au pied de l&rsquo;Arc de Triomphe, pr\u00e8s de la Tour Eiffel et devant l&rsquo;Assembl\u00e9e nationale. Les tracteurs avaient lev\u00e9 le camp en fin de journ\u00e9e sans aucune tentative des forces de l&rsquo;ordre pour d\u00e9loger les manifestants.<\/p>\n<\/div>\n<p><script>(function(d, s, id) {  var js, fjs = d.getElementsByTagName(s)[0];  if (d.getElementById(id)) return;  js = d.createElement(s); js.id = id;  js.src = \"\/\/connect.facebook.net\/fr_FR\/sdk.js#xfbml=1&version=v2.3\";  fjs.parentNode.insertBefore(js, fjs);}(document, \"script\", \"facebook-jssdk\"));<\/script><br \/>\n<br \/><br \/>\n<br \/><a href=\"https:\/\/www.francesoir.fr\/politique-france\/manifs-agricoles-la-police-libere-les-deux-porte-parole-de-la-confederation\" target=\"_blank\"\">Source link <\/a><\/p>\n","protected":false},"excerpt":{"rendered":"<p>Deux porte-parole nationaux de la Conf\u00e9d\u00e9ration paysanne interpell\u00e9s vendredi matin par la police \u00e0 Paris, ont \u00e9t\u00e9 rel\u00e2ch\u00e9s \u00ab\u00a0peu apr\u00e8s 17H00\u00a0\u00bb au commissariat du 16\u1d49\u00a0arrondissement de Paris. Le syndicat, troisi\u00e8me&hellip; <\/p>\n","protected":false},"author":1,"featured_media":22299,"comment_status":"open","ping_status":"open","sticky":false,"template":"","format":"standard","meta":{"footnotes":""},"categories":[1],"tags":[],"class_list":["post-22298","post","type-post","status-publish","format-standard","has-post-thumbnail","hentry","category-non-classe"],"_links":{"self":[{"href":"https:\/\/monde25.info\/index.php\/wp-json\/wp\/v2\/posts\/22298","targetHints":{"allow":["GET"]}}],"collection":[{"href":"https:\/\/monde25.info\/index.php\/wp-json\/wp\/v2\/posts"}],"about":[{"href":"https:\/\/monde25.info\/index.php\/wp-json\/wp\/v2\/types\/post"}],"author":[{"embeddable":true,"href":"https:\/\/monde25.info\/index.php\/wp-json\/wp\/v2\/users\/1"}],"replies":[{"embeddable":true,"href":"https:\/\/monde25.info\/index.php\/wp-json\/wp\/v2\/comments?post=22298"}],"version-history":[{"count":0,"href":"https:\/\/monde25.info\/index.php\/wp-json\/wp\/v2\/posts\/22298\/revisions"}],"wp:featuredmedia":[{"embeddable":true,"href":"https:\/\/monde25.info\/index.php\/wp-json\/wp\/v2\/media\/22299"}],"wp:attachment":[{"href":"https:\/\/monde25.info\/index.php\/wp-json\/wp\/v2\/media?parent=22298"}],"wp:term":[{"taxonomy":"category","embeddable":true,"href":"https:\/\/monde25.info\/index.php\/wp-json\/wp\/v2\/categories?post=22298"},{"taxonomy":"post_tag","embeddable":true,"href":"https:\/\/monde25.info\/index.php\/wp-json\/wp\/v2\/tags?post=22298"}],"curies":[{"name":"wp","href":"https:\/\/api.w.org\/{rel}","templated":true}]}}