{"id":22302,"date":"2026-01-12T07:37:41","date_gmt":"2026-01-12T06:37:41","guid":{"rendered":"https:\/\/monde25.info\/index.php\/2026\/01\/12\/nous-allons-bien-nous-sommes-des-combattants-rt-en-francais\/"},"modified":"2026-01-12T07:37:41","modified_gmt":"2026-01-12T06:37:41","slug":"nous-allons-bien-nous-sommes-des-combattants-rt-en-francais","status":"publish","type":"post","link":"https:\/\/monde25.info\/index.php\/2026\/01\/12\/nous-allons-bien-nous-sommes-des-combattants-rt-en-francais\/","title":{"rendered":"\u00abNous allons bien, nous sommes des combattants\u00bb \u2014 RT en fran\u00e7ais"},"content":{"rendered":"<p> <br \/>\n<br \/><img decoding=\"async\" src=\"https:\/\/mf.b37mrtl.ru\/french\/images\/2026.01\/thumbnail\/6963db8487f3ec49f6667a5c.jpg\" \/><\/p>\n<div>\n<p class=\"text__summary\">\n                                        Citant les avocats du pr\u00e9sident v\u00e9n\u00e9zu\u00e9lien, le fils de Nicol\u00e1s Maduro a rapport\u00e9 les d\u00e9clarations de son p\u00e8re depuis sa prison aux \u00c9tats-Unis, appelant \u00e0 conserver la r\u00e9volution et la d\u00e9mocratie v\u00e9n\u00e9zu\u00e9lienne. Le d\u00e9partement d&rsquo;\u00c9tat am\u00e9ricain a de son c\u00f4t\u00e9 alert\u00e9 contre les voyages de citoyens am\u00e9ricains au Venezuela.\n                                    <\/p>\n<p>Depuis sa prison new-yorkaise, o\u00f9 il est enferm\u00e9 avec sa femme Cilia Flores, le pr\u00e9sident v\u00e9n\u00e9zu\u00e9lien a affirm\u00e9\u00a0: \u00ab\u00a0Nous allons bien, nous sommes des combattants\u00a0\u00bb, a rapport\u00e9 son fils, Nicol\u00e1s Maduro Guerra, dans une vid\u00e9o de la r\u00e9union du Parti socialiste unifi\u00e9 du Venezuela (PSUV) \u00e0 Caracas,\u00a0diffus\u00e9e le 10 janvier. Le chef d&rsquo;\u00c9tat v\u00e9n\u00e9zu\u00e9lien a \u00e9t\u00e9 enlev\u00e9 le 3 janvier par les forces am\u00e9ricaines et subit actuellement un proc\u00e8s aux \u00c9tats-Unis pour trafic de drogue notamment, dont la prochaine audience est pr\u00e9vue pour le 17 mars prochain.<\/p>\n<h2>\u00ab\u00a0Nous allons conserver la vie, nous allons conserver le pouvoir, nous allons conserver la r\u00e9volution\u00a0\u00bb<\/h2>\n<p>Citant les avocats de son p\u00e8re,\u00a0il a d\u00e9clar\u00e9 que le pr\u00e9sident v\u00e9n\u00e9zu\u00e9lien \u00ab\u00a0\u00e9tait fort\u00a0\u00bb, appelant le peuple \u00e0 ne pas s\u2019attrister, car il allait bien. \u00ab\u00a0Nous allons conserver la vie, nous allons conserver le pouvoir, nous allons conserver la r\u00e9volution. Il nous revient d&rsquo;avancer sur notre chemin pour maintenir la d\u00e9mocratie v\u00e9n\u00e9zu\u00e9lienne vivante, pour suivre le chemin de Chavez\u00a0\u00bb, a affirm\u00e9 le fils de Maduro.<\/p>\n<p>Nicol\u00e1s Maduro Guerra a point\u00e9 le recours \u00e0 une force disproportionn\u00e9e par les \u00c9tats-Unis pour l\u2019enl\u00e8vement de son p\u00e8re, \u00ab\u00a0un homme qu&rsquo;ils n&rsquo;ont pas pu vaincre par aucune voie\u00a0\u00bb, ajoutant qu\u2019\u00ab\u00a0ils ne l&rsquo;ont pas vaincu. Il est fort et nous devons \u00eatre forts\u00a0\u00bb.<\/p>\n<h2>Le d\u00e9partement d&rsquo;\u00c9tat am\u00e9ricain appelle ses ressortissants \u00e0 ne pas voyager au Venezuela<\/h2>\n<p>Un communiqu\u00e9 du d\u00e9partement d&rsquo;\u00c9tat a enjoint les citoyens am\u00e9ricains \u00e0 ne pas se rendre au Venezuela et que ceux qui s\u2019y trouvent d\u00e9j\u00e0 doivent\u00a0\u00ab\u00a0quitter le pays imm\u00e9diatement\u00a0\u00bb \u00e0 cause de la situation s\u00e9curitaire \u00ab\u00a0instable\u00a0\u00bb. La m\u00eame source a \u00e9voqu\u00e9 la menace de \u00ab\u00a0groupes de milices arm\u00e9es, connus sous le nom de colectivos, qui installent des barrages routiers et fouillent des v\u00e9hicules \u00e0 la recherche de preuves de citoyennet\u00e9 am\u00e9ricaine ou de soutien aux \u00c9tats-Unis\u00a0\u00bb.<\/p>\n<p>Pour le gouvernement v\u00e9n\u00e9zu\u00e9lien, l\u2019alerte du d\u00e9partement d&rsquo;\u00c9tat \u00ab\u00a0repose sur des r\u00e9cits inexistants visant \u00e0 cr\u00e9er une perception de risque qui n\u2019existe pas\u00a0\u00bb, indiquant que \u00ab\u00a0le Venezuela jouit d\u2019un calme, d\u2019une paix et d\u2019une stabilit\u00e9 absolus\u00a0\u00bb.<\/p>\n<\/div>\n<p><br \/>\n<br \/><a href=\"https:\/\/francais.rt.com\/international\/129295-depuis-prison-etats-unis-nicolas-nous-allons-bien-nous-sommes-combattants\" target=\"_blank\"\">Source link <\/a><\/p>\n","protected":false},"excerpt":{"rendered":"<p>Citant les avocats du pr\u00e9sident v\u00e9n\u00e9zu\u00e9lien, le fils de Nicol\u00e1s Maduro a rapport\u00e9 les d\u00e9clarations de son p\u00e8re depuis sa prison aux \u00c9tats-Unis, appelant \u00e0 conserver la r\u00e9volution et la&hellip; <\/p>\n","protected":false},"author":1,"featured_media":22303,"comment_status":"open","ping_status":"open","sticky":false,"template":"","format":"standard","meta":{"footnotes":""},"categories":[1],"tags":[],"class_list":["post-22302","post","type-post","status-publish","format-standard","has-post-thumbnail","hentry","category-non-classe"],"_links":{"self":[{"href":"https:\/\/monde25.info\/index.php\/wp-json\/wp\/v2\/posts\/22302","targetHints":{"allow":["GET"]}}],"collection":[{"href":"https:\/\/monde25.info\/index.php\/wp-json\/wp\/v2\/posts"}],"about":[{"href":"https:\/\/monde25.info\/index.php\/wp-json\/wp\/v2\/types\/post"}],"author":[{"embeddable":true,"href":"https:\/\/monde25.info\/index.php\/wp-json\/wp\/v2\/users\/1"}],"replies":[{"embeddable":true,"href":"https:\/\/monde25.info\/index.php\/wp-json\/wp\/v2\/comments?post=22302"}],"version-history":[{"count":0,"href":"https:\/\/monde25.info\/index.php\/wp-json\/wp\/v2\/posts\/22302\/revisions"}],"wp:featuredmedia":[{"embeddable":true,"href":"https:\/\/monde25.info\/index.php\/wp-json\/wp\/v2\/media\/22303"}],"wp:attachment":[{"href":"https:\/\/monde25.info\/index.php\/wp-json\/wp\/v2\/media?parent=22302"}],"wp:term":[{"taxonomy":"category","embeddable":true,"href":"https:\/\/monde25.info\/index.php\/wp-json\/wp\/v2\/categories?post=22302"},{"taxonomy":"post_tag","embeddable":true,"href":"https:\/\/monde25.info\/index.php\/wp-json\/wp\/v2\/tags?post=22302"}],"curies":[{"name":"wp","href":"https:\/\/api.w.org\/{rel}","templated":true}]}}