{"id":22306,"date":"2026-01-12T10:55:38","date_gmt":"2026-01-12T09:55:38","guid":{"rendered":"https:\/\/monde25.info\/index.php\/2026\/01\/12\/a-rennes-3-000-personnes-manifestent-contre-les-pesticides-dans-leau\/"},"modified":"2026-01-12T10:55:38","modified_gmt":"2026-01-12T09:55:38","slug":"a-rennes-3-000-personnes-manifestent-contre-les-pesticides-dans-leau","status":"publish","type":"post","link":"https:\/\/monde25.info\/index.php\/2026\/01\/12\/a-rennes-3-000-personnes-manifestent-contre-les-pesticides-dans-leau\/","title":{"rendered":"\u00c0 Rennes, 3 000 personnes manifestent contre les pesticides dans l&#039;eau"},"content":{"rendered":"<p> <br \/>\n<br \/><img loading=\"lazy\" decoding=\"async\" src=\"https:\/\/reporterre.net\/local\/cache-vignettes\/L700xH467\/manif_sage_rennes_10janv2025_qbv-24c-b5a72.jpg?1768207356\" class=\"spip_logo\" width=\"700\" height=\"467\" alt=\"\" \/><\/p>\n<p>Plus de 3 000 personnes se sont mobilis\u00e9es \u00e0 Rennes pour d\u00e9fendre le nouveau sch\u00e9ma de l&rsquo;eau qui veut limiter les herbicides pr\u00e8s des captages d&rsquo;eau potable, au grand dam des syndicats agricoles productivistes. <br class=\"autobr\" \/><br \/>\nRennes (Ille-et-Vilaine), reportage <br class=\"autobr\" \/><br \/>\nUne mar\u00e9e de drapeaux color\u00e9s flotte sur l&rsquo;esplanade Charles-de-Gaulle, lieu embl\u00e9matique des manifestations \u00e0 Rennes. Trois tracteurs occupent l&rsquo;espace, d\u00e9notant avec l&rsquo;atmosph\u00e8re b\u00e9tonn\u00e9e et urbaine du lieu. Autour de l&rsquo;un d&rsquo;eux, un groupe de\u00a0(\u2026)<\/p>\n<p>                    <a target=\"_blank\" href=\"https:\/\/reporterre.net\/A-Rennes-3-000-personnes-manifestent-contre-les-pesticides-dans-l-eau?utm_source=RSS&amp;utm_medium=RSS\">Lire la suite<\/a><\/p>\n<p>                    &#8211;<br \/>\n                        <a target=\"_blank\" href=\"https:\/\/reporterre.net\/Reportage\" rel=\"directory\">Reportage<\/a><\/p>\n<p>                    \/<br \/>\n                        <a target=\"_blank\" href=\"https:\/\/reporterre.net\/Photographies\" rel=\"tag\">Photographies<\/a><br \/>\n                    ,<br \/>\n                        <a target=\"_blank\" href=\"https:\/\/reporterre.net\/Pesticides\" rel=\"tag\">Pesticides<\/a><br \/>\n                    ,<br \/>\n                        <a target=\"_blank\" href=\"https:\/\/reporterre.net\/Luttes\" rel=\"tag\">Luttes<\/a><br \/>\n                    ,<br \/>\n                        <a target=\"_blank\" href=\"https:\/\/reporterre.net\/Eau-rivieres-oceans\" rel=\"tag\">Eau et rivi\u00e8res<\/a><br \/>\n<br \/><br \/>\n<br \/><a href=\"https:\/\/reporterre.net\/A-Rennes-3-000-personnes-manifestent-contre-les-pesticides-dans-l-eau\" target=\"_blank\"\">Source link <\/a><\/p>\n","protected":false},"excerpt":{"rendered":"<p>Plus de 3 000 personnes se sont mobilis\u00e9es \u00e0 Rennes pour d\u00e9fendre le nouveau sch\u00e9ma de l&rsquo;eau qui veut limiter les herbicides pr\u00e8s des captages d&rsquo;eau potable, au grand dam&hellip; <\/p>\n","protected":false},"author":1,"featured_media":0,"comment_status":"open","ping_status":"open","sticky":false,"template":"","format":"standard","meta":{"footnotes":""},"categories":[1],"tags":[],"class_list":["post-22306","post","type-post","status-publish","format-standard","hentry","category-non-classe"],"_links":{"self":[{"href":"https:\/\/monde25.info\/index.php\/wp-json\/wp\/v2\/posts\/22306","targetHints":{"allow":["GET"]}}],"collection":[{"href":"https:\/\/monde25.info\/index.php\/wp-json\/wp\/v2\/posts"}],"about":[{"href":"https:\/\/monde25.info\/index.php\/wp-json\/wp\/v2\/types\/post"}],"author":[{"embeddable":true,"href":"https:\/\/monde25.info\/index.php\/wp-json\/wp\/v2\/users\/1"}],"replies":[{"embeddable":true,"href":"https:\/\/monde25.info\/index.php\/wp-json\/wp\/v2\/comments?post=22306"}],"version-history":[{"count":0,"href":"https:\/\/monde25.info\/index.php\/wp-json\/wp\/v2\/posts\/22306\/revisions"}],"wp:attachment":[{"href":"https:\/\/monde25.info\/index.php\/wp-json\/wp\/v2\/media?parent=22306"}],"wp:term":[{"taxonomy":"category","embeddable":true,"href":"https:\/\/monde25.info\/index.php\/wp-json\/wp\/v2\/categories?post=22306"},{"taxonomy":"post_tag","embeddable":true,"href":"https:\/\/monde25.info\/index.php\/wp-json\/wp\/v2\/tags?post=22306"}],"curies":[{"name":"wp","href":"https:\/\/api.w.org\/{rel}","templated":true}]}}