{"id":22310,"date":"2026-01-12T12:34:45","date_gmt":"2026-01-12T11:34:45","guid":{"rendered":"https:\/\/monde25.info\/index.php\/2026\/01\/12\/ce-que-revele-le-meurtre-de-renee-good\/"},"modified":"2026-01-12T12:34:45","modified_gmt":"2026-01-12T11:34:45","slug":"ce-que-revele-le-meurtre-de-renee-good","status":"publish","type":"post","link":"https:\/\/monde25.info\/index.php\/2026\/01\/12\/ce-que-revele-le-meurtre-de-renee-good\/","title":{"rendered":"Ce que r\u00e9v\u00e8le le meurtre de Renee Good"},"content":{"rendered":"<p> <br \/>\n<\/p>\n<div>\n<h4><strong>Le 7 janvier 2026, \u00e0 Minneapolis, Renee Good est abattue de trois balles dans la t\u00eate par un agent de l\u2019ICE. La sc\u00e8ne est film\u00e9e, massivement diffus\u00e9e et comment\u00e9e, et les images disponibles contredisent directement le discours des autorit\u00e9s f\u00e9d\u00e9rales. <a target=\"_blank\" href=\"https:\/\/mrmondialisation.org\/rafles-racistes-los-angeles-trump-armee-riposte\/\">Dans la continuit\u00e9 des rafles racistes \u00e0 Los Angeles,<\/a> ce meurtre expose, par sa visibilit\u00e9, le fonctionnement ordinaire d\u2019une violence d\u2019\u00c9tat bureaucratis\u00e9e, militaris\u00e9e et prot\u00e9g\u00e9e par l\u2019impunit\u00e9 institutionnelle.<\/strong><\/h4>\n<p>Pr\u00e9sent\u00e9 par les autorit\u00e9s f\u00e9d\u00e9rales comme un acte de \u00ab l\u00e9gitime d\u00e9fense \u00bb, ce meurtre s\u2019inscrit pourtant dans une <b>longue s\u00e9rie de violences<\/b><b>\u00a0<\/b><b>commises par l\u2019ICE<\/b>. Les vid\u00e9os r\u00e9futent le r\u00e9cit officiel, tandis que les r\u00e9actions politiques, les manifestations et la polarisation de l\u2019opinion r\u00e9v\u00e8lent une fracture profonde. Car au-del\u00e0 du meurtre de Renee Good <a target=\"_blank\" href=\"https:\/\/mrmondialisation.org\/venezuela-coup-etat-trump-maduro\/\">et du coup d\u2019\u00c9tat au Venezuela,<\/a> c\u2019est tout un syst\u00e8me qui appara\u00eet : <strong>une milice f\u00e9d\u00e9rale hors de contr\u00f4le, un pouvoir qui ment pour l\u00e9gitimer son monopole de la violence, et une normalisation progressive de la violence institutionnelle comme mode ordinaire de gouvernement.<\/strong><\/p>\n<h2 class=\"western\"><strong>Les faits : chronologie d\u2019une ex\u00e9cution<\/strong><\/h2>\n<p>Le 7 janvier 2026, l\u2019Immigration and Customs Enforcement (ICE) m\u00e8ne une vaste op\u00e9ration f\u00e9d\u00e9rale de contr\u00f4le migratoire dans plusieurs quartiers de Minneapolis, aux \u00c9tats-Unis. Des agents lourdement arm\u00e9s investissent l\u2019espace public.<\/p>\n<p>Renee Good, 37 ans, citoyenne am\u00e9ricaine, <a target=\"_blank\" href=\"https:\/\/www.nytimes.com\/2026\/01\/08\/us\/renee-good-ice-minneapolis.html\">po\u00e9tesse prim\u00e9e par l\u2019Acad\u00e9mie des po\u00e8tes am\u00e9ricains en 2020<\/a> et m\u00e8re d\u2019un enfant de six ans, se trouve sur place avec sa compagne apr\u00e8s avoir d\u00e9pos\u00e9 leur enfant \u00e0 l\u2019\u00e9cole. Comme d\u2019autres habitant\u00b7es, elles s\u2019arr\u00eatent pour observer et documenter l\u2019intervention. Leur pr\u00e9sence rel\u00e8ve d\u2019une <b>vigilance citoyenne face \u00e0 une op\u00e9ration per\u00e7ue comme intrusive et potentiellement dangereuse<\/b><strong>,<\/strong> non d\u2019une confrontation violente. Les civil\u00b7es sont munis de sifflets ; les agents, d\u2019armes \u00e0 feu. Renee Good n\u2019est <b>ni arm\u00e9e, ni recherch\u00e9e, ni vis\u00e9e par l\u2019op\u00e9ration en cours. Rien, dans sa situation, ne justifie l\u2019usage de la force, et encore moins l\u00e9tale.<\/b><\/p>\n<p><iframe loading=\"lazy\" title=\"ICE officer fatally shoots driver in Minneapolis\" width=\"1110\" height=\"624\" src=\"https:\/\/www.youtube.com\/embed\/K9CJY5p0xz4?feature=oembed\" frameborder=\"0\" allow=\"accelerometer; autoplay; clipboard-write; encrypted-media; gyroscope; picture-in-picture; web-share\" referrerpolicy=\"strict-origin-when-cross-origin\" allowfullscreen><\/iframe><\/p>\n<p>Les images disponibles montrent une sc\u00e8ne br\u00e8ve et brutale. <strong>Alors qu\u2019elle repart en voiture et avance pour d\u00e9passer un v\u00e9hicule arr\u00eat\u00e9 devant elle, un agent f\u00e9d\u00e9ral ouvre le feu.<\/strong> Aucune sommation. Trois balles sont tir\u00e9es \u00e0 bout portant, en plein visage.<\/p>\n<p>La sc\u00e8ne est film\u00e9e par plusieurs t\u00e9moins. <strong>L\u2019un d\u2019eux, qui se pr\u00e9sente comme m\u00e9decin, supplie les agents de le laisser porter secours \u00e0 la victime.<\/strong> Sa demande est refus\u00e9e. <a target=\"_blank\" href=\"https:\/\/www.instagram.com\/reels\/DTRSkrpCA8M\/\">L\u2019un des agents r\u00e9pond explicitement qu\u2019il <em>\u00ab s\u2019en fout \u00bb<\/em><\/a>. <b>L\u2019assistance m\u00e9dicale est emp\u00each\u00e9e. <\/b>Renee Good meurt sur place, sous les yeux de sa compagne.<\/p>\n<p><strong>Les forces de l\u2019ICE encerclent ensuite la zone, \u00e9loignent les t\u00e9moins et prennent le contr\u00f4le total de la sc\u00e8ne. Les secours ne sont pas autoris\u00e9s \u00e0 intervenir.<\/strong> Les vid\u00e9os captent \u00e0 la fois les derniers mots prononc\u00e9s par Renee Good avant d\u2019\u00eatre abattue <a target=\"_blank\" href=\"https:\/\/www.instagram.com\/reel\/DTTLlYPgLKZ\/\">(\u00ab<i> I\u2019m not mad at you <\/i>\u00bb \u2013 \u00ab<i> Je ne t\u2019en veux pas<\/i> \u00bb)<\/a> et ceux de l\u2019agent en cause, dont une insulte sexiste (\u00ab\u00a0<i>F*cking b*tch<\/i> \u00bb) prof\u00e9r\u00e9e apr\u00e8s l\u2019avoir tu\u00e9e.<\/p>\n<h2 class=\"western\"><strong>Le mensonge de la \u00ab\u00a0l\u00e9gitime d\u00e9fense\u00a0\u00bb<\/strong><\/h2>\n<p>D\u00e8s les premi\u00e8res heures suivant le meurtre, les autorit\u00e9s f\u00e9d\u00e9rales invoquent la l\u00e9gitime d\u00e9fense pour justifier l\u2019usage de la force l\u00e9tale. Ce r\u00e9flexe n\u2019est pas nouveau. Il constitue l\u2019<b>un des piliers rh\u00e9toriques permettant aux institutions arm\u00e9es de neutraliser toute remise en cause imm\u00e9diate<\/b>, avant m\u00eame qu\u2019une enqu\u00eate ind\u00e9pendante ne puisse \u00eatre men\u00e9e.<\/p>\n<p>Or, la l\u00e9gitime d\u00e9fense repose sur des crit\u00e8res pr\u00e9cis : l\u2019existence d\u2019un danger imm\u00e9diat, r\u00e9el et proportionn\u00e9. <a target=\"_blank\" href=\"https:\/\/www.nytimes.com\/video\/us\/100000010631041\/minneapolis-ice-shooting-video.html\">Dans le cas de Renee Good, <b>les \u00e9l\u00e9ments rendus publics contredisent ce cadre.<\/b><\/a> Les vid\u00e9os ne montrent ni arme, ni menace directe, ni tentative d\u2019attaque contre les agents. Elles montrent une voiture avan\u00e7ant lentement pour contourner un v\u00e9hicule immobilis\u00e9, sans acc\u00e9l\u00e9ration ni trajectoire dirig\u00e9e vers un agent : <b>la victime cherche \u00e0 s\u2019\u00e9loigner, pas \u00e0 percuter. <\/b>Trois tirs sont n\u00e9anmoins effectu\u00e9s, visant la t\u00eate, une zone l\u00e9tale par d\u00e9finition.<b> Aucun agent n\u2019est bless\u00e9, aucun \u00e9change de tirs n\u2019a lieu.<\/b><\/p>\n<blockquote class=\"instagram-media\" style=\"background: #FFF; border: 0; border-radius: 3px; box-shadow: 0 0 1px 0 rgba(0,0,0,0.5),0 1px 10px 0 rgba(0,0,0,0.15); margin: 1px; max-width: 540px; min-width: 326px; padding: 0; width: calc(100% - 2px);\" data-instgrm-permalink=\"https:\/\/www.instagram.com\/reel\/DTS4fOfj_PF\/?utm_source=ig_embed&amp;utm_campaign=loading\" data-instgrm-version=\"14\">\n<\/blockquote>\n<p><a target=\"_blank\" href=\"https:\/\/www.dhs.gov\/sites\/default\/files\/2023-02\/23_0206_s1_use-of-force-policy-update.pdf\">Les directives publi\u00e9es en 2023 par le D\u00e9partement de la S\u00e9curit\u00e9 int\u00e9rieure<\/a>, dont d\u00e9pend l\u2019ICE, interdisent express\u00e9ment aux agents de tirer sur le conducteur d\u2019un v\u00e9hicule en mouvement, sauf en cas de l\u00e9gitime d\u00e9fense. <b>Le<\/b><b> recours \u00e0 la force l\u00e9tale <\/b><b>est proscrit <\/b><b>pour arr\u00eater une personne en fuite, \u00e0 moins que cette personne ne repr\u00e9sente une menace s\u00e9rieuse pour l\u2019agent ou le public.<\/b><\/p>\n<p>La qualification de l\u00e9gitime d\u00e9fense appara\u00eet alors non comme une conclusion fond\u00e9e sur les faits, mais comme<b> une construction narrative anticip\u00e9e op\u00e9rant un renversement classique<\/b> : ce n\u2019est plus l\u2019acte de tirer qui doit \u00eatre justifi\u00e9, mais la pr\u00e9sence m\u00eame de la victime, son refus suppos\u00e9 de se soumettre. Le tout dans <b>un contexte de violences extr\u00eames perp\u00e9tr\u00e9es par l\u2019ICE<\/b> depuis le d\u00e9but du mandat de Donald Trump, qui entretient <b>une peur largement r\u00e9pandue d\u2019interpellations arbitraires. <\/b><\/p>\n<div class=\"td-a-rec td-a-rec-id-content_inline  tdi_1 td_block_template_1\">\n<center><a target=\"_blank\" href=\"https:\/\/fr.tipeee.com\/mr-mondialisation\" class=\"tipeee-project-small\">Je m&rsquo;abonne \u00e0 Mr Mondialisation<\/a>&#13;<br \/>\n<\/center>&amp;nbsp<\/div>\n<p>Ce type de r\u00e9cit ne vise pas seulement \u00e0 prot\u00e9ger un agent individuel. Il sert \u00e0 <b>pr\u00e9server la l\u00e9gitimit\u00e9 globale d\u2019une institution<\/b>. En qualifiant imm\u00e9diatement la violence de d\u00e9fensive, le pouvoir tente d\u2019en fermer le d\u00e9bat politique et moral.<\/p>\n<figure id=\"attachment_1368051\" aria-describedby=\"caption-attachment-1368051\" style=\"width: 10254px\" class=\"wp-caption alignnone\"><img fetchpriority=\"high\" decoding=\"async\" class=\"wp-image-1368051\" src=\"https:\/\/mrmondialisation.org\/wp-content\/uploads\/2026\/01\/capture-decran-2026-01-10-184333.png\" alt=\"\" width=\"10254\" height=\"8743\" srcset=\"https:\/\/mrmondialisation.org\/wp-content\/uploads\/2026\/01\/capture-decran-2026-01-10-184333.png 699w, https:\/\/mrmondialisation.org\/wp-content\/uploads\/2026\/01\/capture-decran-2026-01-10-184333-696x593.png 696w, https:\/\/mrmondialisation.org\/wp-content\/uploads\/2026\/01\/capture-decran-2026-01-10-184333-493x420.png 493w\" sizes=\"(max-width: 10254px) 100vw, 10254px\"\/><figcaption id=\"caption-attachment-1368051\" class=\"wp-caption-text\">D\u00e9claration de Trump concernant le meurtre de Renee Good. <a target=\"_blank\" href=\"https:\/\/truthsocial.com\/@realDonaldTrump\/posts\/115855701696773990\">TruthSocial.<\/a><\/figcaption><\/figure>\n<p>Le sociologue Max Weber d\u00e9finissait l\u2019\u00c9tat comme l\u2019institution revendiquant le monopole de la violence l\u00e9gitime. Ce monopole constitue l\u2019un des ressorts de sa stabilit\u00e9 : la violence d\u2019\u00c9tat n\u2019est tol\u00e9r\u00e9e qu\u2019\u00e0 la condition d\u2019\u00eatre per\u00e7ue comme juste, n\u00e9cessaire et contr\u00f4l\u00e9e. Or, comme l\u2019a montr\u00e9 Pierre Bourdieu, cette l\u00e9gitimit\u00e9 repose aussi sur l\u2019imposition d\u2019un r\u00e9cit dominant, qui naturalise la domination et en masque les effets. Lorsque ce r\u00e9cit est contredit par les faits, <b>la violence d\u2019\u00c9tat cesse de relever du droit et appara\u00eet pour ce qu\u2019elle est dans son essence : l\u2019exercice r\u00e9ussi d\u2019un<\/b><b>e domination <\/b><b>par la force. <\/b><\/p>\n<h2><strong>Criminaliser l\u2019opposition\u00a0<\/strong><\/h2>\n<p>Aussi,<strong> la fixation de Trump sur <a target=\"_blank\" href=\"https:\/\/mrmondialisation.org\/lextreme-gauche-et-lextreme-droite-ne-sont-pas-comparables\/\">la \u00ab gauche radicale \u00bb comme menace int\u00e9rieure<\/a> est d\u2019autant plus mensong\u00e8re qu\u2019elle ne correspond pas aux donn\u00e9es disponibles sur la violence politique aux \u00c9tats-Unis<\/strong>. La grande majorit\u00e9 des meurtres id\u00e9ologiques sont perp\u00e9tr\u00e9s par des individus affili\u00e9s \u00e0 l\u2019extr\u00eame droite, bien plus que par des mouvances de gauche ou des militants radicaux non violents. Selon l\u2019organisation Anti-Defamation League, <a target=\"_blank\" href=\"https:\/\/www.adl.org\/resources\/report\/murder-and-extremism-united-states-2024\"><strong>93 % des meurtres extr\u00e9mistes identifiables sont attribu\u00e9s \u00e0 l\u2019extr\u00eame droite et \u00e0 des supr\u00e9macistes blancs.<\/strong><\/a><\/p>\n<p>Ce d\u00e9calage statistique rend encore plus clair que la campagne rh\u00e9torique visant la gauche n\u2019est pas un appel \u00e0 la prudence citoyenne mais<strong> une strat\u00e9gie politique de diversion et d\u2019ennemi fabriqu\u00e9.<\/strong><\/p>\n<h2 class=\"western\"><strong>R\u00e9actions politiques et rupture institutionnelle<\/strong><\/h2>\n<p>Le meurtre de Renee Nicole Good a imm\u00e9diatement ouvert une crise politique majeure entre les autorit\u00e9s locales et le gouvernement f\u00e9d\u00e9ral.<strong> \u00c0 Minneapolis, le maire Jacob Frey a condamn\u00e9 sans d\u00e9tour cet assassinat, rejetant la version officielle de l\u2019ICE et du d\u00e9partement de la S\u00e9curit\u00e9 int\u00e9rieure.<\/strong> Il a qualifi\u00e9 l\u2019argument de l\u00e9gitime d\u00e9fense de <em>\u00ab bullshit \u00bb<\/em> et a <b><a target=\"_blank\" href=\"https:\/\/www.youtube.com\/shorts\/HBq-bjZ6jdo\">exig\u00e9 que l\u2019ICE quitte la ville<\/a>, accusant l\u2019agence de semer le chaos plut\u00f4t que d\u2019assurer la s\u00e9curit\u00e9 des habitants. <\/b><\/p>\n<p><iframe loading=\"lazy\" title=\"Minneapolis Mayor Frey reacts to ICE shooting that left woman dead: &#039;That is bullshit&#039;\" width=\"1110\" height=\"624\" src=\"https:\/\/www.youtube.com\/embed\/XYrxyRgXw1Q?feature=oembed\" frameborder=\"0\" allow=\"accelerometer; autoplay; clipboard-write; encrypted-media; gyroscope; picture-in-picture; web-share\" referrerpolicy=\"strict-origin-when-cross-origin\" allowfullscreen><\/iframe><\/p>\n<p>Il a \u00e9galement d\u00e9nonc\u00e9 la <a target=\"_blank\" href=\"https:\/\/www.theguardian.com\/us-news\/2026\/jan\/09\/jacob-frey-trump-minneapolis-ice-investigation\">prise de contr\u00f4le totale de l\u2019enqu\u00eate par le FBI et l\u2019exclusion des responsables du bureau d\u2019enqu\u00eate du Minnesota<\/a>. Le gouverneur du Minnesota, Tim Walz a \u00e9galement exprim\u00e9 sa col\u00e8re face au meurtre de Renee Good, rappelant que <b>les \u00ab\u00a0<\/b><i><b>op\u00e9rations sensationnalis<\/b><\/i><i><b>\u00e9es<\/b><\/i><i><b> et dangereuses de l\u2019administration Trump\u00a0sont une menace pour la s\u00e9curit\u00e9 publique<\/b><\/i><b>\u00a0\u00bb.<\/b><\/p>\n<p>Au-del\u00e0 des d\u00e9clarations, cette rupture refl\u00e8te<strong> une fracture structurelle entre des gouvernants \u00e9lus et une machine f\u00e9d\u00e9rale militaris\u00e9e.<\/strong> Le maire et le gouverneur ne se contentent pas de demander des explications : ils exposent <i>de facto<\/i> un clivage institutionnel profond, o\u00f9 l\u2019usage de la force f\u00e9d\u00e9rale dans une ville d\u00e9mocratiquement administr\u00e9e est d\u00e9sormais contest\u00e9.<\/p>\n<p><iframe loading=\"lazy\" title=\"Tim Walz expresses &#039;anger&#039; after fatal shooting of woman by ICE in Minnesota\" width=\"1110\" height=\"624\" src=\"https:\/\/www.youtube.com\/embed\/N-Do4RM6s9M?feature=oembed\" frameborder=\"0\" allow=\"accelerometer; autoplay; clipboard-write; encrypted-media; gyroscope; picture-in-picture; web-share\" referrerpolicy=\"strict-origin-when-cross-origin\" allowfullscreen><\/iframe><\/p>\n<h2 class=\"western\"><strong>Mobilisation populaire contre le pouvoir arm\u00e9<\/strong><\/h2>\n<p>L\u2019indignation politique s\u2019est rapidement traduite dans la rue. D\u00e8s le lendemain du meurtre, <a target=\"_blank\" href=\"https:\/\/www.bbc.com\/news\/articles\/c3wz1ewg6dlo\">des manifestations ont \u00e9clat\u00e9<\/a> \u00e0 Minneapolis, mais aussi dans d\u2019autres villes \u00e9tasuniennes de Washington DC \u00e0 Boston, rassemblant des milliers de personnes. Des manifestant\u00b7es ont exig\u00e9 la disparition de la pr\u00e9sence f\u00e9d\u00e9rale arm\u00e9e dans leurs rues, \u00e9rigeant des barrages et organisant des vigiles en m\u00e9moire de Renee Good. <b>Les rassemblements solidaires qui ont \u00e9merg\u00e9 \u00e0 travers le pays ont d\u00e9nonc\u00e9 non seulement le meurtre, mais l\u2019ensemble des violences d\u2019\u00c9tat perp\u00e9tr\u00e9es depuis le d\u00e9but du mandat de Donald Trump. <\/b><\/p>\n<p><iframe loading=\"lazy\" title=\"Minneapolis :  des habitants demandent le d\u00e9part de l\u2019ICE apr\u00e8s la mort de Renee Good\" width=\"1110\" height=\"624\" src=\"https:\/\/www.youtube.com\/embed\/Lx2z6S59Zag?feature=oembed\" frameborder=\"0\" allow=\"accelerometer; autoplay; clipboard-write; encrypted-media; gyroscope; picture-in-picture; web-share\" referrerpolicy=\"strict-origin-when-cross-origin\" allowfullscreen><\/iframe><\/p>\n<h2 class=\"western\"><strong>\u00ab\u00a0Ren\u00e9e \u00e9tait l\u2019une des personnes les plus gentilles que j\u2019aie jamais connues\u00a0\u00bb<\/strong><\/h2>\n<p>Peu apr\u00e8s le drame, une d\u00e9claration de <a target=\"_blank\" href=\"https:\/\/www.mprnews.org\/story\/2026\/01\/09\/renee-goods-wife-releases-statement-about-ice-shooting\">la compagne de Renee Good, Becca Good, a \u00e9t\u00e9 publi\u00e9e, contredisant frontalement le r\u00e9cit des autorit\u00e9s f\u00e9d\u00e9rales.<\/a> Elle y d\u00e9crit Renee comme <b>une personne profond\u00e9ment bienveillante<\/b>. <b>Le couple venait de s\u2019installer \u00e0 Minneapolis pour construire une vie plus stable pour leurs enfants.\u00a0<\/b><\/p>\n<blockquote>\n<p><strong>\u00ab Si vous avez d\u00e9j\u00e0 rencontr\u00e9 ma femme, Renee Nicole Macklin Good, vous savez qu\u2019avant tout, elle \u00e9tait d\u2019une grande bont\u00e9. en fait, la bont\u00e9 \u00e9manait d\u2019elle. \u00bb<\/strong><\/p>\n<\/blockquote>\n<p><a target=\"_blank\" href=\"https:\/\/www.startribune.com\/she-was-an-amazing-human-being-mother-identifies-woman-shot-killed-by-ice-agent\/601559922\">La m\u00e8re de Renee, Donna Ganger, a \u00e9galement pris la parole<\/a>, affirmant que <b>sa fille n\u2019\u00e9tait pas du tout impliqu\u00e9e dans des actions de protestation violente<\/b> et r\u00e9futant les tentatives du D\u00e9partement de la s\u00e9curit\u00e9 int\u00e9rieure de la pr\u00e9senter comme une antagoniste ou une provocatrice. Elle l\u2019a d\u00e9crit comme femme d\u2019une <i><b>\u00ab\u00a0compassion exceptionnelle\u00a0\u00bb, \u00ab\u00a0l\u2019une des personnes les plus gentilles\u00a0\u00bb<\/b><\/i> qu\u2019elle a jamais connues.<\/p>\n<h2 class=\"western\"><strong>Un test de Rorschach politique : la soci\u00e9t\u00e9 face \u00e0 la violence d\u2019\u00c9tat<\/strong><\/h2>\n<p><a target=\"_blank\" href=\"https:\/\/www.facebook.com\/share\/14QjtrgyksF\/\">Le meurtre de Renee Good agit symboliquement comme un test de Rorschach \u00e0 l\u2019\u00e9chelle d\u2019une soci\u00e9t\u00e9 enti\u00e8re<\/a>. Face aux m\u00eames images, aux m\u00eames enregistrements, aux m\u00eames faits \u00e9tablis, les interpr\u00e9tations divergent radicalement. Ce qui se joue ici ne rel\u00e8ve pas d\u2019un d\u00e9saccord d\u2019opinion, mais d\u2019<b>une fracture morale profonde sur la valeur accord\u00e9e \u00e0 la vie humaine et sur la l\u00e9gitimit\u00e9 de la violence d\u2019\u00c9tat.<\/b><\/p>\n<p>D\u2019un c\u00f4t\u00e9, celles et ceux qui voient dans ces images une ex\u00e9cution, une violation manifeste des droits humains, un usage ill\u00e9gitime et disproportionn\u00e9 de la force par une institution f\u00e9d\u00e9rale. Pour ce groupe, le meurtre de Renee Good n\u2019est pas n\u00e9gociable, ni discutable : il constitue <b>une ligne rouge, un effondrement du principe m\u00eame de protection des civils par l\u2019\u00c9tat.<\/b><\/p>\n<p>De l\u2019autre, une partie de la population adopte une lecture radicalement oppos\u00e9e. Elle f\u00e9licite l\u2019agent, justifie les tirs, bl\u00e2me la victime. Les commentaires parlent de \u00ab\u00a0danger\u00a0\u00bb, de \u00ab\u00a0d\u00e9sob\u00e9issance\u00a0\u00bb, de \u00ab\u00a0risque assum\u00e9\u00a0\u00bb, allant jusqu\u2019aux <b>pires des insultes \u00e0 l\u2019encontre de cette femme assassin\u00e9e.<\/b> Dans ce r\u00e9cit, la question n\u2019est plus de savoir pourquoi un agent tire trois balles dans le visage d\u2019une civile, mais pourquoi cette derni\u00e8re ne s\u2019est pas soumise imm\u00e9diatement \u00e0 <b>une milice connue pour ses arrestations arbitraires violentes.<\/b><\/p>\n<p>Ce basculement est central. La violence n\u2019est plus per\u00e7ue par cette fraction de la soci\u00e9t\u00e9 comme un \u00e9chec du syst\u00e8me, mais comme une solution. Pire : comme une r\u00e9ponse \u00e9thique acceptable \u00e0 un monde pr\u00e9sent\u00e9 comme mena\u00e7ant. <b>La mort cesse d\u2019\u00eatre un interdit et devient un outil de r\u00e9gulation sociale. <\/b><\/p>\n<p>Hannah Arendt parlait de la banalit\u00e9 du mal pour d\u00e9crire <b>l\u2019ob\u00e9issance routini\u00e8re \u00e0 des syst\u00e8mes meurtriers, exerc\u00e9e non pas par des figures monstrueuses mais par des personnes ordinaires.<\/b> Dans le cas pr\u00e9sent, ces individus ne se contentent pas d\u2019adh\u00e9rer au discours dominants, mais vont jusqu\u2019\u00e0 applaudir le meurtre au nom de la \u00ab s\u00e9curit\u00e9 \u00bb. \u00c0 ce stade, <b>la violence d\u2019\u00c9tat n\u2019a plus besoin de se justifier par le droit ; elle se justifie par la peur <\/b><b>et la haine<\/b><b>.<\/b><\/p>\n<p><iframe loading=\"lazy\" title=\"Comprendre la pens\u00e9e d&#039;Hannah Arendt\" width=\"1110\" height=\"624\" src=\"https:\/\/www.youtube.com\/embed\/l1VSCbOQRBw?feature=oembed\" frameborder=\"0\" allow=\"accelerometer; autoplay; clipboard-write; encrypted-media; gyroscope; picture-in-picture; web-share\" referrerpolicy=\"strict-origin-when-cross-origin\" allowfullscreen><\/iframe><\/p>\n<p>Ces r\u00e9actions pro-ICE ne rel\u00e8vent pas d\u2019une simple b\u00eatise individuelle. Elles sont <b>le produit d\u2019une socialisation autoritaire<\/b> : peur entretenue en continu, discours s\u00e9curitaires omnipr\u00e9sents, d\u00e9signation constante d\u2019ennemis int\u00e9rieurs, int\u00e9riorisation de la menace comme horizon permanent. Dans ce cadre, l\u2019identification au pouvoir arm\u00e9 devient une strat\u00e9gie psychologique de survie. L\u2019adh\u00e9sion \u00e0 la violence d\u2019\u00c9tat n\u2019est pas une d\u00e9rive personnelle, mais un apprentissage collectif, o\u00f9 la soumission est pr\u00e9sent\u00e9e comme condition de s\u00e9curit\u00e9. <b>La violence institutionnelle ne tient pas seulement par les armes, mais par les esprits qu\u2019elle fa\u00e7onne.<\/b><\/p>\n<h2 class=\"western\"><strong>ICE : terreur int\u00e9rieure et impunit\u00e9<\/strong><\/h2>\n<p>Pour comprendre le meurtre de Renee Good, il est indispensable de le replacer dans le cadre institutionnel qui l\u2019a rendu possible. <b>L\u2019ICE n\u2019est ni une police locale, ni une arm\u00e9e r\u00e9guli\u00e8re.<\/b> C\u2019est une force f\u00e9d\u00e9rale militaris\u00e9e, dot\u00e9e de larges pouvoirs, op\u00e9rant dans l\u2019espace civil, et b\u00e9n\u00e9ficiant d\u2019un r\u00e9gime d\u2019exception en mati\u00e8re de contr\u00f4le et de responsabilit\u00e9.<\/p>\n<p>Depuis des ann\u00e9es,<b> <a target=\"_blank\" href=\"https:\/\/www.csn.qc.ca\/actualites\/immigration-les-rafles-se-multiplient-aux-etats-unis\/\">cette institution est connue pour ses rafles arbitraires<\/a><\/b>, ses d\u00e9tentions sans mandat, ses violences physiques et psychologiques, et la <b>mort de civils lors d\u2019op\u00e9rations pr\u00e9sent\u00e9es comme \u00ab\u00a0administratives\u00a0\u00bb<\/b>. Ces violences sont r\u00e9p\u00e9t\u00e9es, institutionnellement prot\u00e9g\u00e9es, et rarement sanctionn\u00e9es. L\u2019impunit\u00e9 n\u2019est pas un dysfonctionnement du syst\u00e8me, elle en est une condition de fonctionnement.<\/p>\n<p>Depuis septembre 2025, <a target=\"_blank\" href=\"https:\/\/www.nytimes.com\/2026\/01\/07\/us\/ice-shootings-minneapolis-other-cities.html\">les agents de l\u2019ICE ont tir\u00e9 sur neuf personnes<\/a>. En outre, <a target=\"_blank\" href=\"https:\/\/www.theguardian.com\/us-news\/ng-interactive\/2026\/jan\/04\/ice-2025-deaths-timeline\"><b>32 personnes sont mortes en 2025 dans des centres de d\u00e9tention ICE, faisant de cette ann\u00e9e la plus meurtri\u00e8re depuis plus de vingt ans<\/b><\/a>. Dans ce contexte, le meurtre de Renee Good ne constitue pas une rupture, mais une manifestation visible d\u2019un r\u00e9gime de violence d\u00e9j\u00e0 install\u00e9. Ce qui change ici, ce n\u2019est pas la nature de la violence, mais sa visibilit\u00e9. Les images existent. Elles circulent. Elles emp\u00eachent l\u2019effacement imm\u00e9diat du crime.<\/p>\n<p><iframe loading=\"lazy\" title=\"COMPRENDRE COMMENT LE FASCISME GAGNE LES ETATS-UNIS ET L\u2019EUROPE\" width=\"1110\" height=\"624\" src=\"https:\/\/www.youtube.com\/embed\/j4H-EseCidw?feature=oembed\" frameborder=\"0\" allow=\"accelerometer; autoplay; clipboard-write; encrypted-media; gyroscope; picture-in-picture; web-share\" referrerpolicy=\"strict-origin-when-cross-origin\" allowfullscreen><\/iframe><\/p>\n<h2 class=\"western\"><strong>Ces morts invisibles<\/strong><\/h2>\n<p>Si l\u2019assassinat de Renee Good a \u00e9t\u00e9 m\u00e9diatis\u00e9e \u00e0 grande \u00e9chelle, <b>de nombreux meurtres commis lors d\u2019op\u00e9rations de l\u2019ICE restent largement invisibles<\/b>. Absence de vid\u00e9os. Victimes racis\u00e9es. Aucun relais m\u00e9diatique national. Pas de noms retenus, pas de r\u00e9cits construits, pas de d\u00e9bats publics. Ces morts ne deviennent jamais des affaires, encore moins des scandales.<\/p>\n<p>C\u2019est l\u00e0 que se joue une hi\u00e9rarchie fondamentale. La philosophe <a target=\"_blank\" href=\"https:\/\/journals.openedition.org\/lectures\/1086\">Judith Butler a montr\u00e9 que <b>toutes les vies ne sont pas reconnues <\/b><b>par la soci\u00e9t\u00e9<\/b><b> comme \u00e9galement dignes d\u2019\u00eatre pleur\u00e9es<\/b><\/a><b>.<\/b> <strong>Certaines morts acc\u00e8dent au statut de trag\u00e9die publique ; d\u2019autres restent structurellement inaudibles.<\/strong> La visibilit\u00e9 accord\u00e9e \u00e0 Renee Good r\u00e9v\u00e8le en creux celles et ceux qui meurent hors cam\u00e9ra, sans indignation collective, sans m\u00e9moire.<\/p>\n<p><strong>Si ce meurtre choque autant, ce n\u2019est donc pas parce qu\u2019il serait exceptionnel, mais parce qu\u2019il transgresse une fronti\u00e8re implicite : celle qui s\u00e9parait jusqu\u2019ici les vies expos\u00e9es \u00e0 la violence d\u2019\u00c9tat dans l\u2019indiff\u00e9rence g\u00e9n\u00e9rale,<\/strong> et celles qu\u2019une part de la soci\u00e9t\u00e9 accepte encore de reconna\u00eetre comme dignes de protection. <b>La violence de l\u2019ICE ne commence pas avec Renee Good. Elle devient simplement, cette fois, impossible \u00e0 ignorer.<\/b><\/p>\n<p><iframe loading=\"lazy\" title=\"Tout ce que l&#039;on ne veut surtout pas savoir sur le racisme | Vivons Heureux | ARTE Radio Podcasts\" width=\"1110\" height=\"624\" src=\"https:\/\/www.youtube.com\/embed\/1An_SWss5yc?feature=oembed\" frameborder=\"0\" allow=\"accelerometer; autoplay; clipboard-write; encrypted-media; gyroscope; picture-in-picture; web-share\" referrerpolicy=\"strict-origin-when-cross-origin\" allowfullscreen><\/iframe><\/p>\n<h2><strong>Filmer pour ne pas dispara\u00eetre : la vid\u00e9o comme arme anti-\u00e9tatique<\/strong><\/h2>\n<p>Dans l\u2019affaire Renee Good, <b>les vid\u00e9os sont un<\/b><b> \u00e9l\u00e9ment politique central.<\/b> Sans ces images, le meurtre aurait tr\u00e8s probablement suivi le parcours ordinaire des violences d\u2019\u00c9tat : un communiqu\u00e9 laconique, une enqu\u00eate interne, un classement sans suite, puis l\u2019oubli. <b>La cam\u00e9ra ne change pas la nature de la violence, elle en modifie radicalement le destin social.<\/b><\/p>\n<p><b>Filmer <\/b><b>des violences \u00e9tatiques <\/b><b>est devenu un contre-pouvoir minimal et ce, \u00e0 travers le monde <\/b><b>le monde entier<\/b><b>.<\/b> Pr\u00e9caire, imparfait, mais parfois d\u00e9cisif. En enregistrant une intervention de forces arm\u00e9es, les t\u00e9moins ne produisent pas un spectacle : ils produisent une trace. <b>Une preuve qui emp\u00eache l\u2019effacement imm\u00e9diat, qui conteste le monopole institutionnel du r\u00e9cit,<\/b> et qui oblige l\u2019\u00c9tat \u00e0 se justifier l\u00e0 o\u00f9, d\u2019ordinaire, il ne rend de comptes \u00e0 personne.<\/p>\n<p>Cette centralit\u00e9 des images explique pourquoi<b> les forces de l\u2019ordre cherchent syst\u00e9matiquement \u00e0 \u00e9loigner les t\u00e9moins<\/b>, \u00e0 encercler les sc\u00e8nes, \u00e0 confisquer les appareils ou intimider celles et ceux qui filment. <b>Ce n\u2019est pas la violence qui pose probl\u00e8me, mais sa visibilit\u00e9.<\/b> Tant qu\u2019un acte n\u2019est pas document\u00e9, il peut \u00eatre ni\u00e9, reformul\u00e9, administr\u00e9. Avec des images, le mensonge devient plus co\u00fbteux, plus fragile, plus visible. Elle <b>ne garantit pas la justice, mais elle rend son effacement plus difficile. <\/b><\/p>\n<p><iframe loading=\"lazy\" title=\"POURQUOI FILMER LES VIOLENCES POLICI\u00c8RES ?\" width=\"1110\" height=\"624\" src=\"https:\/\/www.youtube.com\/embed\/zaCyLrOTX6Y?feature=oembed\" frameborder=\"0\" allow=\"accelerometer; autoplay; clipboard-write; encrypted-media; gyroscope; picture-in-picture; web-share\" referrerpolicy=\"strict-origin-when-cross-origin\" allowfullscreen><\/iframe><\/p>\n<h2 class=\"western\"><strong>Racisme structurel, violences genr\u00e9es et queerphobes<\/strong><\/h2>\n<p>La violence exerc\u00e9e par l\u2019ICE s\u2019inscrit dans <b>une logique structurelle o\u00f9 certaines populations sont historiquement plus expos\u00e9es que d\u2019autres.<\/b> Avant tout, les op\u00e9rations de l\u2019agence ciblent prioritairement des quartiers populaires et racis\u00e9s, o\u00f9 la pr\u00e9sence arm\u00e9e f\u00e9d\u00e9rale est devenue routini\u00e8re. Ce sont ces territoires qui servent de laboratoires \u00e0 <b>une violence normalis\u00e9e, rarement m\u00e9diatis\u00e9e, presque jamais sanctionn\u00e9e.<\/b><\/p>\n<p><b>\u00c0 cette dimension raciale s\u2019ajoute une dimension genr\u00e9e<\/b>. L\u2019insulte sexiste prof\u00e9r\u00e9e par l\u2019agent apr\u00e8s les tirs ne rel\u00e8ve pas d\u2019un simple d\u00e9bordement \u00e9motionnel. Elle fait partie d\u2019un registre de domination bien identifi\u00e9. <b>Cette violence genr\u00e9e touche de mani\u00e8re sp\u00e9cifique les femmes qui contestent l\u2019autorit\u00e9, qui occupent l\u2019espace public, qui refusent la soumission imm\u00e9diate. <\/b>Elle s\u2019inscrit dans une longue histoire de r\u00e9pression des femmes per\u00e7ues comme indisciplin\u00e9es, trop visibles, trop autonomes.<\/p>\n<p>D\u2019autre part, il y a aussi la dimension biphobe \u00e0 l\u2019\u00e9gard de Renee Good. <b>Les identit\u00e9s LGBTQIA+ sont r\u00e9guli\u00e8rement effac\u00e9es des r\u00e9cits officiels, minimis\u00e9es ou instrumentalis\u00e9es<\/b>. Les personnes queer, lorsqu\u2019elles se heurtent \u00e0 l\u2019appareil r\u00e9pressif, sont per\u00e7ues comme d\u00e9viantes, instables ou mena\u00e7antes par essence. <b>Cette perception alimente non seulement la violence institutionnelle, mais aussi les r\u00e9actions sociales qui la l\u00e9gitiment<\/b> : insultes post\u00e9rieures au meurtre, justification de la mort, discours affirmant que la victime \u00ab l\u2019a m\u00e9rit\u00e9 \u00bb. <b>La violence ne s\u2019arr\u00eate pas au tir ; elle se prolonge dans les mots, o\u00f9 la d\u00e9shumanisation sert \u00e0 rendre la mort acceptable. <\/b><\/p>\n<p><iframe loading=\"lazy\" title=\"\u00ab L\u2019extr\u00eame droite n\u2019arrive jamais au pouvoir seule \u00bb\" width=\"1110\" height=\"624\" src=\"https:\/\/www.youtube.com\/embed\/zSyeNR-jJuw?feature=oembed\" frameborder=\"0\" allow=\"accelerometer; autoplay; clipboard-write; encrypted-media; gyroscope; picture-in-picture; web-share\" referrerpolicy=\"strict-origin-when-cross-origin\" allowfullscreen><\/iframe><\/p>\n<p>Ce qui rend cette violence particuli\u00e8rement inqui\u00e9tante, c\u2019est sa normalisation progressive. <b>Ce qui aurait suscit\u00e9 une indignation unanime il y a encore quelques ann\u00e9es est de plus en plus trait\u00e9 comme un fait divers<\/b>. La tol\u00e9rance sociale \u00e0 la violence d\u2019\u00c9tat s\u2019\u00e9largit. Et avec elle, le champ de ce qui peut \u00eatre inflig\u00e9 \u00e0 certains individus sans que la soci\u00e9t\u00e9 ne s\u2019en \u00e9meuve durablement.<\/p>\n<h2 class=\"western\"><strong>Un r\u00e9gime fasciste en formation<\/strong><\/h2>\n<p>Pierre Bourdieu montrait que <b>l\u2019ordre social le plus efficace est celui qui parvient \u00e0 se faire oublier comme ordre, \u00e0 appara\u00eetre comme naturel.<\/b> Les r\u00e9actions au meurtre de Renee Good signalent pr\u00e9cis\u00e9ment ce basculement. <b>La violence d\u2019\u00c9tat n\u2019est plus seulement exerc\u00e9e : elle est int\u00e9gr\u00e9e, rationalis\u00e9e, parfois revendiqu\u00e9e<\/b>. Lorsqu\u2019une partie de la soci\u00e9t\u00e9 cesse de demander pourquoi l\u2019\u00c9tat tue et commence \u00e0 expliquer pourquoi il avait raison de le faire, la domination a franchi un seuil d\u00e9cisif.<\/p>\n<p>Cette affaire met en lumi\u00e8re<b> <\/b><b>une fascisation galopante du r\u00e9gime am\u00e9ricain. <\/b><strong>Non pas un fascisme surgissant brutalement, mais un fascisme de gouvernement, progressif, normalis\u00e9.<\/strong> Ses traits sont d\u00e9sormais visibles : culte de la force, glorification du chef, d\u00e9signation obsessionnelle d\u2019ennemis int\u00e9rieurs, attaques aux droits fondamentaux des minorit\u00e9s, r\u00e9\u00e9criture de l\u2019histoire, d\u00e9ploiement de milices f\u00e9d\u00e9rales hors de tout contr\u00f4le d\u00e9mocratique, criminalisation des opposants et m\u00e9pris assum\u00e9 pour les normes juridiques, sans oublier\u00a0la fa\u00e7on dont le pouvoir d\u00e9signe les ennemis int\u00e9rieurs.<\/p>\n<p>La rh\u00e9torique officielle et m\u00e9diatique des \u00c9tats-Unis continue de focaliser sur une menace fantasm\u00e9e de \u00ab gauche radicale \u00bb pour <strong>d\u00e9tourner l\u2019attention de la violence r\u00e9elle et mortif\u00e8re \u2013 qu\u2019elle soit extr\u00eame-droiti\u00e8re ou \u00e9tatique \u2013 vers une gauche qui, dans les faits, est loin de repr\u00e9senter la majorit\u00e9 des violences id\u00e9ologiques.<\/strong><\/p>\n<p><img loading=\"lazy\" decoding=\"async\" class=\"alignnone wp-image-1368054\" src=\"https:\/\/mrmondialisation.org\/wp-content\/uploads\/2026\/01\/1.jpg\" alt=\"\" width=\"1024\" height=\"1279\" srcset=\"https:\/\/mrmondialisation.org\/wp-content\/uploads\/2026\/01\/1.jpg 603w, https:\/\/mrmondialisation.org\/wp-content\/uploads\/2026\/01\/1-336x420.jpg 336w\" sizes=\"auto, (max-width: 1024px) 100vw, 1024px\"\/><\/p>\n<p>D\u2019autre part, <a target=\"_blank\" href=\"https:\/\/www.facebook.com\/photo\/?fbid=1378894564268785\"><b>Donald Trump affirme tranquillement qu\u2019il n\u2019a besoin ni du droit international ni d\u2019autre limite que sa <em>\u00ab propre moralit\u00e9 \u00bb<\/em><\/b>.<\/a> Ainsi, il \u00e9nonce la doctrine en place. Celle de son pouvoir personnel sans contre-poids.<\/p>\n<p><a target=\"_blank\" href=\"https:\/\/mrmondialisation.org\/9-atrocites-trump-mandat\/\">Le fascisme\u00a0commence lorsque l\u2019exception devient la r\u00e8gle,<\/a> lorsque les ex\u00e9cutions sans proc\u00e8s sont tol\u00e9r\u00e9es, lorsque la pr\u00e9sence arm\u00e9e dans l\u2019espace public est normalis\u00e9e, lorsque la violence d\u2019\u00c9tat est pr\u00e9sent\u00e9e comme une n\u00e9cessit\u00e9 morale. Il s\u2019installe lorsque <strong>la haine remplace le droit et lorsque l\u2019ob\u00e9issance est vendue comme condition de survie.<\/strong><\/p>\n<p><b>Le danger n\u2019est pas seulement que l\u2019\u00c9tat tue. Le danger est qu\u2019il tue avec l\u2019assentiment.<\/b>\u00a0Ce qui est mis \u00e0 l\u2019\u00e9preuve ici n\u2019est donc pas seulement l\u2019\u00c9tat de droit, mais la conscience collective. <b>Une soci\u00e9t\u00e9 qui accepte que certaines vies soient sacrifiables, que certaines morts soient discutables, a d\u00e9j\u00e0 int\u00e9gr\u00e9 les logiques fascistes, m\u00eame si elle refuse encore de les nommer. <\/b><a target=\"_blank\" href=\"https:\/\/mrmondialisation.org\/5-preuves-resistance-trump\/\">Face \u00e0 cela, de nombreux Am\u00e9ricain\u00b7es poursuivent leur r\u00e9sistance.<\/a><\/p>\n<p align=\"right\">\u2013 <i><b>Elena Meilune<\/b><\/i><\/p>\n<hr\/>\n<p style=\"text-align: left;\" align=\"right\">Photo de couverture : Renee Good, film\u00e9e par l\u2019agent de l\u2019ICE, quelques instants avant d\u2019\u00eatre assassin\u00e9e.<\/p>\n<div class=\"td-a-rec td-a-rec-id-content_bottom  tdi_2 td_block_template_1\">\n<span class=\"td-adspot-title\">&#8211; Cet article gratuit, ind\u00e9pendant et sans IA existe gr\u00e2ce aux abonn\u00e9s &#8211;<\/span><\/p>\n<div class=\"td-all-devices\">\n    <a target=\"_blank\" href=\"https:\/\/mrmondialisation.org\/donation\/\" title=\"Faire_un_don\"><img decoding=\"async\" class=\"donationArticle\" src=\"https:\/\/mrmondialisation.org\/wp-content\/uploads\/2022\/12\/220405-flikalicious-final.jpg\" alt=\"Donation\"\/><\/a>\n<\/div>\n<\/div><\/div>\n<p><script async defer src=\"https:\/\/platform.instagram.com\/en_US\/embeds.js\"><\/script><br \/>\n<br \/><br \/>\n<br \/><a href=\"https:\/\/mrmondialisation.org\/usa-meurtre-ice-renee-good\/\" target=\"_blank\"\">Source link <\/a><\/p>\n","protected":false},"excerpt":{"rendered":"<p>Le 7 janvier 2026, \u00e0 Minneapolis, Renee Good est abattue de trois balles dans la t\u00eate par un agent de l\u2019ICE. La sc\u00e8ne est film\u00e9e, massivement diffus\u00e9e et comment\u00e9e, et&hellip; <\/p>\n","protected":false},"author":1,"featured_media":22311,"comment_status":"open","ping_status":"open","sticky":false,"template":"","format":"standard","meta":{"footnotes":""},"categories":[1],"tags":[],"class_list":["post-22310","post","type-post","status-publish","format-standard","has-post-thumbnail","hentry","category-non-classe"],"_links":{"self":[{"href":"https:\/\/monde25.info\/index.php\/wp-json\/wp\/v2\/posts\/22310","targetHints":{"allow":["GET"]}}],"collection":[{"href":"https:\/\/monde25.info\/index.php\/wp-json\/wp\/v2\/posts"}],"about":[{"href":"https:\/\/monde25.info\/index.php\/wp-json\/wp\/v2\/types\/post"}],"author":[{"embeddable":true,"href":"https:\/\/monde25.info\/index.php\/wp-json\/wp\/v2\/users\/1"}],"replies":[{"embeddable":true,"href":"https:\/\/monde25.info\/index.php\/wp-json\/wp\/v2\/comments?post=22310"}],"version-history":[{"count":0,"href":"https:\/\/monde25.info\/index.php\/wp-json\/wp\/v2\/posts\/22310\/revisions"}],"wp:featuredmedia":[{"embeddable":true,"href":"https:\/\/monde25.info\/index.php\/wp-json\/wp\/v2\/media\/22311"}],"wp:attachment":[{"href":"https:\/\/monde25.info\/index.php\/wp-json\/wp\/v2\/media?parent=22310"}],"wp:term":[{"taxonomy":"category","embeddable":true,"href":"https:\/\/monde25.info\/index.php\/wp-json\/wp\/v2\/categories?post=22310"},{"taxonomy":"post_tag","embeddable":true,"href":"https:\/\/monde25.info\/index.php\/wp-json\/wp\/v2\/tags?post=22310"}],"curies":[{"name":"wp","href":"https:\/\/api.w.org\/{rel}","templated":true}]}}