{"id":22312,"date":"2026-01-12T13:07:47","date_gmt":"2026-01-12T12:07:47","guid":{"rendered":"https:\/\/monde25.info\/index.php\/2026\/01\/12\/accord-ue-mercosur-nouvelle-journee-de-mobilisation-en-france-des-ports-vises\/"},"modified":"2026-01-12T13:07:47","modified_gmt":"2026-01-12T12:07:47","slug":"accord-ue-mercosur-nouvelle-journee-de-mobilisation-en-france-des-ports-vises","status":"publish","type":"post","link":"https:\/\/monde25.info\/index.php\/2026\/01\/12\/accord-ue-mercosur-nouvelle-journee-de-mobilisation-en-france-des-ports-vises\/","title":{"rendered":"Accord UE-Mercosur, nouvelle journ\u00e9e de mobilisation en France, des ports vis\u00e9s"},"content":{"rendered":"<p> <br \/>\n<\/p>\n<div>\n<p>Des agriculteurs fran\u00e7ais, protestant notamment contre l&rsquo;accord commercial UE-Mercosur, ont bloqu\u00e9 lundi un d\u00e9p\u00f4t p\u00e9trolier \u00e0 La Rochelle (ouest) et des silos \u00e0 grains \u00e0 Bayonne (sud-ouest), dans le sillage d&rsquo;un barrage filtrant \u00e9tabli ce week-end sur le port du Havre (nord-ouest), ont annonc\u00e9 lundi les syndicats agricoles mobilis\u00e9s.<\/p>\n<p>Alors que les actions d&rsquo;agriculteurs se sont multipli\u00e9es ce week-end en France contre la signature prochaine de cet accord commercial entre l&rsquo;Union europ\u00e9enne et les pays sud-am\u00e9ricains du Mercosur, notamment sur l&rsquo;autoroute A1 au sud de Lille (nord), la journ\u00e9e de lundi a d\u00e9but\u00e9 par deux blocages sur des sites portuaires du sud-ouest du pays.<\/p>\n<p>Un barrage de ballots de paille a \u00e9t\u00e9 \u00e9tabli devant des installations p\u00e9troli\u00e8res sur le port industriel de La Pallice, pr\u00e8s de La Rochelle, \u00e0 l&rsquo;appel de la Coordination rurale locale.<\/p>\n<p>D&rsquo;autres manifestants ont annonc\u00e9 bloquer lundi matin le site c\u00e9r\u00e9alier Ma\u00efsica sur le port de Bayonne en d\u00e9pit d&rsquo;une interdiction de rassemblement. \u00ab\u00a0Une trentaine de tracteurs bloquent les entr\u00e9es. Les militants sont en train d&rsquo;arriver sur place\u00a0\u00bb, a \u00e9crit le syndicat agricole Modef dans un communiqu\u00e9.<\/p>\n<p>Non loin de l\u00e0, sur l&rsquo;autoroute A63 \u00e0 hauteur de Bayonne, la centaine d&rsquo;agriculteurs \u00e9tablie depuis vendredi a lev\u00e9\u00a0dans la nuit le barrage sur cet axe routier majeur entre la France et l&rsquo;Espagne, apr\u00e8s n\u00e9gociation avec le pr\u00e9fet.<\/p>\n<p>Outre la France, des manifestations ont eu lieu en Italie, Pologne ou en Irlande pour protester contre la signature du trait\u00e9 entre l&rsquo;UE et les pays du Mercosur (Argentine, Br\u00e9sil, Paraguay et Uruguay), qui cr\u00e9erait l&rsquo;une des plus grandes zones de libre-\u00e9change au monde, avec plus de 700 millions de consommateurs.<\/p>\n<p>Dans le nord de la France, la Coordination rurale entendait dimanche soir maintenir \u00ab\u00a0au moins jusqu&rsquo;\u00e0 mercredi\u00a0\u00bb le barrage filtrant que plusieurs dizaines d&rsquo;agriculteurs ont install\u00e9 sur l&rsquo;autoroute A1 dans le sens Lille-Paris &#8211; pr\u00e9sent\u00e9e par la soci\u00e9t\u00e9 concessionnaire Sanef comme \u00ab\u00a0l&rsquo;axe routier le plus fr\u00e9quent\u00e9 de France\u00a0\u00bb -, a affirm\u00e9 Damien Salomon, copr\u00e9sident de la Coordination rurale locale.<\/p>\n<p>Cette vaste mobilisation agricole, d\u00e9but\u00e9e le mois dernier en opposition \u00e0 la gestion gouvernementale de la dermatose nodulaire contagieuse (DNC) bovine, a \u00e9t\u00e9 amplifi\u00e9e par le feu vert europ\u00e9en donn\u00e9 vendredi \u00e0 l&rsquo;accord avec le Mercosur, qui doit \u00eatre sign\u00e9 samedi prochain au Paraguay.<\/p>\n<p>Pour ses d\u00e9tracteurs, ce trait\u00e9 va bousculer l&rsquo;agriculture europ\u00e9enne avec des produits import\u00e9s d&rsquo;Am\u00e9rique latine moins chers et pas forc\u00e9ment respectueux des normes europ\u00e9ennes, faute de contr\u00f4les suffisants.<\/p>\n<\/div>\n<p><script>(function(d, s, id) {  var js, fjs = d.getElementsByTagName(s)[0];  if (d.getElementById(id)) return;  js = d.createElement(s); js.id = id;  js.src = \"\/\/connect.facebook.net\/fr_FR\/sdk.js#xfbml=1&version=v2.3\";  fjs.parentNode.insertBefore(js, fjs);}(document, \"script\", \"facebook-jssdk\"));<\/script><br \/>\n<br \/><br \/>\n<br \/><a href=\"https:\/\/www.francesoir.fr\/societe-faits-divers\/accord-ue-mercosur-nouvelle-journee-de-mobilisation-en-france-des-ports-vises\" target=\"_blank\"\">Source link <\/a><\/p>\n","protected":false},"excerpt":{"rendered":"<p>Des agriculteurs fran\u00e7ais, protestant notamment contre l&rsquo;accord commercial UE-Mercosur, ont bloqu\u00e9 lundi un d\u00e9p\u00f4t p\u00e9trolier \u00e0 La Rochelle (ouest) et des silos \u00e0 grains \u00e0 Bayonne (sud-ouest), dans le sillage&hellip; <\/p>\n","protected":false},"author":1,"featured_media":22313,"comment_status":"open","ping_status":"open","sticky":false,"template":"","format":"standard","meta":{"footnotes":""},"categories":[1],"tags":[],"class_list":["post-22312","post","type-post","status-publish","format-standard","has-post-thumbnail","hentry","category-non-classe"],"_links":{"self":[{"href":"https:\/\/monde25.info\/index.php\/wp-json\/wp\/v2\/posts\/22312","targetHints":{"allow":["GET"]}}],"collection":[{"href":"https:\/\/monde25.info\/index.php\/wp-json\/wp\/v2\/posts"}],"about":[{"href":"https:\/\/monde25.info\/index.php\/wp-json\/wp\/v2\/types\/post"}],"author":[{"embeddable":true,"href":"https:\/\/monde25.info\/index.php\/wp-json\/wp\/v2\/users\/1"}],"replies":[{"embeddable":true,"href":"https:\/\/monde25.info\/index.php\/wp-json\/wp\/v2\/comments?post=22312"}],"version-history":[{"count":0,"href":"https:\/\/monde25.info\/index.php\/wp-json\/wp\/v2\/posts\/22312\/revisions"}],"wp:featuredmedia":[{"embeddable":true,"href":"https:\/\/monde25.info\/index.php\/wp-json\/wp\/v2\/media\/22313"}],"wp:attachment":[{"href":"https:\/\/monde25.info\/index.php\/wp-json\/wp\/v2\/media?parent=22312"}],"wp:term":[{"taxonomy":"category","embeddable":true,"href":"https:\/\/monde25.info\/index.php\/wp-json\/wp\/v2\/categories?post=22312"},{"taxonomy":"post_tag","embeddable":true,"href":"https:\/\/monde25.info\/index.php\/wp-json\/wp\/v2\/tags?post=22312"}],"curies":[{"name":"wp","href":"https:\/\/api.w.org\/{rel}","templated":true}]}}