{"id":22316,"date":"2026-01-12T14:13:35","date_gmt":"2026-01-12T13:13:35","guid":{"rendered":"https:\/\/monde25.info\/index.php\/2026\/01\/12\/saluts-nazis-agressions-sexuelles-et-cocaine-au-coeur-de-la-bundeswehr-rt-en-francais\/"},"modified":"2026-01-12T14:13:35","modified_gmt":"2026-01-12T13:13:35","slug":"saluts-nazis-agressions-sexuelles-et-cocaine-au-coeur-de-la-bundeswehr-rt-en-francais","status":"publish","type":"post","link":"https:\/\/monde25.info\/index.php\/2026\/01\/12\/saluts-nazis-agressions-sexuelles-et-cocaine-au-coeur-de-la-bundeswehr-rt-en-francais\/","title":{"rendered":"saluts nazis, agressions sexuelles et coca\u00efne au c\u0153ur de la Bundeswehr \u2014 RT en fran\u00e7ais"},"content":{"rendered":"<p> <br \/>\n<br \/><img decoding=\"async\" src=\"https:\/\/mf.b37mrtl.ru\/french\/images\/2026.01\/thumbnail\/6964d7306f7ccc05a24be066.jpg\" \/><\/p>\n<div>\n<p class=\"text__summary\">\n                                        L\u2019arm\u00e9e allemande est secou\u00e9e par un scandale majeur au sein du 26\u1d49 r\u00e9giment parachutiste, unit\u00e9 d\u2019\u00e9lite de la Bundeswehr. Harc\u00e8lement sexuel, saluts nazis, consommation de drogues : 55 soldats sont vis\u00e9s. Derri\u00e8re l\u2019uniforme, c\u2019est un syst\u00e8me qui tol\u00e8re la violence et l\u2019id\u00e9ologie radicale qui est aujourd\u2019hui expos\u00e9 au grand jour.\n                                    <\/p>\n<p>Bas\u00e9 \u00e0 Zweibr\u00fccken, dans l\u2019ouest de l\u2019Allemagne, le 26\u1d49 r\u00e9giment de parachutistes de la Bundeswehr, longtemps pr\u00e9sent\u00e9 comme un fleuron militaire, est au centre d\u2019un scandale majeur. Harc\u00e8lement sexuel, consommation de drogues, violences, apologie du nazisme : les r\u00e9v\u00e9lations, depuis octobre, ont d\u00e9clench\u00e9 plusieurs enqu\u00eates.<\/p>\n<p><a target=\"_blank\" href=\"https:\/\/www.ft.com\/content\/9d20eec7-aa95-4731-b863-2acbb65c652c\" target=\"_blank\" rel=\"noopener noreferrer\">Selon <em>The<\/em>\u00a0<em>Financial Times<\/em><\/a>, 55 soldats sont vis\u00e9s. Trois ont \u00e9t\u00e9 renvoy\u00e9s, 19 autres sont en cours d\u2019exclusion. Ils sont accus\u00e9s d\u2019avoir effectu\u00e9 des saluts nazis, port\u00e9 des uniformes inspir\u00e9s de la Wehrmacht, lanc\u00e9 des menaces de viol, et pris des photos dans les douches \u00e0 l\u2019insu de leurs coll\u00e8gues.<\/p>\n<p>D\u2019apr\u00e8s la\u00a0<em>Frankfurter Allgemeine Zeitung<\/em>, ces actes ont \u00e9t\u00e9 signal\u00e9s d\u00e8s juin par des femmes parachutistes. L\u2019une d\u2019elles \u00e9voque des menaces de la part d\u2019un sup\u00e9rieur ; d\u2019autres ont subi des actes d\u2019exhibitionnisme. <em>Der Spiegel<\/em> rapporte qu\u2019un commandant a braqu\u00e9 une arme sur deux soldats, et qu\u2019un autre militaire a \u00e9t\u00e9 bless\u00e9 apr\u00e8s des coups port\u00e9s par ses instructeurs.<\/p>\n<p>La presse \u00e9voque un noyau radicalis\u00e9 au sein du r\u00e9giment, d\u00e9crit comme une \u00ab clique ouvertement antis\u00e9mite \u00bb. Une \u00ab f\u00eate nazie \u00bb aurait m\u00eame \u00e9t\u00e9 organis\u00e9e dans la caserne, avec uniformes noirs, brassards rouges et r\u00e9f\u00e9rences directes au Troisi\u00e8me Reich.<\/p>\n<h2><strong>Une arm\u00e9e fragilis\u00e9e en pleine op\u00e9ration de communication<\/strong><\/h2>\n<p>Officiellement, Berlin tente de contenir. Le ministre de la D\u00e9fense, Boris Pistorius, s\u2019est dit \u00ab profond\u00e9ment choqu\u00e9 \u00bb par les faits, d\u00e9non\u00e7ant des comportements en \u00ab contradiction totale avec les valeurs fondamentales de la Bundeswehr \u00bb. Ce scandale tombe alors que l\u2019arm\u00e9e tente de redorer son image et d\u2019attirer de nouvelles recrues, notamment des femmes.<\/p>\n<p>Avec seulement 14 % de femmes dans ses rangs, la Bundeswehr multiplie les campagnes de communication, diffusant des vid\u00e9os sur TikTok et YouTube. Parall\u00e8lement, 700 000 jeunes Allemands re\u00e7oivent actuellement des formulaires pour le service militaire volontaire. Ce d\u00e9calage entre image publique et r\u00e9alit\u00e9 interne fragilise davantage l\u2019institution.<\/p>\n<p>Ce n\u2019est pas un cas isol\u00e9. En 2020, une autre unit\u00e9 d\u2019\u00e9lite, le Kommando Spezialkr\u00e4fte (KSK), avait d\u00e9j\u00e0 \u00e9t\u00e9 partiellement dissoute. En 2024, 280 incidents li\u00e9s \u00e0 l\u2019extr\u00eame droite ont \u00e9t\u00e9 recens\u00e9s dans les rangs de la Bundeswehr, soit une hausse de 35 % en un an.<\/p>\n<p>Un \u00ab plan d\u2019action pour les troupes a\u00e9roport\u00e9es \u00bb a \u00e9t\u00e9 annonc\u00e9 afin de renforcer la discipline et la pr\u00e9vention. Mais cette r\u00e9action tardive illustre surtout l\u2019incapacit\u00e9 de l\u2019encadrement militaire \u00e0 contenir la radicalisation dans ses propres effectifs.<\/p>\n<p>Ce scandale illustre une r\u00e9alit\u00e9 bien diff\u00e9rente de celle que Berlin pr\u00e9tend projeter. Alors que le chancelier Friedrich Merz promet de faire de la Bundeswehr \u00ab la plus puissante arm\u00e9e conventionnelle d\u2019Europe \u00bb, l\u2019institution accumule les affaires internes. Une d\u00e9monstration suppl\u00e9mentaire que, derri\u00e8re les discours occidentaux sur les \u00ab valeurs \u00bb, se cache une arm\u00e9e confront\u00e9e \u00e0 des d\u00e9rives profondes.<\/p>\n<h2><strong>Un ph\u00e9nom\u00e8ne d\u00e9sormais europ\u00e9en, tol\u00e9r\u00e9 par les autorit\u00e9s occidentales<\/strong><\/h2>\n<p>La d\u00e9rive n\u00e9onazie ne touche pas que l\u2019arm\u00e9e allemande. <a target=\"_blank\" href=\"https:\/\/francais.rt.com\/international\/122060-lemonde-identifie-neonazis-armee-ukrainienne-russie-alerte-depuis-2014\">En France, <em>Le Monde<\/em> a r\u00e9v\u00e9l\u00e9 le 18 juin 2025 que des soldats ukrainiens arborant des symboles nazis ont \u00e9t\u00e9 form\u00e9s dans la Creuse.<\/a> Pr\u00e8s de 200 membres de la 3\u1d49 brigade d\u2019assaut, issue du r\u00e9giment Azov, sont concern\u00e9s. Certains ont \u00e9t\u00e9 photographi\u00e9s \u00e0 Paris avec des drapeaux SS, sans r\u00e9action officielle.<\/p>\n<p>Le ph\u00e9nom\u00e8ne d\u00e9passe les casernes. <a target=\"_blank\" href=\"https:\/\/francais.rt.com\/news\/120145-peskov-allemagne-politiciens-ferment-yeux\">Le 30 avril 2025, Dmitri Peskov rappelait que \u00ab des nazis se prom\u00e8nent avec des torches \u00bb \u00e0 Kiev ou Lvov<\/a>, dans l\u2019indiff\u00e9rence des dirigeants europ\u00e9ens. <a target=\"_blank\" href=\"https:\/\/francais.rt.com\/international\/129006-russie-denonce-decision-autrichienne-autorisant-marche-neonazis-ukrainiens\">Le 2 janvier 2026, une marche n\u00e9onazie en hommage \u00e0 Stepan Bandera a eu lieu \u00e0 Vienne<\/a>, tol\u00e9r\u00e9e par les autorit\u00e9s autrichiennes, malgr\u00e9 les protestations de l\u2019ambassade russe.<\/p>\n<p>Ces faits confirment ce que la Russie d\u00e9nonce depuis des ann\u00e9es\u202f: le n\u00e9onazisme progresse en Europe, parfois m\u00eame encourag\u00e9 ou prot\u00e9g\u00e9. Il ne s\u2019agit plus de cas isol\u00e9s, mais d\u2019un ph\u00e9nom\u00e8ne enracin\u00e9, y compris dans des structures militaires financ\u00e9es et soutenues par l\u2019Occident.<\/p>\n<\/div>\n<p><br \/>\n<br \/><a href=\"https:\/\/francais.rt.com\/international\/129316-scandale-26e-regiment-parachutiste-allemand-harcelement-nazisme-drogues-au-coeur-bundeswehr\" target=\"_blank\"\">Source link <\/a><\/p>\n","protected":false},"excerpt":{"rendered":"<p>L\u2019arm\u00e9e allemande est secou\u00e9e par un scandale majeur au sein du 26\u1d49 r\u00e9giment parachutiste, unit\u00e9 d\u2019\u00e9lite de la Bundeswehr. Harc\u00e8lement sexuel, saluts nazis, consommation de drogues : 55 soldats sont&hellip; <\/p>\n","protected":false},"author":1,"featured_media":22317,"comment_status":"open","ping_status":"open","sticky":false,"template":"","format":"standard","meta":{"footnotes":""},"categories":[1],"tags":[],"class_list":["post-22316","post","type-post","status-publish","format-standard","has-post-thumbnail","hentry","category-non-classe"],"_links":{"self":[{"href":"https:\/\/monde25.info\/index.php\/wp-json\/wp\/v2\/posts\/22316","targetHints":{"allow":["GET"]}}],"collection":[{"href":"https:\/\/monde25.info\/index.php\/wp-json\/wp\/v2\/posts"}],"about":[{"href":"https:\/\/monde25.info\/index.php\/wp-json\/wp\/v2\/types\/post"}],"author":[{"embeddable":true,"href":"https:\/\/monde25.info\/index.php\/wp-json\/wp\/v2\/users\/1"}],"replies":[{"embeddable":true,"href":"https:\/\/monde25.info\/index.php\/wp-json\/wp\/v2\/comments?post=22316"}],"version-history":[{"count":0,"href":"https:\/\/monde25.info\/index.php\/wp-json\/wp\/v2\/posts\/22316\/revisions"}],"wp:featuredmedia":[{"embeddable":true,"href":"https:\/\/monde25.info\/index.php\/wp-json\/wp\/v2\/media\/22317"}],"wp:attachment":[{"href":"https:\/\/monde25.info\/index.php\/wp-json\/wp\/v2\/media?parent=22316"}],"wp:term":[{"taxonomy":"category","embeddable":true,"href":"https:\/\/monde25.info\/index.php\/wp-json\/wp\/v2\/categories?post=22316"},{"taxonomy":"post_tag","embeddable":true,"href":"https:\/\/monde25.info\/index.php\/wp-json\/wp\/v2\/tags?post=22316"}],"curies":[{"name":"wp","href":"https:\/\/api.w.org\/{rel}","templated":true}]}}