{"id":22323,"date":"2026-01-12T16:58:36","date_gmt":"2026-01-12T15:58:36","guid":{"rendered":"https:\/\/monde25.info\/index.php\/2026\/01\/12\/royaume-uni-un-ancien-ministre-conservateur-rejoint-reform-uk\/"},"modified":"2026-01-12T16:58:36","modified_gmt":"2026-01-12T15:58:36","slug":"royaume-uni-un-ancien-ministre-conservateur-rejoint-reform-uk","status":"publish","type":"post","link":"https:\/\/monde25.info\/index.php\/2026\/01\/12\/royaume-uni-un-ancien-ministre-conservateur-rejoint-reform-uk\/","title":{"rendered":"Royaume-Uni, un ancien ministre conservateur rejoint Reform UK"},"content":{"rendered":"<p> <br \/>\n<\/p>\n<div>\n<p>L&rsquo;ancien ministre conservateur des Finances Nadhim Zahawi a annonc\u00e9 lundi rejoindre le parti anti-immigration Reform UK, une nouvelle d\u00e9fection en faveur de la formation de Nigel Farage, qui caracole en t\u00eate des intentions de vote au Royaume-Uni.<\/p>\n<p>M. Zahawi, qui a \u00e9t\u00e9 pr\u00e9sident du Parti Conservateur et plusieurs fois ministre, a affirm\u00e9 que le Royaume-Uni \u00e9tait entr\u00e9 dans une p\u00e9riode \u00ab\u00a0sombre et dangereuse\u00a0\u00bb et avait \u00ab\u00a0besoin de Nigel Farage comme Premier ministre\u00a0\u00bb, lors d&rsquo;une conf\u00e9rence de presse lundi \u00e0 Londres.<\/p>\n<p>\u00ab\u00a0Je suis inspir\u00e9 par sa volont\u00e9 de dire des v\u00e9rit\u00e9s difficiles plut\u00f4t que de se cacher derri\u00e8re un mensonge confortable\u00a0\u00bb, a-t-il d\u00e9clar\u00e9 aux c\u00f4t\u00e9s de l&rsquo;ex-champion du Brexit.<\/p>\n<p>Les conservateurs, au pouvoir pendant 14 ans au Royaume-Uni, ont \u00e9t\u00e9 balay\u00e9s par le Labour lors des \u00e9lections l\u00e9gislatives de juillet 2024.<\/p>\n<p>En parall\u00e8le, Reform UK a connu une ascension fulgurante : la formation est aujourd&rsquo;hui en t\u00eate des intentions de vote pour les prochaines l\u00e9gislatives, pr\u00e9vues en 2029, et devrait gagner de nombreux si\u00e8ges en mai lors d&rsquo;\u00e9lections locales en \u00c9cosse, au pays de Galles et dans certaines r\u00e9gions d&rsquo;Angleterre.<\/p>\n<p>Nadhim Zahawi, qui avait \u00e9t\u00e9 limog\u00e9 de la pr\u00e9sidence du Parti Conservateur en 2023 pour des d\u00e9m\u00eal\u00e9s fiscaux, s&rsquo;ajoute \u00e0 la vingtaine de responsables des Tories \u00e0 avoir fait d\u00e9fection pour Reform UK.<\/p>\n<p>Ce responsable politique, n\u00e9 en Irak et naturalis\u00e9 britannique, a notamment \u00e9t\u00e9 Chancelier de l&rsquo;\u00c9chiquier &#8211; le titre officiel du ministre des Finances au Royaume-Uni &#8211; entre juillet et septembre 2022, \u00e0 la fin du mandat du Premier ministre d\u00e9missionnaire Boris Johnson.<\/p>\n<p>Un porte-parole des conservateurs a estim\u00e9 lundi que Reform UK \u00e9tait \u00ab\u00a0en passe de devenir le parti des politiques has been\u00a0\u00bb.<\/p>\n<p>Lors de cette conf\u00e9rence de presse, Nigel Farage a r\u00e9it\u00e9r\u00e9 son opposition \u00e0 un rapprochement avec l&rsquo;UE, mis en \u0153uvre par le Premier ministre travailliste Keir Starmer, qui a r\u00e9cemment envisag\u00e9 de s&rsquo;aligner davantage sur les r\u00e8gles du march\u00e9 unique.<\/p>\n<p>Il a r\u00e9agi \u00e0 de r\u00e9centes informations de presse \u00e9voquant l&rsquo;existence d&rsquo;une \u00ab\u00a0clause Farage\u00a0\u00bb dans un accord sur les \u00e9changes de produits agroalimentaires entre Londres et Bruxelles, qui viserait \u00e0 l&#8217;emp\u00eacher de ren\u00e9gocier l&rsquo;accord en cas d&rsquo;arriv\u00e9e au pouvoir.<\/p>\n<p>Une telle disposition serait \u00ab\u00a0tra\u00eetre\u00a0\u00bb et \u00ab\u00a0contraire \u00e0 l&rsquo;int\u00e9r\u00eat national\u00a0\u00bb, a-t-il dit.<\/p>\n<\/div>\n<p><script>(function(d, s, id) {  var js, fjs = d.getElementsByTagName(s)[0];  if (d.getElementById(id)) return;  js = d.createElement(s); js.id = id;  js.src = \"\/\/connect.facebook.net\/fr_FR\/sdk.js#xfbml=1&version=v2.3\";  fjs.parentNode.insertBefore(js, fjs);}(document, \"script\", \"facebook-jssdk\"));<\/script><br \/>\n<br \/><br \/>\n<br \/><a href=\"https:\/\/www.francesoir.fr\/politique-monde\/royaume-uni-un-ancien-ministre-conservateur-rejoint-reform-uk\" target=\"_blank\"\">Source link <\/a><\/p>\n","protected":false},"excerpt":{"rendered":"<p>L&rsquo;ancien ministre conservateur des Finances Nadhim Zahawi a annonc\u00e9 lundi rejoindre le parti anti-immigration Reform UK, une nouvelle d\u00e9fection en faveur de la formation de Nigel Farage, qui caracole en&hellip; <\/p>\n","protected":false},"author":1,"featured_media":22324,"comment_status":"open","ping_status":"open","sticky":false,"template":"","format":"standard","meta":{"footnotes":""},"categories":[1],"tags":[],"class_list":["post-22323","post","type-post","status-publish","format-standard","has-post-thumbnail","hentry","category-non-classe"],"_links":{"self":[{"href":"https:\/\/monde25.info\/index.php\/wp-json\/wp\/v2\/posts\/22323","targetHints":{"allow":["GET"]}}],"collection":[{"href":"https:\/\/monde25.info\/index.php\/wp-json\/wp\/v2\/posts"}],"about":[{"href":"https:\/\/monde25.info\/index.php\/wp-json\/wp\/v2\/types\/post"}],"author":[{"embeddable":true,"href":"https:\/\/monde25.info\/index.php\/wp-json\/wp\/v2\/users\/1"}],"replies":[{"embeddable":true,"href":"https:\/\/monde25.info\/index.php\/wp-json\/wp\/v2\/comments?post=22323"}],"version-history":[{"count":0,"href":"https:\/\/monde25.info\/index.php\/wp-json\/wp\/v2\/posts\/22323\/revisions"}],"wp:featuredmedia":[{"embeddable":true,"href":"https:\/\/monde25.info\/index.php\/wp-json\/wp\/v2\/media\/22324"}],"wp:attachment":[{"href":"https:\/\/monde25.info\/index.php\/wp-json\/wp\/v2\/media?parent=22323"}],"wp:term":[{"taxonomy":"category","embeddable":true,"href":"https:\/\/monde25.info\/index.php\/wp-json\/wp\/v2\/categories?post=22323"},{"taxonomy":"post_tag","embeddable":true,"href":"https:\/\/monde25.info\/index.php\/wp-json\/wp\/v2\/tags?post=22323"}],"curies":[{"name":"wp","href":"https:\/\/api.w.org\/{rel}","templated":true}]}}