{"id":22327,"date":"2026-01-12T18:04:42","date_gmt":"2026-01-12T17:04:42","guid":{"rendered":"https:\/\/monde25.info\/index.php\/2026\/01\/12\/reponse-aux-propos-de-daniel-fontaine-de-la-rtbf\/"},"modified":"2026-01-12T18:04:42","modified_gmt":"2026-01-12T17:04:42","slug":"reponse-aux-propos-de-daniel-fontaine-de-la-rtbf","status":"publish","type":"post","link":"https:\/\/monde25.info\/index.php\/2026\/01\/12\/reponse-aux-propos-de-daniel-fontaine-de-la-rtbf\/","title":{"rendered":"R\u00e9ponse aux propos de Daniel Fontaine de la RTBF"},"content":{"rendered":"<p> <br \/>\n<\/p>\n<div style=\"word-wrap:break-word;\">\n<h2 class=\"spip\">Mon propos<\/h2>\n<p>Mon propos n\u2019est pas de prendre parti pour un bellig\u00e9rant quel qu\u2019il soit, mais de montrer que les d\u00e9cisions que nous prenons sont bas\u00e9es sur des perceptions qui ignorent les nuances et qui nous conduisent in\u00e9luctablement vars la guerre. C\u2019est exactement ce qui s\u2019est pass\u00e9 depuis 25 ans.<\/p>\n<p>Tout vient de l\u2019exacerbation du langage, l\u2019absence totale de discours analytique, l\u2019impossibilit\u00e9 d\u2019expliquer les choses diff\u00e9remment que<\/p>\n<h2 class=\"spip\">Quant \u00e0 la m\u00e9thode<\/h2>\n<p>Il y a deux cas de figure, soit le journaliste Daniel Fontaine ne respecte pas la Charte de Munich et n\u2019a pas v\u00e9rifi\u00e9 ses informations, soit il la respecte et a v\u00e9rifi\u00e9 ses informations, dans quel cas, il ment.<\/p>\n<p>Je ne soutiens aucun th\u00e9orie du complot de quelque nature qu\u2019elle soit. Toutes mes interventions sont bas\u00e9es sur mes livres et sont d\u00e8s lors parfaitement v\u00e9rifiables. \u00c0 la diff\u00e9rence de M.\u00a0Fontaine, tout ce que je d\u00e9clare est soigneusement sourc\u00e9. Afin d\u2019\u00e9viter d\u2019entrer dans un langage de propagande, je ne prends pas mes sources en Russie pour le conflit en Ukraine ou en Syrie pour ce conflit, etc.<\/p>\n<p>Je n\u2019ai jamais pris parti pour un bellig\u00e9rant, par exemple en souhaitant sa victoire ou en souhaitant la d\u00e9faite de son adversaire. Je n\u2019utilise jamais de vocabulaire associ\u00e9 \u00e0 la propagande ou qui pourrait d\u00e9nigrer un des bellig\u00e9rants (\u00ab\u00a0band\u00e9riste\u00a0\u00bb ou \u00ab\u00a0ukronazi\u00a0\u00bb pour les Ukrainiens, par exemple), je fais une distinction claire entre des notions comme \u00ab\u00a0nazi\u00a0\u00bb et \u00ab\u00a0n\u00e9o-nazi\u00a0\u00bb, une distinction que nos m\u00e9dias ne font pas \u00e0 des fins de propagande).<\/p>\n<p>Un commentateur am\u00e9ricain a \u00e9crit\u00a0: \u00ab\u00a0Bien qu\u2019il soit pro-Ukrainien, Baud comprend bien la Russie\u00a0\u00bb<\/p>\n<h2 class=\"spip\">Quant aux apparitions m\u00e9diatiques<\/h2>\n<p><strong>All\u00e9gation de Daniel Fontaine de la RTBF\u00a0:<\/strong><\/p>\n<p><i>Il n\u2019appara\u00eet plus, alors, que dans des m\u00e9dias d\u2019extr\u00eame droite et pro russes<\/i><\/p>\n<p><strong>En r\u00e9alit\u00e9\u00a0:<\/strong><\/p>\n<p>J\u2019appara\u00eet \u00e9galement fr\u00e9quemment sur des m\u00e9dias comme QG et \u00ab\u00a0Le M\u00e9dia\u00a0\u00bb, en France ou The Grayzone aux \u00c9tats-Unis, qui sont consid\u00e9r\u00e9s comme \u00ab\u00a0de gauche\u00a0\u00bb.<\/p>\n<p>Je r\u00e9ponds aux invitations de m\u00e9dias. Malgr\u00e9 de nombreuses requ\u00eates venant de citoyens, y compris pour des d\u00e9bats contradictoires, les m\u00e9dias traditionnels (comme RTS en Suisse ou la RTBF en Belgique) ne m\u2019invitent jamais. Mon crit\u00e8re pour r\u00e9pondre aux invitations de m\u00e9dias est qu\u2019ils appliquent la Charte de Munich. Ces derniers 4 ans, j\u2019ai re\u00e7u de tr\u00e8s nombreuses invitations de la part de m\u00e9dias officiels russes (RT, Novosti, etc.), que j\u2019ai syst\u00e9matiquement refus\u00e9es en expliquant aux journalistes russes, que mon travail est strictement analytique et que je ne voulais pas qu\u2019il soit assimil\u00e9 \u00e0 de la propagande.<\/p>\n<h2 class=\"spip\">Quant \u00e0 la substance<\/h2>\n<p><strong><u>Concernant le Darfour<\/u><\/strong><\/p>\n<p><strong>All\u00e9gation de Daniel Fontaine de la RTBF\u00a0:<\/strong><\/p>\n<p><i>il minimise le bilan de la guerre au Darfour<\/i><\/p>\n<p><strong>En r\u00e9alit\u00e9\u00a0:<\/strong><\/p>\n<p>(<strong>Gouverner par les Fake News 3.2.4. La guerre des chiffres<\/strong>)\u00a0:<\/p>\n<p>(Note\u00a0: En 2005-2006, je suis chef du renseignement des Nations Unies (JMAC) \u00e0 Khartoum et mon unit\u00e9 est responsable de fournir les informations sur la situation au Darfour dans un rapport mensuel au Conseil de S\u00e9curit\u00e9 des Nations Unies.)<\/p>\n<p>D\u00e8s le d\u00e9but de la crise du Darfour, l\u2019Office de Coordination de l\u2019aide humanitaire (OCHA) des Nations unies \u00e9voque le chiffre de 180\u00a0000 morts<span class=\"spip_note_ref\">\u00a0[<a target=\"_blank\" href=\"#nb5-1\" class=\"spip_note\" rel=\"appendix\" title=\"Eric Reeves, DARFUR MORTALITY UPDATE : June 30, 2005, 30 ao\u00fbt 2005\" id=\"nh5-1\">1<\/a>]<\/span>. Au d\u00e9but 2005, alors qu\u2019est mise en place la mission des Nations unies, l\u2019estimation la plus courante est de 200\u00a0000 morts. Durant cette p\u00e9riode, o\u00f9 l\u2019auteur a eu une tr\u00e8s bonne visibilit\u00e9 sur la situation et a collabor\u00e9 avec les principaux services de renseignements occidentaux\u00a0: aucun affrontement majeur n\u2019a eu lieu et l\u2019acc\u00e8s humanitaire est globalement bon. Pourtant, en 2008, Jan Egeland, alors coordinateur de l\u2019OCHA affirme que 400\u00a0000 est plus proche de la r\u00e9alit\u00e9<span class=\"spip_note_ref\">\u00a0[<a target=\"_blank\" href=\"#nb5-2\" class=\"spip_note\" rel=\"appendix\" title=\"\u201cDeath toll of 200,000 disputed in Darfur\u201d, Associated Press\/NBCNews.com, 28\u00a0(\u2026)\" id=\"nh5-2\">2<\/a>]<\/span>. Pourtant, dix ans plus tard, le chiffre le plus souvent avanc\u00e9 est de 300\u00a0000 morts, tout en restant purement sp\u00e9culatif. Malgr\u00e9 de nombreuses rumeurs et les affirmations de quelques ONG humanitaires, on n\u2019a pas retrouv\u00e9 de charniers, fosses communes ou preuves de massacres de cette envergure<span class=\"spip_note_ref\">\u00a0[<a target=\"_blank\" href=\"#nb5-3\" class=\"spip_note\" rel=\"appendix\" title=\"Rebecca Hamilton &amp; Mary Beth Sheridan, \u00ab U.S. Government Cannot Confirm\u00a0(\u2026)\" id=\"nh5-3\">3<\/a>]<\/span>.<\/p>\n<p>En fait, ces chiffres sont issus d\u2019estimations et projections statistiques bas\u00e9es sur des t\u00e9moignages inv\u00e9rifi\u00e9s et inv\u00e9rifiables. Mais cela n\u2019emp\u00eache pas la communaut\u00e9 internationale d\u2019accuser le gouvernement soudanais de \u00ab\u00a0g\u00e9nocide\u00a0\u00bb. Pour justifier cette accusation, on joue alternativement sur deux notions\u00a0: la mortalit\u00e9 due aux cons\u00e9quences des violences (manque d\u2019hygi\u00e8ne, manque d\u2019eau et de nourriture, etc.) et la mortalit\u00e9 due aux actes de violence eux-m\u00eames. Voire, on les m\u00e9lange. En outre, on minimise d\u00e9lib\u00e9r\u00e9ment le r\u00f4le des acteurs arm\u00e9s locaux pour attribuer leurs violences au gouvernement.<\/p>\n<p>Entre le d\u00e9but 2005 et la mi-2006, \u00e0 la demande du chef de la MINUS, le service de renseignement de la mission (JMAC) effectue quatre \u00e9tudes sur la mortalit\u00e9 violente au Darfour. Toutes les sources disponibles sont exploit\u00e9es\u00a0: les organisations internationales (comme l\u2019OMS et le CICR) et non gouvernementales, la mission de l\u2019Union africaine (AMIS), le service de s\u00e9curit\u00e9 de l\u2019ONU (UN DSS), les services de s\u00e9curit\u00e9 soudanais, des services de renseignements occidentaux et les groupes rebelles eux-m\u00eames. Dans la plupart des cas, des documents photographiques existent ou des rapports circonstanci\u00e9s (policiers, m\u00e9dicaux, militaires, et\/ou d\u2019organes des droits de l\u2019Homme). Les r\u00e9sultats sont surprenants\u00a0:<\/p>\n<p><center><\/p>\n<table class=\"table spip\">\n<thead>\n<tr class=\"row_first\">\n<th id=\"id53f5_c0\">P\u00e9riode<\/th>\n<th id=\"id53f5_c1\">Nombre de morts<span class=\"spip_note_ref\">\u00a0[<a target=\"_blank\" href=\"#nb5-4\" class=\"spip_note\" rel=\"appendix\" title=\"Ne sont cit\u00e9s ici que des chiffres arrondis.\" id=\"nh5-4\">4<\/a>]<\/span><\/th>\n<\/tr>\n<\/thead>\n<tbody>\n<tr class=\"row_odd odd\">\n<td headers=\"id53f5_c0\">juin\u00a02004 \u2013 mars\u00a02005\u00a0<\/td>\n<td headers=\"id53f5_c1\">400<\/td>\n<\/tr>\n<tr class=\"row_even even\">\n<td headers=\"id53f5_c0\">avril\u00a02005 \u2013 juillet\u00a02005\u00a0<\/td>\n<td headers=\"id53f5_c1\">1\u00a0200<\/td>\n<\/tr>\n<tr class=\"row_odd odd\">\n<td headers=\"id53f5_c0\">ao\u00fbt\u00a02005 \u2013 janvier\u00a02006\u00a0<\/td>\n<td headers=\"id53f5_c1\">500<\/td>\n<\/tr>\n<tr class=\"row_even even\">\n<td headers=\"id53f5_c0\">f\u00e9vrier\u00a02006 \u2013 juillet\u00a02006\u00a0<\/td>\n<td headers=\"id53f5_c1\">400<\/td>\n<\/tr>\n<tr class=\"row_odd odd\">\n<td headers=\"id53f5_c0\">Total (juin\u00a02004 \u2013 juillet\u00a02006)<\/td>\n<td headers=\"id53f5_c1\">2500<\/td>\n<\/tr>\n<\/tbody>\n<\/table>\n<p>Tableau 2- Victimes de la violence au Darfour (2004-2006)<\/p>\n<p><\/center><\/p>\n<p>Des chiffres sans doute encore trop importants, mais qui rassemblent toutes les formes de violence, de la simple criminalit\u00e9 aux escarmouches tribales. Du m\u00eame ordre de grandeur que ceux rapport\u00e9s p\u00e9riodiquement au Conseil de s\u00e9curit\u00e9<span class=\"spip_note_ref\">\u00a0[<a target=\"_blank\" href=\"#nb5-5\" class=\"spip_note\" rel=\"appendix\" title=\"Voir \u00ab UN Documents for Sudan (Darfur) : Secretary-General\u2019s Reports \u00bb ()\" id=\"nh5-5\">5<\/a>]<\/span>, ils sont tr\u00e8s loin de ceux proclam\u00e9s par les m\u00e9dias occidentaux\u2026 Mais les rapports seront enterr\u00e9s\u2026 et \u00e0 la fin 2006, on parle de 400\u00a0000 morts<span class=\"spip_note_ref\">\u00a0[<a target=\"_blank\" href=\"#nb5-6\" class=\"spip_note\" rel=\"appendix\" title=\"DARFUR CRISIS - Death Estimates Demonstrate Severity of Crisis, but Their\u00a0(\u2026)\" id=\"nh5-6\">6<\/a>]<\/span>. On est pass\u00e9 de 200\u00a0000\u00a0\u00e0 400\u00a0000 morts en une ann\u00e9e et demie. D\u2019o\u00f9 proviennent-ils\u00a0? Pas de r\u00e9ponse\u00a0!<\/p>\n<p><strong><u>Concernant le 11 septembre 2001<\/u><\/strong><\/p>\n<p><strong>All\u00e9gation de Daniel Fontainbe de la RTBF\u00a0:<\/strong><\/p>\n<p><i>Il affirme par exemple qu\u2019Oussama Ben Laden n\u2019est pas \u00e0 l\u2019origine des attentats du 11\u00a0septembre 2001 aux Etats-Unis<\/i><\/p>\n<p><strong>En r\u00e9alit\u00e9\u00a0:<\/strong><\/p>\n<p>(Gouverner par les Fake News \u2013 Chiffre 5.4.)<\/p>\n<p>Dans les faits, nous savons qui a ex\u00e9cut\u00e9 les d\u00e9tournements d\u2019avions, mais pas si quelqu\u2019un ou qui leur a donn\u00e9 l\u2019ordre de le faire. Encore aujourd\u2019hui, la responsabilit\u00e9 d\u2019OBL n\u2019est qu\u2019une hypoth\u00e8se. Le 16\u00a0septembre 2001, il affirme dans un communiqu\u00e9\u00a0:<\/p>\n<blockquote class=\"spip\">\n<p>Apr\u00e8s les derni\u00e8res explosions aux \u00c9tats-Unis, des Am\u00e9ricains me d\u00e9signent, mais je le nie parce que je ne l\u2019ai pas fait\u2026 Encore une fois, je r\u00e9p\u00e8te que je ne l\u2019ai pas fait<span class=\"spip_note_ref\">\u00a0[<a target=\"_blank\" href=\"#nb5-7\" class=\"spip_note\" rel=\"appendix\" title=\"\u00ab Afghanistan : Bin Laden Denies Involvement in Terrorist Attacks in US \u00bb,\u00a0(\u2026)\" id=\"nh5-7\">7<\/a>]<\/span>\u2026<\/p>\n<\/blockquote>\n<p>Naturellement, on peut supposer qu\u2019il tente de se disculper. Mais dans quel but\u00a0? En fait, on a tout lieu de le croire. Premi\u00e8rement, parce que la raison d\u2019\u00eatre du terrorisme est que ses actions et ses objectifs soient connus\u00a0: il s\u2019agit de faire pression pour obtenir quelque chose. Deuxi\u00e8mement, parce que le fait d\u2019assumer un acte (violent ou non) fait partie de l\u2019essence m\u00eame de la notion de djihad, puisqu\u2019on est pr\u00eat \u00e0 lui sacrifier sa vie. C\u2019est d\u2019ailleurs pour cette raison que la plupart des attentats djihadistes sont \u00ab\u00a0sur-revendiqu\u00e9s\u00a0\u00bb et que certains terroristes s\u2019attribuent m\u00eame des attentats dans lesquels ils n\u2019ont jamais \u00e9t\u00e9 impliqu\u00e9s<span class=\"spip_note_ref\">\u00a0[<a target=\"_blank\" href=\"#nb5-8\" class=\"spip_note\" rel=\"appendix\" id=\"nh5-8\">8<\/a>]<\/span>.<\/p>\n<p>D\u2019ailleurs, OBL n\u2019a jamais \u00e9t\u00e9 formellement mis en accusation ou inculp\u00e9 pour le \u00ab\u00a09\/11\u00a0\u00bb<span class=\"spip_note_ref\">\u00a0[<a target=\"_blank\" href=\"#nb5-9\" class=\"spip_note\" rel=\"appendix\" title=\"Osama Bin Laden, trialinternational.org, 23 avril 2006 (modifi\u00e9 le 8 juin 2016)\" id=\"nh5-9\">9<\/a>]<\/span>. Tout simplement parce qu\u2019il n\u2019y a aucun \u00e9l\u00e9ment factuel qui le lie \u00e0 cet attentat. C\u2019est pourquoi l\u2019avis de recherche \u2013\u00a0publi\u00e9 par le FBI et r\u00e9vis\u00e9 en novembre\u00a02001\u00a0\u2013 ne mentionne pas ce chef d\u2019accusation<span class=\"spip_note_ref\">\u00a0[<a target=\"_blank\" href=\"#nb5-10\" class=\"spip_note\" rel=\"appendix\" id=\"nh5-10\">10<\/a>]<\/span>.<\/p>\n<p>En avril\u00a02002, Robert Mueller, alors directeur du FBI, d\u00e9clare\u00a0:<\/p>\n<blockquote class=\"spip\">\n<p>Au cours de notre enqu\u00eate, nous n\u2019avons pas d\u00e9couvert le moindre morceau de papier \u2013\u00a0ni aux \u00c9tats-Unis ni dans le tr\u00e9sor d\u2019informations trouv\u00e9 en Afghanistan et ailleurs\u00a0\u2013 mentionnant un quelconque aspect du complot du 11\u00a0Septembre<span class=\"spip_note_ref\">\u00a0[<a target=\"_blank\" href=\"#nb5-11\" class=\"spip_note\" rel=\"appendix\" title=\"Conf\u00e9rence de Robert S. Mueller, III, Directeur du FBI, au Commonwealth Club\u00a0(\u2026)\" id=\"nh5-11\">11<\/a>]<\/span>.<\/p>\n<\/blockquote>\n<p>En juin\u00a02006, Rex Tomb, chef des relations publiques du FBI, confirme\u00a0:<\/p>\n<p>La raison pour laquelle le \u00ab\u00a09\/11\u00a0\u00bb n\u2019est pas mentionn\u00e9 sur l\u2019avis de recherche d\u2019Oussama ben Laden, est que le FBI n\u2019a aucune preuve qui relie Ben Laden au \u00ab\u00a09\/11\u00a0\u00bb<span class=\"spip_note_ref\">\u00a0[<a target=\"_blank\" href=\"#nb5-12\" class=\"spip_note\" rel=\"appendix\" id=\"nh5-12\">12<\/a>]<\/span>.<\/p>\n<p>La preuve la plus souvent \u00e9voqu\u00e9e de sa responsabilit\u00e9 pour le \u00ab\u00a09\/11\u00a0\u00bb est son \u00ab\u00a0aveu\u00a0\u00bb enregistr\u00e9 sur une vid\u00e9o tourn\u00e9e le 9\u00a0novembre 2001 et \u00ab\u00a0trouv\u00e9e\u00a0\u00bb \u00e0 Jalalabad, le 13\u00a0d\u00e9cembre. Une deuxi\u00e8me vid\u00e9o, publi\u00e9e le 27\u00a0d\u00e9cembre \u2013\u00a0apparemment tourn\u00e9e le 19\u00a0novembre\u00a0\u2013 montre un OBL diff\u00e9rent, dont la barbe a blanchi (en 10 jours\u00a0!). Or, ces vid\u00e9os, et plusieurs autres qui ont suivi \u00e9taient des impostures, produites par la CIA am\u00e9ricaine afin de le discr\u00e9diter (y compris de le faire passer pour homosexuel), ainsi que l\u2019ont admis en 2010 leurs \u00ab\u00a0auteurs\u00a0\u00bb<span class=\"spip_note_ref\">\u00a0[<a target=\"_blank\" href=\"#nb5-13\" class=\"spip_note\" rel=\"appendix\" title=\"Jeff Stein, \u201cCIA unit\u2019s wacky idea : Depict Saddam as gay\u201d, Washington Post,\u00a0(\u2026)\" id=\"nh5-13\">13<\/a>]<\/span>.<\/p>\n<p>Tirer la conclusion que le \u00ab\u00a09\/11\u00a0\u00bb serait le fruit d\u2019un complot ourdi par la CIA (ou autre) est tr\u00e8s certainement faux. Mais il nous faut admettre que, contrairement aux apparences, nous ne savons pas grand-chose de la gen\u00e8se du \u00ab\u00a09\/11\u00a0\u00bb. La version la plus probable est que les 19 terroristes \u2013\u00a0avec peut-\u00eatre d\u2019autres complices encore inconnus\u00a0\u2013 ont organis\u00e9 et ex\u00e9cut\u00e9 ces attentats de leur propre chef. Ils \u00e9taient certainement inspir\u00e9s par un militantisme djihadiste et anim\u00e9s par la vengeance des frappes d\u2019ao\u00fbt 1998 contre des populations civiles innocentes, mais rien ne d\u00e9montre qu\u2019ils ont \u00e9t\u00e9 associ\u00e9s \u00e0 une organisation centrale. En revanche, comme quinze ans plus tard avec l\u2019\u00c9tat islamique, la r\u00e9ponse d\u00e9sordonn\u00e9e et tactique des Occidentaux a fait d\u2019\u00ab\u00a0Al-Qa\u00efda\u00a0\u00bb un mythe et une r\u00e9f\u00e9rence pour les attentats \u00e0 venir.<\/p>\n<p>\u00c0 titre d\u2019illustration, Wanted Poster du FBI (mentionn\u00e9s dans mon livre Gouverner par les Fake News)<br class=\"manualbr\"\/>(<a target=\"_blank\" href=\"https:\/\/www.fbi.gov\/image-repository\/usama-bin-laden_poster.jpg\/view\" class=\"spip_url spip_out auto\" rel=\"nofollow external\">https:\/\/www.fbi.gov\/image-repository\/usama-bin-laden_poster.jpg\/view<\/a>)<\/p>\n<div class=\"spip_document_40023 spip_document spip_documents spip_document_image spip_documents_center spip_document_center\">\n<figure class=\"spip_doc_inner\">\n<p>\t\t<img loading=\"lazy\" decoding=\"async\" src=\"https:\/\/www.legrandsoir.info\/local\/cache-vignettes\/L479xH600\/10000001000004a2000005ce7715646e-b5188.webp?1768212024\" width=\"479\" height=\"600\" alt=\"\"\/><br \/>\n<\/figure>\n<\/div>\n<p><strong><u>Concernant la Syrie<\/u><\/strong><\/p>\n<p><strong>All\u00e9gation de Daniel Fontaine de la RTBF\u00a0:<\/strong><\/p>\n<p><i>il relaie la propagande du r\u00e9gime syrien pour d\u00e9mentir sa responsabilit\u00e9 dans les massacres commis contre les civils depuis le soul\u00e8vement de\u00a02011<\/i><\/p>\n<p><strong>En r\u00e9alit\u00e9\u00a0:<\/strong><\/p>\n<p><i>(Note\u00a0: L\u2019accusation est tr\u00e8s vague et tout un chapitre est d\u00e9di\u00e9 \u00e0 cette question, en voici un extrait)<\/i><\/p>\n<p>(Gouverner par les Fake News \u2013 Chiffre 6.2. \u00ab\u00a0Le conflit en Syrie a \u00e9t\u00e9 d\u00e9clench\u00e9 en 2011 par la r\u00e9pression de manifestations pacifiques\u00a0\u00bb)<\/p>\n<p>Malgr\u00e9 les condamnations sans \u00e9quivoque de la Syrie, on conna\u00eet mal le d\u00e9tail des premi\u00e8res semaines de l\u2019insurrection. Alors que les morts sont syst\u00e9matiquement attribu\u00e9es au gouvernement, les informations disponibles tendraient plut\u00f4t \u00e0 incriminer l\u2019opposition. Le P\u00e8re j\u00e9suite n\u00e9erlandais Frans van der Lugt<span class=\"spip_note_ref\">\u00a0[<a target=\"_blank\" href=\"#nb5-14\" class=\"spip_note\" rel=\"appendix\" title=\"Le p\u00e8re Frans van der Lugt a \u00e9t\u00e9 assassin\u00e9 le 7 avril 2014 \u00e0 Homs, car il\u00a0(\u2026)\" id=\"nh5-14\">14<\/a>]<\/span>, qui vit en Syrie depuis les ann\u00e9es\u00a01960, est un t\u00e9moin oculaire des premi\u00e8res manifestations de 2011 en Syrie. Il \u00e9crit\u00a0:<\/p>\n<blockquote class=\"spip\">\n<p>D\u00e8s le d\u00e9but, les manifestations n\u2019\u00e9taient pas purement pacifiques. D\u00e8s le d\u00e9but, j\u2019ai vu des manifestants arm\u00e9s marchant avec les autres manifestants, et qui ont tir\u00e9 sur les policiers en premier. Tr\u00e8s souvent, la violence des forces de s\u00e9curit\u00e9 a \u00e9t\u00e9 une r\u00e9action \u00e0 des actes de violence brutaux de la part des rebelles<span class=\"spip_note_ref\">\u00a0[<a target=\"_blank\" href=\"#nb5-15\" class=\"spip_note\" rel=\"appendix\" title=\"John Rosenthal, \u00ab An Eyewitness to the Syrian Rebellion : Father Frans in\u00a0(\u2026)\" id=\"nh5-15\">15<\/a>]<\/span>.<\/p>\n<\/blockquote>\n<p>La strat\u00e9gie utilis\u00e9e est tr\u00e8s \u00ab\u00a0occidentale\u00a0\u00bb. Des provocateurs au sein des manifestants cherchent \u00e0 \u00e9liminer des agents des forces de police, afin de pousser \u00e0 une escalade de la r\u00e9pression, dans le but de g\u00e9n\u00e9rer une insurrection populaire et d\u2019en faire porter la responsabilit\u00e9 au gouvernement\u00a0:<\/p>\n<blockquote class=\"spip\">\n<p>De plus, d\u00e8s le d\u00e9but il y a eu le probl\u00e8me des groupes arm\u00e9s, qui sont aussi partis de l\u2019opposition\u2026 L\u2019opposition de la rue est beaucoup plus forte que toute autre forme d\u2019opposition. Et cette opposition est arm\u00e9e et emploie fr\u00e9quemment la brutalit\u00e9 et la violence, de sorte \u00e0 en faire porter la responsabilit\u00e9 au gouvernement. De nombreux repr\u00e9sentants du gouvernement ont \u00e9t\u00e9 tortur\u00e9s et tu\u00e9s par eux<span class=\"spip_note_ref\">\u00a0[<a target=\"_blank\" href=\"#nb5-16\" class=\"spip_note\" rel=\"appendix\" title=\"Ibid.\" id=\"nh5-16\">16<\/a>]<\/span>.<\/p>\n<\/blockquote>\n<p>Pourtant, le gouvernement syrien montre une grande retenue d\u00e8s le d\u00e9part. En septembre\u00a02011, le groupe d\u2019analyse am\u00e9ricain Stratfor, souvent consid\u00e9r\u00e9 comme une \u00e9manation de la CIA et sp\u00e9cialis\u00e9 dans l\u2019analyse strat\u00e9gique des conflits, \u00e9crivait \u00e0 propos de la situation en Syrie\u00a0:<\/p>\n<blockquote class=\"spip\">\n<p>L\u2019opposition doit trouver une mani\u00e8re de maintenir le discours du \u00ab\u00a0Printemps arabe\u00a0\u00bb, et il faut s\u2019attendre donc \u00e0 un flot d\u2019informations sur la brutalit\u00e9 du r\u00e9gime et de la valeur de l\u2019opposition. Bien qu\u2019il soit certain que des manifestants et des civils aient \u00e9t\u00e9 tu\u00e9s, il n\u2019y a pas d\u2019information \u00e9vidente sur une brutalit\u00e9 massive, comme il y avait eu en 1982 ou dans d\u2019autres remises \u00e0 l\u2019ordre de la r\u00e9gion. Stratfor n\u2019a d\u00e9cel\u00e9 aucun signe d\u2019usage d\u2019armes lourdes pour massacrer des civils ou cr\u00e9er des d\u00e9g\u00e2ts de combat significatifs, bien que des mitrailleuses de 12,7\u00a0mm mont\u00e9es sur des v\u00e9hicules blind\u00e9s aient \u00e9t\u00e9 utilis\u00e9es pour disperser la foule<span class=\"spip_note_ref\">\u00a0[<a target=\"_blank\" href=\"#nb5-17\" class=\"spip_note\" rel=\"appendix\" title=\"\u00ab Syria Opposition, take half \u00bb, Stratfor, 14 septembre 2011 (publi\u00e9 le 11\u00a0(\u2026)\" id=\"nh5-17\">17<\/a>]<\/span>.<\/p>\n<\/blockquote>\n<p><strong><u>Concernant Skripal<\/u><\/strong><\/p>\n<p><strong>All\u00e9gation de Daniel Fontaine de la RTBF\u00a0:<\/strong><\/p>\n<p><i>Jacques Baud d\u00e9fend aussi la Russie quand le Kremlin est accus\u00e9 d\u2019avoir fait empoisonner Sergue\u00ef Skripal ou l\u2019opposant Alexe\u00ef Navalny<\/i><\/p>\n<p><strong>En r\u00e9alit\u00e9\u00a0:<\/strong><\/p>\n<p>(Livre\u00a0: Gouverner par les Fake News \u2013 Chiffre 8.6.5.)<\/p>\n<p>(\u2026) D\u2019ailleurs, le laboratoire de Porton Down, responsable de la recherche sur les armes chimiques en Grande-Bretagne et qui a fait l\u2019analyse des \u00e9chantillons recueillis par la police, a \u00e9t\u00e9 capable d\u2019identifier la substance, mais s\u2019est d\u00e9clar\u00e9 incapable de dire qui l\u2019a produite et qui l\u2019a utilis\u00e9e.<\/p>\n<p>Cela n\u2019emp\u00eache pas Boris Johnson, alors ministre des Affaires \u00e9trang\u00e8res, le 20\u00a0mars 2018, de mentir en pr\u00e9tendant que Gary Aitkenhead, directeur de Porton Down, lui avait affirm\u00e9 que la substance provenait de Russie. Les propos du ministre sont relay\u00e9s par un tweet post\u00e9 par le Foreign Office deux jours plus tard. Mais le 4\u00a0avril 2018, Aitkenhead pr\u00e9cisera qu\u2019en raison de son mandat et de ses capacit\u00e9s, le laboratoire ne pouvait qu\u2019identifier la composition du produit, mais pas d\u2019en d\u00e9terminer la provenance ni la source ou l\u2019endroit o\u00f9 il a \u00e9t\u00e9 fabriqu\u00e9<span class=\"spip_note_ref\">\u00a0[<a target=\"_blank\" href=\"#nb5-18\" class=\"spip_note\" rel=\"appendix\" title=\"\u00ab Sky News Interview with Porton Down lab\u2019s chief exec, YouTube, 4 avril 2018\" id=\"nh5-18\">18<\/a>]<\/span>. Juste apr\u00e8s cette interview, le tweet du Foreign Office sera subrepticement effac\u00e9<span class=\"spip_note_ref\">\u00a0[<a target=\"_blank\" href=\"#nb5-19\" class=\"spip_note\" rel=\"appendix\" title=\"\u201cForeign Office deletes tweet claiming Salisbury nerve agent made in\u00a0(\u2026)\" id=\"nh5-19\">19<\/a>]<\/span>.<\/p>\n<p>Le 22\u00a0mars, l\u2019ambassadeur britannique en Russie organise une pr\u00e9sentation \u00e0 l\u2019intention de la communaut\u00e9 diplomatique \u00e0 Moscou au cours de laquelle il d\u00e9clare\u00a0:<\/p>\n<blockquote class=\"spip\">\n<p>&#8230; il ne fait aucun doute que l\u2019arme utilis\u00e9e dans l\u2019attaque \u00e9tait un agent neurotoxique de qualit\u00e9 militaire de la s\u00e9rie Novichok. Cela a \u00e9t\u00e9 confirm\u00e9 par des sp\u00e9cialistes, nos sp\u00e9cialistes. Une mission de l\u2019Organisation pour l\u2019interdiction des armes chimiques est actuellement au Royaume-Uni pour confirmer cette analyse de mani\u00e8re ind\u00e9pendante.<\/p>\n<p>Il ne fait \u00e9galement aucun doute que le Novichok a \u00e9t\u00e9 fabriqu\u00e9 en Russie par l\u2019\u00c9tat russe<span class=\"spip_note_ref\">\u00a0[<a target=\"_blank\" href=\"#nb5-20\" class=\"spip_note\" rel=\"appendix\" title=\"Foreign &amp; Commonwealth Office, \u201cBriefing on the UK government\u2019s response\u00a0(\u2026)\" id=\"nh5-20\">20<\/a>]<\/span>.<\/p>\n<\/blockquote>\n<p>Mais la transcription officielle, sur le site des Affaires \u00e9trang\u00e8res britannique, sera l\u00e9g\u00e8rement modifi\u00e9e en\u00a0:<\/p>\n<blockquote class=\"spip\">\n<p>Il ne fait \u00e9galement aucun doute que du Novichok a \u00e9t\u00e9 fabriqu\u00e9 en Russie par l\u2019\u00c9tat russe<span class=\"spip_note_ref\">\u00a0[<a target=\"_blank\" href=\"#nb5-21\" class=\"spip_note\" rel=\"appendix\" title=\"\u201cBritish Ambassador to Russia briefing on the Salisbury attack : 22 March\u00a0(\u2026)\" id=\"nh5-21\">21<\/a>]<\/span>.<\/p>\n<\/blockquote>\n<p>\u2026m\u00eame s\u2019il est pr\u00e9cis\u00e9 \u00ab\u00a0transcription du discours, exactement tel qu\u2019il a \u00e9t\u00e9 prononc\u00e9\u00a0\u00bb(!) Par ailleurs, formellement, c\u2019est l\u2019Union sovi\u00e9tique et non la Russie qui avait d\u00e9velopp\u00e9 le \u00ab\u00a0Novichok\u00a0\u00bb.<\/p>\n<p>Le 16\u00a0mars, sur son blog, l\u2019ex-ambassadeur britannique Craig Murray affirme que le gouvernement a tent\u00e9 de faire pression sur le directeur de Porton Down pour qu\u2019il confirme l\u2019origine russe du toxique. Mais Gary Aitkenhead n\u2019a accept\u00e9 qu\u2019une formulation de compromis, qui \u00e9voque un toxique \u00ab\u00a0d\u2019un type d\u00e9velopp\u00e9 par la Russie\u00a0\u00bb, et exclut les termes \u00ab\u00a0produit\u00a0\u00bb ou \u00ab\u00a0fabriqu\u00e9\u00a0\u00bb, tout en restant ambigu\u00eb<span class=\"spip_note_ref\">\u00a0[<a target=\"_blank\" href=\"#nb5-22\" class=\"spip_note\" rel=\"appendix\" title=\"\u201cOf A Type Developed By Liars\u201d, , 16 mars 2018\" id=\"nh5-22\">22<\/a>]<\/span>. C\u2019est l\u2019expression que Teresa May utilise le 12\u00a0mars 2018 devant le Parlement, d\u00e9signant la Russie comme un coupable \u00ab\u00a0hautement probable\u00a0\u00bb\u00a0:<\/p>\n<blockquote class=\"spip\">\n<p>Il est maintenant clair que M.\u00a0Skripal et sa fille ont \u00e9t\u00e9 empoisonn\u00e9s avec un agent neurotoxique de niveau militaire d\u2019un type d\u00e9velopp\u00e9 par la Russie<span class=\"spip_note_ref\">\u00a0[<a target=\"_blank\" href=\"#nb5-23\" class=\"spip_note\" rel=\"appendix\" title=\"\u201cPM Commons statement on Salisbury incident : 12 March 2018\u201d, gov.uk, 12\u00a0(\u2026)\" id=\"nh5-23\">23<\/a>]<\/span>.<\/p>\n<\/blockquote>\n<p>Ces m\u00eames mots seront utilis\u00e9s dans un communiqu\u00e9 commun des \u00c9tats-Unis, de la Grande-Bretagne, de l\u2019Allemagne et de la France, publi\u00e9 le 15\u00a0mars pour condamner l\u2019action de la Russie, une heure avant l\u2019adoption de nouvelles sanctions\u00a0:<\/p>\n<blockquote class=\"spip\">\n<p>Cette utilisation d\u2019un agent neurotoxique de niveau militaire, d\u2019un type d\u00e9velopp\u00e9 par la Russie, constitue la premi\u00e8re utilisation offensive d\u2019un agent neurotoxique en Europe depuis la Seconde Guerre mondiale<span class=\"spip_note_ref\">\u00a0[<a target=\"_blank\" href=\"#nb5-24\" class=\"spip_note\" rel=\"appendix\" title=\"Alex Ward, \u201cThe US and 3 allies are blaming Russia for nerve agent attack on\u00a0(\u2026)\" id=\"nh5-24\">24<\/a>]<\/span>.<\/p>\n<\/blockquote>\n<p>Le 22\u00a0mars 2018, une requ\u00eate est soumise \u00e0 la justice britannique pour une d\u00e9cision \u2013\u00a0qui sera approuv\u00e9e\u00a0\u2013 afin de d\u00e9terminer si l\u2019OIAC pouvait \u00eatre autoris\u00e9e \u00e0 obtenir des \u00e9chantillons de sang de Sergei Skripal et de sa fille afin d\u2019identifier l\u2019agent chimique utilis\u00e9. Dans son jugement, le juge d\u00e9clare\u00a0:<\/p>\n<blockquote class=\"spip\">\n<p>Des \u00e9chantillons de sang de Sergei Skripal et Ioulia Skripal ont \u00e9t\u00e9 analys\u00e9s et les r\u00e9sultats ont indiqu\u00e9 une exposition \u00e0 un agent neurotoxique ou \u00e0 un compos\u00e9 apparent\u00e9. Les \u00e9chantillons ont \u00e9t\u00e9 test\u00e9s positifs pour la pr\u00e9sence d\u2019un agent neurotoxique de la classe Novichok ou d\u2019un agent \u00e9troitement apparent\u00e9<span class=\"spip_note_ref\">\u00a0[<a target=\"_blank\" href=\"#nb5-25\" class=\"spip_note\" rel=\"appendix\" title=\"Approved Judgment, Royal Courts of Justice, Strand, London, WC2A 2LL, 22\u00a0(\u2026)\" id=\"nh5-25\">25<\/a>]<\/span>.<\/p>\n<\/blockquote>\n<p>Les expressions \u00ab\u00a0compos\u00e9 apparent\u00e9\u00a0\u00bb et \u00ab\u00a0agent apparent\u00e9\u00a0\u00bb laissent supposer qu\u2019un doute subsiste quant \u00e0 la nature m\u00eame du poison. D\u2019ailleurs, en avril\u00a02018, Ahmet \u00dcz\u00fcmc\u00fc, directeur de l\u2019OIAC, confirme que le \u00ab\u00a0Novichok\u00a0\u00bb pourrait \u00eatre \u00ab\u00a0produit dans n\u2019importe quel pays disposant d\u2019une certaine expertise en chimie<span class=\"spip_note_ref\">\u00a0[<a target=\"_blank\" href=\"#nb5-26\" class=\"spip_note\" rel=\"appendix\" title=\"(Interview en anglais) \u00ab \u0413\u043b\u0430\u0432\u0430 \u041e\u0417\u0425\u041e : \u0412\u0435\u0449\u0435\u0441\u0442\u0432\u043e, \u043a\u043e\u0442\u043e\u0440\u044b\u043c \u043e\u0442\u0440\u0430\u0432\u0438\u043b\u0438 \u0421\u043a\u0440\u0438\u043f\u0430\u043b\u0435\u0439,\u00a0(\u2026)\" id=\"nh5-26\">26<\/a>]<\/span>\u00a0\u00bb.<\/p>\n<p>Pour compliquer les choses, le laboratoire de Spiez en Suisse, auquel l\u2019Organisation pour l\u2019interdiction des armes chimiques (OIAC) a confi\u00e9 des \u00e9chantillons fournis par la Grande-Bretagne, conclut que le toxique utilis\u00e9 \u00e9tait du \u00ab\u00a03-Quinuclidinyl benzilate\u00a0\u00bb. Mieux connu sous la d\u00e9signation BZ, il s\u2019agit d\u2019un toxique fabriqu\u00e9 en Grande-Bretagne et aux \u00c9tats-Unis et stock\u00e9 par certains pays de l\u2019Otan<span class=\"spip_note_ref\">\u00a0[<a target=\"_blank\" href=\"#nb5-27\" class=\"spip_note\" rel=\"appendix\" title=\"\u201cRussia : Swiss lab analysis shows nerve agent designed in West\u201d, New York\u00a0(\u2026)\" id=\"nh5-27\">27<\/a>]<\/span>\u00a0! Mais cette conclusion n\u2019est pas reprise dans le rapport final de l\u2019OIAC\u2026 Le ministre des Affaires \u00e9trang\u00e8res Lavrov s\u2019en inqui\u00e8te et accuse l\u2019OIAC de manipulation<span class=\"spip_note_ref\">\u00a0[<a target=\"_blank\" href=\"#nb5-28\" class=\"spip_note\" rel=\"appendix\" title=\"\u201cMoscow accuses OPCW of manipulating Skripal probe\u201d, 24News\/AFP, 14 avril 2018\" id=\"nh5-28\">28<\/a>]<\/span>. Mais il y a une explication\u00a0: il ne s\u2019agirait que de pr\u00e9curseurs du BZ utilis\u00e9s comme \u00ab\u00a0\u00e9chantillons t\u00e9moins\u00a0\u00bb dans le protocole d\u2019analyse<span class=\"spip_note_ref\">\u00a0[<a target=\"_blank\" href=\"#nb5-29\" class=\"spip_note\" rel=\"appendix\" title=\"Mike Corder, \u201cBritain Spy Case : Watchdog Rejects Russia Nerve Agent Claim\u201d,\u00a0(\u2026)\" id=\"nh5-29\">29<\/a>]<\/span>. En fait, c\u2019est la fuite d\u2019une information partielle qui a induit la Russie en erreur. Pris \u00e0 parti sur Twitter, le laboratoire de Spiez se d\u00e9fend avec une ellipse\u00a0:<\/p>\n<blockquote class=\"spip\">\n<p>[\u2026] Mais nous pouvons r\u00e9p\u00e9ter ce que nous avions d\u00e9clar\u00e9 il y a dix jours\u00a0: nous ne doutons pas que Porton Down a identifi\u00e9 du Novichok. PD [NdA\u00a0: Porton Down] &#8211;\u00a0comme Spiez\u00a0&#8211; est un laboratoire d\u00e9sign\u00e9 de l\u2019OIAC. Les normes de v\u00e9rification sont tellement rigides que l\u2019on peut faire confiance aux r\u00e9sultats<span class=\"spip_note_ref\">\u00a0[<a target=\"_blank\" href=\"#nb5-30\" class=\"spip_note\" rel=\"appendix\" title=\"twitter.com\/SpiezLab\/status\/985243574123057152\" id=\"nh5-30\">30<\/a>]<\/span>.<\/p>\n<\/blockquote>\n<p>Ainsi, se retranchant derri\u00e8re les r\u00e8gles de proc\u00e9dures de l\u2019OIAC, le laboratoire de Spiez ne confirme ni n\u2019infirme les affirmations de la Russie, sans apporter de pr\u00e9cisions sur la nature de ses constatations. De plus, sa formulation sibylline laisse entendre que le produit identifi\u00e9 par Porton Down n\u2019est pas le m\u00eame que celui qui aurait \u00e9t\u00e9 utilis\u00e9 contre Skripal.<\/p>\n<p>La toxicit\u00e9 du Novichok serait entre cinq et huit fois sup\u00e9rieure \u00e0 celle du VX, dont la dose l\u00e9tale par voie cutan\u00e9e est de 10\u00a0mg<span class=\"spip_note_ref\">\u00a0[<a target=\"_blank\" href=\"#nb5-31\" class=\"spip_note\" rel=\"appendix\" title=\"NdA : Il s\u2019agit de \u00ab LD50 \u00bb, la dose l\u00e9tale pour 50 % des personnes touch\u00e9es.\" id=\"nh5-31\">31<\/a>]<\/span>. Selon Nikola\u00ef Volodine, un des ing\u00e9nieurs qui a travaill\u00e9 \u00e0 la conception du Novichok, une exposition \u00e0 des doses infimes am\u00e8ne la mort de mani\u00e8re instantan\u00e9e<span class=\"spip_note_ref\">\u00a0[<a target=\"_blank\" href=\"#nb5-32\" class=\"spip_note\" rel=\"appendix\" title=\"\u041f\u0430\u0432\u0435\u043b \u041a\u0430\u043d\u044b\u0433\u0438\u043d, \u00ab \u041d\u043e\u0432\u0438\u0447\u043e\u043a \u00bb \u2014 \u044d\u0442\u043e \u0441\u043b\u0438\u0448\u043a\u043e\u043c \u0434\u043b\u044f \u043e\u0434\u043d\u043e\u0433\u043e \u0421\u043a\u0440\u0438\u043f\u0430\u043b\u044f \u00bb, \u041d\u043e\u0432\u0430\u044f\u00a0(\u2026)\" id=\"nh5-32\">32<\/a>]<\/span>. Vil Mirzayanov affirme qu\u2019il n\u2019y a pas de traitement connu au Novichok<span class=\"spip_note_ref\">\u00a0[<a target=\"_blank\" href=\"#nb5-33\" class=\"spip_note\" rel=\"appendix\" title=\"Joseph Ax, \u201cOnly Russia could be behind U.K. poison attack -toxin\u2019s\u00a0(\u2026)\" id=\"nh5-33\">33<\/a>]<\/span>.<\/p>\n<p>Pourtant, les Skripal sont rest\u00e9s entre plusieurs heures (dans l\u2019hypoth\u00e8se o\u00f9 ils auraient \u00e9t\u00e9 intoxiqu\u00e9s \u00e0 leur domicile) \u00e0 une demi-heure (s\u2019ils ont \u00e9t\u00e9 touch\u00e9s \u00e0 la pizzeria) sans sympt\u00f4mes et les trois personnes contamin\u00e9es ce jour-l\u00e0 sont toutes tir\u00e9es d\u2019affaire. Le sergent Nick Bailey, qui \u00e9tait sur place mais n\u2019a pas eu de contact direct avec les deux Russes<span class=\"spip_note_ref\">\u00a0[<a target=\"_blank\" href=\"#nb5-34\" class=\"spip_note\" rel=\"appendix\" title=\"James Fielding, Paul Thompson, Richard Spillett, Mark Duell &amp; Lara Keay,\u00a0(\u2026)\" id=\"nh5-34\">34<\/a>]<\/span>, semble avoir \u00e9t\u00e9 intoxiqu\u00e9 lui aussi. Le m\u00e9decin qui a trait\u00e9 Ioulia Skripal \u00e0 l\u2019h\u00f4pital durant une demi-heure environ, n\u2019a absolument pas \u00e9t\u00e9 affect\u00e9 par le toxique et pr\u00e9tend qu\u2019il n\u2019y avait pas de neurotoxique sur le corps de Skripal<span class=\"spip_note_ref\">\u00a0[<a target=\"_blank\" href=\"#nb5-35\" class=\"spip_note\" rel=\"appendix\" title=\"\u201cRussian spy : Salisbury attack was \u2019brazen and reckless\u2019\u201d, BBC News, 8 mars\u00a0(\u2026)\" id=\"nh5-35\">35<\/a>]<\/span>. Par ailleurs, alors que le Times du 14\u00a0mars affirme que l\u2019affaire Skripal a \u00ab\u00a0laiss\u00e9 40 individus n\u00e9cessitant un traitement\u00a0\u00bb<span class=\"spip_note_ref\">\u00a0[<a target=\"_blank\" href=\"#nb5-36\" class=\"spip_note\" rel=\"appendix\" title=\"\u201cSalisbury poison exposure leave almost 40 needing treatment\u201d, The Times, 14\u00a0(\u2026)\" id=\"nh5-36\">36<\/a>]<\/span>, le 16\u00a0mars, un consultant en m\u00e9decine d\u2019urgence du National Health Service affirme dans un courrier de lecteurs qu\u2019\u00ab\u00a0aucun patient n\u2019a pr\u00e9sent\u00e9 de sympt\u00f4me d\u2019empoisonnement aux neurotoxiques \u00e0 Salisbury et qu\u2019il n\u2019y a eu que trois cas d\u2019empoisonnement s\u00e9rieux<span class=\"spip_note_ref\">\u00a0[<a target=\"_blank\" href=\"#nb5-37\" class=\"spip_note\" rel=\"appendix\" title=\"Fiona Hamilton, John Simpson &amp; Deborah Haynes, \u201cRussia : Salisbury\u00a0(\u2026)\" id=\"nh5-37\">37<\/a>]<\/span>\u00a0\u00bb. Par ailleurs, le premier rapport \u00e9tabli \u00e0 l\u2019h\u00f4pital apr\u00e8s l\u2019admission des victimes faisait \u00e9tat d\u2019une intoxication au Fentanyl, comme le rapporte Radio Free Europe\/Radio Liberty en septembre\u00a02018, sans mentionner le \u00ab\u00a0Novichok\u00a0\u00bb<span class=\"spip_note_ref\">\u00a0[<a target=\"_blank\" href=\"#nb5-38\" class=\"spip_note\" rel=\"appendix\" title=\"Ron Synovitz, \u201cName Your Poison : Exotic Toxins Fell Kremlin Foes\u201d, Radio\u00a0(\u2026)\" id=\"nh5-38\">38<\/a>]<\/span>. Le Salisbury Journal du 5\u00a0mars, lui aussi, mentionne une intoxication possible au Fentanyl<span class=\"spip_note_ref\">\u00a0[<a target=\"_blank\" href=\"#nb5-39\" class=\"spip_note\" rel=\"appendix\" title=\"\u201cMan found critically ill at Maltings in Salisbury man is former Russian spy\u00a0(\u2026)\" id=\"nh5-39\">39<\/a>]<\/span>.<\/p>\n<p>Finalement, le 12\u00a0avril 2018, l\u2019OIAC publie ses conclusions, bas\u00e9es sur les pr\u00e9l\u00e8vements faits sur place et les \u00e9chantillons qui lui ont \u00e9t\u00e9 soumis. La version publique du document ne mentionne pas de \u00ab\u00a0neurotoxique\u00a0\u00bb, mais seulement un \u00ab\u00a0toxique chimique\u00a0\u00bb. Elle pr\u00e9cise que l\u2019\u00e9chantillon analys\u00e9 par l\u2019OIAC serait d\u2019une \u00ab\u00a0grande puret\u00e9\u00a0\u00bb en \u00ab\u00a0l\u2019absence presque compl\u00e8te d\u2019impuret\u00e9s<span class=\"spip_note_ref\">\u00a0[<a target=\"_blank\" href=\"#nb5-40\" class=\"spip_note\" rel=\"appendix\" title=\"Note By The Technical Secretariat - Summary Of The Report On Activities\u00a0(\u2026)\" id=\"nh5-40\">40<\/a>]<\/span>\u00a0\u00bb. Dans ce domaine, les impuret\u00e9s sont comme des \u00ab\u00a0empreintes digitales\u00a0\u00bb qui permettent d\u2019identifier l\u2019origine d\u2019un produit. Or, les Novichoks sont tr\u00e8s instables, et le fait qu\u2019un \u00e9chantillon reste \u00ab\u00a0pur\u00a0\u00bb apr\u00e8s avoir s\u00e9journ\u00e9 plusieurs jours sur une poign\u00e9e de porte ou dans le sang des victimes avant d\u2019\u00eatre analys\u00e9 est presque impossible. Une absence d\u2019impuret\u00e9 pourrait signifier que les \u00e9chantillons viennent directement d\u2019un laboratoire et non de pr\u00e9l\u00e8vements.<\/p>\n<p>Le silence des autorit\u00e9s britanniques et occidentales sur cette question sugg\u00e8re que l\u2019analyse n\u2019a pas pu confirmer la culpabilit\u00e9 de la Russie. Mais factuellement, on n\u2019en sait rien.<\/p>\n<p>Selon certains experts, la seule explication plausible \u00e0 ces apparentes incoh\u00e9rences serait que Skripal et sa fille aient \u00e9t\u00e9 victimes d\u2019une intoxication alimentaire, avec des fruits de mer dans la pizzeria o\u00f9 ils ont d\u00e9jeun\u00e9. Les sympt\u00f4mes d\u00e9crits dans la presse s\u2019apparentent \u00e0 ceux d\u2019une intoxication par la phycotoxine paralysante (IPP), \u00e9galement connue sous le terme de saxitoxine (STX) produite par des micro-organismes marins<span class=\"spip_note_ref\">\u00a0[<a target=\"_blank\" href=\"#nb5-41\" class=\"spip_note\" rel=\"appendix\" title=\"NdA : La STX est un neurotoxique, que les \u00c9tats-Unis avaient tent\u00e9 de\u00a0(\u2026)\" id=\"nh5-41\">41<\/a>]<\/span>. Cette hypoth\u00e8se pourrait expliquer la formule sibylline du laboratoire de Spiez, qui sugg\u00e8re que la substance analys\u00e9e par Porton Down n\u2019est pas la m\u00eame que celle qui a intoxiqu\u00e9 le couple. Elle expliquerait aussi l\u2019intoxication du sergent Bailey, qui \u00e9tait dans les environs de la pizzeria, sans \u00eatre en service au moment de l\u2019incident, mais dont l\u2019emploi du temps n\u2019a pas \u00e9t\u00e9 confirm\u00e9 par le gouvernement britannique.<\/p>\n<p><strong><u>Concernant Navalny<\/u><\/strong><\/p>\n<p><strong>All\u00e9gation de Daniel Fontaine de la RTBF\u00a0:<\/strong><\/p>\n<p><i>Jacques Baud d\u00e9fend aussi la Russie quand le Kremlin est accus\u00e9 d\u2019avoir fait empoisonner Sergue\u00ef Skripal ou l\u2019opposant Alexe\u00ef Navalny<\/i><\/p>\n<p><strong>En r\u00e9alit\u00e9\u00a0:<\/strong><\/p>\n<p>(Livre\u00a0: L\u2019affaire Navalny \u2013 Chiffre 4.4.)<\/p>\n<p>Le rapport des m\u00e9decins allemands, publi\u00e9 le 22 d\u00e9cembre 2020, dans la revue m\u00e9dicale The Lancet, indique clairement qu\u2019ils n\u2019ont pas \u00e9t\u00e9 en mesure d\u2019identifier la pr\u00e9sence de \u00ab\u00a0Novitchok\u00a0\u00bb, mais seulement d\u2019 \u00ab\u00a0<i>inhibiteurs de la cholinest\u00e9rase<\/i>\u00a0\u00bb \u00e0 l\u2019arriv\u00e9e de Navalny. Ils pr\u00e9cisent que l\u2019identification de Novitchok n\u00e9cessitait des analyses plus approfondies, men\u00e9es par l\u2019IPTB.<\/p>\n<p>Mais les analyses effectu\u00e9es sur Navalny \u00e0 son arriv\u00e9e \u00e0 l\u2019h\u00f4pital de la Charit\u00e9 disent beaucoup. Elles font l\u2019objet d\u2019une <a target=\"_blank\" href=\"https:\/\/drive.google.com\/file\/d\/1zYD6nPDhmpuTsu6r-BReHaI-wVLiXzoh\/view?usp=sharing\" class=\"spip_out\" rel=\"external\">annexe de l\u2019article du Lancet<\/a><span class=\"spip_note_ref\">\u00a0[<a target=\"_blank\" href=\"#nb5-42\" class=\"spip_note\" rel=\"appendix\" title=\"Site alternatif :\" id=\"nh5-42\">42<\/a>]<\/span>\u00a0; pourtant, aucun m\u00e9dia traditionnel n\u2019a publi\u00e9, relat\u00e9 ou analys\u00e9 cette annexe. M\u00eame la communication d\u2019Agn\u00e8s Callamard et Irene Khan, rapporteures sp\u00e9ciales des Nations Unies, du 30 d\u00e9cembre, ne mentionne pas l\u2019annexe du Lancet, alors que c\u2019est le seul document accessible qui contient des observations scientifiques<span class=\"spip_note_ref\">\u00a0[<a target=\"_blank\" href=\"#nb5-43\" class=\"spip_note\" rel=\"appendix\" title=\"spcommreports.ohchr.org\/TMResultsBase\/DownLoadPublicCommunicationFile ?gId=25830\" id=\"nh5-43\">43<\/a>]<\/span>. On est en droit de s\u2019interroger sur l\u2019impartialit\u00e9 et l\u2019int\u00e9grit\u00e9 qu\u2019exige leur charge, alors que, par ailleurs, elles jugent le rapport des services de renseignement am\u00e9ricains sur la responsabilit\u00e9 de Mohammed ben Salman \u00ab\u00a0ne fournit que des preuves circonstancielles\u00a0\u00bb (ce qui est juste)<span class=\"spip_note_ref\">\u00a0[<a target=\"_blank\" href=\"#nb5-44\" class=\"spip_note\" rel=\"appendix\" title=\"\u00ab Russia responsible for Navalny poisoning, rights experts say \u00bb, un.org,\u00a0(\u2026)\" id=\"nh5-44\">44<\/a>]<\/span>.<\/p>\n<p>En fait, si le rapport du Lancet est si peu cit\u00e9, c\u2019est parce que les m\u00e9decins allemands n\u2019ont pas pu constater eux-m\u00eames la pr\u00e9sence de Novitchok, et que les valeurs qu\u2019ils rel\u00e8vent remettent en question la version militaire des choses. Le lecteur averti peut consulter ces valeurs (Annexe 2 \u2013 Appendice S2)<span class=\"spip_note_ref\">\u00a0[<a target=\"_blank\" href=\"#nb5-45\" class=\"spip_note\" rel=\"appendix\" title=\"Voir Annexe 2\" id=\"nh5-45\">45<\/a>]<\/span> et en tirer les conclusions lui-m\u00eame. Des recherches superficielles sur ces diff\u00e9rents r\u00e9sultats permettent \u2013 sous toute r\u00e9serve \u2013 quelques observations\u00a0:<\/p>\n<ul class=\"spip\" role=\"list\">\n<li>La valeur de l\u2019albumine sugg\u00e8re un probl\u00e8me li\u00e9 au foie.<\/li>\n<li>La valeur \u00e9lev\u00e9e de lactate d\u00e9shydrog\u00e9nase (LDH) sugg\u00e8re des troubles m\u00e9taboliques souvent observ\u00e9s avec les tumeurs canc\u00e9reuses.<\/li>\n<li>Les valeurs de l\u2019amylase et de la lipase sugg\u00e8rent une pancr\u00e9atite, qui avait d\u00e9j\u00e0 \u00e9t\u00e9 \u00e9voqu\u00e9e \u00e0 propos de Navalny dans le pass\u00e9.<\/li>\n<li>Les valeurs pour la prot\u00e9ine C-r\u00e9active, les leucocytes, les neutrophiles et les \u00e9rythrocytes sugg\u00e8rent une infection bact\u00e9rienne.<\/li>\n<li><a target=\"_blank\" href=\"https:\/\/fr.wikipedia.org\/wiki\/Amantadine\" class=\"spip_out\" rel=\"external\">L\u2019amantadine<\/a> est un m\u00e9dicament souvent utilis\u00e9 dans le traitement de la maladie de Parkinson.<\/li>\n<li>Le <a target=\"_blank\" href=\"https:\/\/en.wikipedia.org\/wiki\/Lithium_(medication)\" class=\"spip_out\" rel=\"external\">lithium<\/a> est utilis\u00e9 en psychiatrie pour le traitement des troubles bipolaires et de la d\u00e9pression.<\/li>\n<li>La faible valeur de butyryl-cholinest\u00e9rase (BChE) &#8211; 0,42 \u00e0 l\u2019arriv\u00e9e \u00e0 Berlin et 0,41 au jour 3 &#8211; sugg\u00e8re l\u2019exposition \u00e0 un inhibiteur de cholinest\u00e9rase, et pourrait \u00eatre <a target=\"_blank\" href=\"https:\/\/pubmed.ncbi.nlm.nih.gov\/7403342\/\" class=\"spip_out\" rel=\"external\">expliqu\u00e9e par le lithium<\/a><span class=\"spip_note_ref\">\u00a0[<a target=\"_blank\" href=\"#nb5-46\" class=\"spip_note\" rel=\"appendix\" title=\"S. J. Choi &amp; R. M. Derman, \u00ab Lithium and cholinesterase \u00bb, Progress in\u00a0(\u2026)\" id=\"nh5-46\">46<\/a>]<\/span>.<\/li>\n<li>On trouve des anxiolytiques avec des effets anticonvulsivants, comme le <a target=\"_blank\" href=\"https:\/\/fr.wikipedia.org\/wiki\/Diaz%C3%A9pam\" class=\"spip_out\" rel=\"external\">Diaz\u00e9pam<\/a> et le <a target=\"_blank\" href=\"https:\/\/en.wikipedia.org\/wiki\/Nordazepam\" class=\"spip_out\" rel=\"external\">Nordazepam<\/a>, ainsi que de <a target=\"_blank\" href=\"https:\/\/en.wikipedia.org\/wiki\/Oxazepam\" class=\"spip_out\" rel=\"external\">l\u2019Oxazepam<\/a>, utilis\u00e9 pour traiter les troubles du comportement et l\u2019anxi\u00e9t\u00e9. Les effets de l\u2019Oxazepam, notamment lorsqu\u2019il est pris en forte dose sur de l\u2019alcool peut occasionner des crampes abdominales et musculaires, convulsions, d\u00e9pression. Ces m\u00e9dicaments s\u2019ing\u00e8rent g\u00e9n\u00e9ralement par voie orale. <br class=\"autobr\"\/><br \/>\nLa pr\u00e9sence d\u2019inhibiteurs de cholinest\u00e9rase pourrait donc simplement s\u2019expliquer par les m\u00e9dicaments ingurgit\u00e9s par Navalny lui-m\u00eame, selon toute vraisemblance en combinaison avec de l\u2019alcool. Cela expliquerait que ses sympt\u00f4mes soient totalement diff\u00e9rents que ceux de Sergue\u00ef et Yulya Skripal en 2018, que l\u2019on pr\u00e9tend avoir \u00e9t\u00e9 victimes du m\u00eame poison.<\/li>\n<\/ul>\n<p>Par ailleurs, les documents des m\u00e9decins allemands r\u00e9v\u00e8lent que lorsque les Fran\u00e7ais, les Su\u00e9dois et l\u2019OIAC ont fait leurs pr\u00e9l\u00e8vements \u2013 soit 15 jours apr\u00e8s l\u2019arriv\u00e9e de Navalny en Allemagne \u2013 son niveau de cholinest\u00e9rase \u00e9tait proche de la normale.<\/p>\n<p>\u00c0 ce stade, ces laboratoires fran\u00e7ais, su\u00e9dois et de l\u2019OIAC n\u2019ont pu d\u00e9tecter que des \u00ab\u00a0<i>inhibiteurs de cholinest\u00e9rase<\/i>\u00a0\u00bb, mais non plus les substances trouv\u00e9es \u00e0 La Charit\u00e9, comme le lithium ou les m\u00e9dicaments, qui auraient favoris\u00e9 leur apparition. En l\u2019absence de r\u00e9sultats publi\u00e9s, nous ne savons pas exactement ce qu\u2019ils ont trouv\u00e9, mais il est vraisemblable que n\u2019ayant pas d\u2019autre explication \u00e0 la pr\u00e9sence de ces inhibiteurs, ils ont \u00e9t\u00e9 amen\u00e9s \u00e0 conclure qu\u2019il s\u2019agissait de Novitchok.<\/p>\n<p>En gardant leurs r\u00e9sultats secrets, ces laboratoires n\u2019avaient sans doute pas pr\u00e9vu que les m\u00e9decins allemands publieraient le r\u00e9sultat de leurs analyses. Car gr\u00e2ce \u00e0 ces derniers, l\u2019hypoth\u00e8se que Navalny ait \u00e9t\u00e9 victime d\u2019un empoisonnement accidentel appara\u00eet plus vraisemblable qu\u2019un empoisonnement d\u00e9lib\u00e9r\u00e9.<\/p>\n<p>(Livre\u00a0: Affaire Navalny \u2013 Chiffre 7.1.)<\/p>\n<p>L\u2019analyse de l\u2019affaire Navalny montre qu\u2019\u00e0 chacune de ses \u00e9tapes, dans le spectre des explications possibles, on a syst\u00e9matiquement choisi celles qui s\u2019ins\u00e9raient dans le narratif d\u2019un empoisonnement au Novitchok, et \u2013 donc \u2013 commandit\u00e9 par Vladimir Poutine. Le fait que les sympt\u00f4mes des Skripal et de Navalny aient \u00e9t\u00e9 totalement diff\u00e9rents\u00a0; que ni les uns ni les autres aient eu les sympt\u00f4mes d\u2019un empoisonnement aux neurotoxiques\u00a0; que ni les uns ni les autres pr\u00e9sentent les s\u00e9quelles de long terme associ\u00e9es \u00e0 un empoisonnement au Novitchok\u00a0; ou que le Novitchok ait \u00e9galement \u00e9t\u00e9 produit par des pays occidentaux, n\u2019ont incit\u00e9 ni les m\u00e9dias, ni les politiques \u00e0 la prudence.<\/p>\n<p>Au contraire, sur la seule foi de \u00ab\u00a0l\u2019aveu\u00a0\u00bb t\u00e9l\u00e9phonique d\u2019un agent dont personne n\u2019a pu v\u00e9rifier l\u2019identit\u00e9 et la qualit\u00e9, et de rapports militaires rest\u00e9s secrets, on fa\u00e7onne une politique \u00e9trang\u00e8re et prend des mesures aux cons\u00e9quences incertaines.<\/p>\n<p>Les rapports des laboratoires allemand, fran\u00e7ais, su\u00e9dois et de l\u2019OIAC \u00e9tant classifi\u00e9s, nous ne connaissons pas leur contenu. Il est cependant raisonnable de penser que si leurs conclusions avaient clairement identifi\u00e9 la pr\u00e9sence de Novitchok, elles auraient fait l\u2019objet de publications plus d\u00e9taill\u00e9es.<\/p>\n<p>D\u2019ailleurs, Euronews, la <a target=\"_blank\" href=\"https:\/\/www.tdg.ch\/un-avion-medicalise-part-dallemagne-pour-recuperer-navalny-287409912910\" class=\"spip_out\" rel=\"external\"><i>Tribune de Gen\u00e8ve<\/i><\/a> ou Le Point constatent que Navalny a \u00ab\u00a0<i>des centaines d\u2019ennemis parmi lesquels des individus d\u00e9termin\u00e9s<\/i><i><span class=\"spip_note_ref\">\u00a0[<a target=\"_blank\" href=\"#nb5-47\" class=\"spip_note\" rel=\"appendix\" title=\"\u00ab Aucun poison dans l\u2019organisme de Navalny \u00bb, Tribune de Gen\u00e8ve, 21 ao\u00fbt\u00a0(\u2026)\" id=\"nh5-47\">47<\/a>]<\/span><\/i>\u00a0\u00bb \u00e0 cause de sa lutte contre la corruption. D\u2019ailleurs, les nombreux proc\u00e8s intent\u00e9s \u00e0 Navalny \u2013 dont nous avons cit\u00e9 quelques exemples \u2013 ne viennent pas du gouvernement, mais d\u2019oligarques et de personnalit\u00e9s priv\u00e9es. Il n\u2019est ainsi pas d\u00e9raisonnable de penser que \u00ab\u00a0d\u2019autres acteurs\u00a0\u00bb, touch\u00e9s par ses enqu\u00eates sur la corruption \u2013 notamment dans les milieux de la criminalit\u00e9 organis\u00e9e \u2013 pourraient avoir un int\u00e9r\u00eat existentiel \u00e0 le supprimer.<\/p>\n<p>C\u2019est pourquoi Vladimir Poutine affirme cyniquement\u00a0: \u00ab\u00a0Si on l\u2019avait voulu, l\u2019affaire aurait \u00e9t\u00e9 men\u00e9e \u00e0 son terme<i><span class=\"spip_note_ref\">\u00a0[<a target=\"_blank\" href=\"#nb5-48\" class=\"spip_note\" rel=\"appendix\" title=\"\u00ab Pour Vladimir Poutine, si la Russie avait voulu empoisonner Navalny, il\u00a0(\u2026)\" id=\"nh5-48\">48<\/a>]<\/span><\/i>\u00a0!\u00a0\u00bb \u00c0 l\u2019\u00e9vidence, s\u2019il y avait r\u00e9ellement eu volont\u00e9 d\u2019\u00e9liminer Navalny, on aurait probablement utilis\u00e9 une m\u00e9thode qui ne rappelle pas l\u2019affaire Skripal et qui soit plus efficace (!) sans pointer du doigt la Russie. Or, les \u00ab\u00a0services\u00a0\u00bb disposent de poisons virtuellement ind\u00e9tectables \u00e0 l\u2019autopsie<span class=\"spip_note_ref\">\u00a0[<a target=\"_blank\" href=\"#nb5-49\" class=\"spip_note\" rel=\"appendix\" title=\"Viktor Popenko, \u0421\u0435\u043a\u0440\u0435\u0442\u043d\u044b\u0435 \u0418\u043d\u0441\u0442\u0440\u0443\u043a\u0446\u0438\u0438 \u0426\u0420\u0423 \u0438 \u041a\u0413\u0411 \u043f\u043e \u0421\u0431\u043e\u0440\u0443 \u0424\u0430\u043a\u0442\u043e\u0432, \u041a\u043e\u043d\u0441\u043f\u0438\u0440\u0430\u0446\u0438\u0438\u00a0(\u2026)\" id=\"nh5-49\">49<\/a>]<\/span>\u2026<\/p>\n<p>Malgr\u00e9 cela, bien qu\u2019aucun fait concret et v\u00e9rifiable ne la confirme, pr\u00e9domine l\u2019id\u00e9e que c\u2019est l\u2019\u0153uvre des services secrets russes. Ainsi, d\u00e8s d\u00e9but septembre 2020, avant m\u00eame que les laboratoires fran\u00e7ais, su\u00e9dois et de l\u2019OIAC ont commenc\u00e9 leurs analyses, Conspiracy Watch, \u00ab\u00a0sait\u00a0\u00bb qu\u2019il a \u00e9t\u00e9 empoisonn\u00e9 avec du Novitchok \u00ab\u00a0plut\u00f4t associ\u00e9 aux services secrets russes\u00a0\u00bb et qualifie de \u00ab\u00a0conspirationnisme\u00a0\u00bb l\u2019\u00e9ventualit\u00e9 que l\u2019empoisonnement puisse \u00eatre le fait de la criminalit\u00e9 organis\u00e9e<span class=\"spip_note_ref\">\u00a0[<a target=\"_blank\" href=\"#nb5-50\" class=\"spip_note\" rel=\"appendix\" title=\"Antoine Hasday, \u00ab Sur RT France, Jacques Baud coche toutes les cases du\u00a0(\u2026)\" id=\"nh5-50\">50<\/a>]<\/span>. Cette mani\u00e8re d\u2019exclure toute explication alternative, d\u2019affirmer un jugement \u00e0 partir d\u2019informations qui sont toutes de nature sp\u00e9culative, d\u2019ignorer certains faits et d\u2019en relier d\u2019autres avec une logique arbitraire correspond exactement \u00e0 la d\u00e9finition du complotisme<span class=\"spip_note_ref\">\u00a0[<a target=\"_blank\" href=\"#nb5-51\" class=\"spip_note\" rel=\"appendix\" id=\"nh5-51\">51<\/a>]<\/span>. Les \u00ab\u00a0anti-conspirationnistes\u00a0\u00bb deviennent\u2026 des \u00ab\u00a0conspirationnistes\u00a0\u00bb\u00a0!<\/p>\n<p><strong><u>Concernant l\u2019orchestration par l\u2019Ukraine de sa propre invasion pour entrer dans l\u2019OTAN<\/u><\/strong><\/p>\n<p><strong>All\u00e9gation de Daniel Fontaine de la RTBF\u00a0:<\/strong><\/p>\n<p><i>Il formule des th\u00e9ories du complot, en accusant par exemple l\u2019Ukraine d\u2019avoir orchestr\u00e9 sa propre invasion pour adh\u00e9rer \u00e0 l\u2019OTAN<\/i><\/p>\n<p><strong>En r\u00e9alit\u00e9\u00a0:<\/strong><\/p>\n<p>M.\u00a0Daniel Fontaine ment\u00a0: je n\u2019ai jamais formul\u00e9 de th\u00e9orie du complot.<\/p>\n<p>(Livre\u00a0: Ukraine entre guerre et paix \u2013 Chiffre 3.1)<\/p>\n<p>L\u2019entr\u00e9e de l\u2019Ukraine dans l\u2019OTAN n\u2019est donc possible que si la Russie est dans l\u2019incapacit\u00e9 de la menacer. Il lui faut donc faire subir une d\u00e9faite cuisante qui an\u00e9antisse son \u00e9conomie, provoque une r\u00e9volution et un changement de r\u00e9gime, voire un d\u00e9mant\u00e8lement de la Russie en entit\u00e9s plus petites. C\u2019est exactement ce que d\u00e9clare Arestovitch\u00a0: \u00ab\u00a0Notre prix pour entrer dans l\u2019OTAN est une guerre contre la Russie et sa d\u00e9faite\u00a0\u00bb. Il donne alors m\u00eame la date probable de cette guerre\u00a0: \u00ab\u00a02021 ou 2022\u00a0\u00bb<span class=\"spip_note_ref\">\u00a0[<a target=\"_blank\" href=\"#nb5-52\" class=\"spip_note\" rel=\"appendix\" title=\"\u202f\u00ab \u202fPredicted Russian \u2013 Ukrainian war in 2019 \u2013 Alexey Arestovich\u202f \u00bb,\u00a0(\u2026)\" id=\"nh5-52\">52<\/a>]<\/span>\u00a0!<\/p>\n<p><strong>Interview d\u2019Olekse\u00ef Arestovitch<\/strong><\/p>\n<p>Il ne s\u2019agissait pas d\u2019une analyse, mais de l\u2019\u00e9nonc\u00e9 d\u2019une politique (extrait traduit m\u00e9caniquement)<span class=\"spip_note_ref\">\u00a0[<a target=\"_blank\" href=\"#nb5-53\" class=\"spip_note\" rel=\"appendix\" id=\"nh5-53\">53<\/a>]<\/span>\u00a0:<\/p>\n<blockquote class=\"spip\">\n<p>Apostrof\u00a0: Si l\u2019Ukraine re\u00e7oit un plan d\u2019action de l\u2019OTAN, pourrons-nous alors parler d\u2019un calendrier pour la fin de la guerre\u00a0?<\/p>\n<p>Arestovitch\u00a0: Non. Nous ne discuterons d\u2019aucun d\u00e9lai pour la fin de la guerre. Au contraire, cela incitera tr\u00e8s probablement la Russie \u00e0 lancer une op\u00e9ration militaire majeure contre l\u2019Ukraine. Car ils devront d\u00e9truire nos infrastructures et r\u00e9duire tout ici en ruines.\u00a0\u00bb<\/p>\n<p>Apostrof\u00a0: La Russie pourrait donc entrer en confrontation directe avec l\u2019OTAN\u00a0?<\/p>\n<p>Non. Ils doivent agir ainsi avant notre adh\u00e9sion \u00e0 l\u2019OTAN, afin que nous ne pr\u00e9sentions plus aucun int\u00e9r\u00eat pour elle. Ou plut\u00f4t, que nous devenions insignifiants, comme un territoire d\u00e9sint\u00e9gr\u00e9. Il y a 99,9\u00a0% de chances que le prix de notre adh\u00e9sion \u00e0 l\u2019OTAN soit une guerre majeure avec la Russie. Et si nous n\u2019y adh\u00e9rons pas, nous serons absorb\u00e9s par la Russie d\u2019ici 10 \u00e0 12 ans. Alors, \u00e0 nous de choisir.<\/p>\n<p>Apostrof\u00a0: Alors, qu\u2019est-ce qui est pr\u00e9f\u00e9rable dans ce cas\u00a0?<\/p>\n<p>Arestovitch\u00a0: Bien s\u00fbr, une guerre majeure avec la Russie et la transition vers l\u2019OTAN suite \u00e0 la victoire sur la Russie.<\/p>\n<p>[\u2026]<\/p>\n<p>Apostrof\u00a0: Et quand\u00a0?<\/p>\n<p>Arestovitch\u00a0: La p\u00e9riode la plus critique se situera entre 2020 et 2022.<\/p>\n<\/blockquote>\n<p><strong>En r\u00e9alit\u00e9\u00a0:<\/strong><\/p>\n<p><strong>D\u00e9cret du pr\u00e9sident Zelensky n\u00b0\u00a0117\/2021 du 24 mars 2021<\/strong><\/p>\n<p>J\u2019ai \u00e9galement cit\u00e9 le d\u00e9cret du Pr\u00e9sident Zelensky sur la <strong>D\u00e9soccupation et r\u00e9int\u00e9gration du territoire temporairement occup\u00e9 de la R\u00e9publique autonome de Crim\u00e9e et de la ville de S\u00e9bastopol<\/strong>, qui pr\u00e9voit la reprise des territoires de \u00ab\u00a0la R\u00e9publique autonome de Crim\u00e9e et la ville de S\u00e9bastopol, ainsi que certaines zones des r\u00e9gions de Donetsk et de Louhansk\u00a0\u00bb.<\/p>\n<p>Ce d\u00e9cret a \u00e9t\u00e9 suivi par la mont\u00e9e en puissances des forces ukrainiennes autour du Donbass, qui a alors provoqu\u00e9 celle des forces russes le long de la fronti\u00e8re.<\/p>\n<p>(<a target=\"_blank\" href=\"https:\/\/www.president.gov.ua\/documents\/1172021-37533\" class=\"spip_url spip_out auto\" rel=\"nofollow external\">https:\/\/www.president.gov.ua\/documents\/1172021-37533<\/a>)<\/p>\n<h2 class=\"spip\">Conclusions<\/h2>\n<p>Comme la plupart de ses confr\u00e8res, Daniel Fontaine ne v\u00e9rifie pas ses informations et se base exclusivement sur ma fiche Wikip\u00e9dia.<\/p>\n<p>Cette fiche a \u00e9t\u00e9 aliment\u00e9e par Conspiracy Watch et son acc\u00e8s m\u2019en a de facto \u00e9t\u00e9 interdit, ainsi qu\u2019\u00e0 tous ceux qui ont cherch\u00e9 \u00e0 y faire des modifications.<\/p>\n<p>Son contenu est bas\u00e9 sur un article du \u00ab\u00a0journaliste\u00a0\u00bb Antoine Hasday publi\u00e9 sur le site Conspiracy Watch bas\u00e9 sur une interview donn\u00e9e au journaliste fran\u00e7ais \u00e0 Fr\u00e9d\u00e9ric Tadde\u00ef (qui travaillait alors pour RT France). J\u2019avais alors demand\u00e9 un droit de r\u00e9ponse \u00e0 cet article et ai envoy\u00e9 les extraits de ce que j\u2019avais alors \u00e9crit. Conspiracy Watch a refus\u00e9 ce droit de r\u00e9ponse et Antoine Hasday a \u00e9crit un article disant en substance que son article r\u00e9sultait de sa compr\u00e9hension de mes propos et qu\u2019il n\u2019y avait pas lieu de publier un droit de r\u00e9ponse.<\/p>\n<p><strong>Jacques Baud<\/strong>, 10\/01\/2026<\/p>\n<hr\/>\n<p><strong>EN COMPLEMENT\u00a0:<\/strong><\/p>\n<p><a target=\"_blank\" href=\"https:\/\/www.legrandsoir.info\/bruxelles-punit-la-pensee-l-affaire-jacques-baud-ou-la-faillite-intellectuelle-europeenne.html\">Bruxelles punit la pens\u00e9e\u00a0: l\u2019affaire Jacques Baud ou la faillite intellectuelle europ\u00e9enne<\/a><\/p>\n<p><a target=\"_blank\" href=\"https:\/\/www.legrandsoir.info\/jacques-baud-il-donne-trop-d-informations-trop-precises-l-union-europeenne-le-sanctionne.html\">Jacques Baud\u00a0: il donne trop d\u2019informations trop pr\u00e9cises. L\u2019Union europ\u00e9enne le sanctionne\u00a0!<\/a><\/p>\n<\/div>\n<p><script async src=\"\/\/platform.twitter.com\/widgets.js\" charset=\"utf-8\"><\/script><br \/>\n<br \/><br \/>\n<br \/><a href=\"https:\/\/www.legrandsoir.info\/reponse-aux-propos-de-daniel-fontaine-de-la-rtbf.html\" target=\"_blank\"\">Source link <\/a><\/p>\n","protected":false},"excerpt":{"rendered":"<p>Mon propos Mon propos n\u2019est pas de prendre parti pour un bellig\u00e9rant quel qu\u2019il soit, mais de montrer que les d\u00e9cisions que nous prenons sont bas\u00e9es sur des perceptions qui&hellip; <\/p>\n","protected":false},"author":1,"featured_media":22328,"comment_status":"open","ping_status":"open","sticky":false,"template":"","format":"standard","meta":{"footnotes":""},"categories":[1],"tags":[],"class_list":["post-22327","post","type-post","status-publish","format-standard","has-post-thumbnail","hentry","category-non-classe"],"_links":{"self":[{"href":"https:\/\/monde25.info\/index.php\/wp-json\/wp\/v2\/posts\/22327","targetHints":{"allow":["GET"]}}],"collection":[{"href":"https:\/\/monde25.info\/index.php\/wp-json\/wp\/v2\/posts"}],"about":[{"href":"https:\/\/monde25.info\/index.php\/wp-json\/wp\/v2\/types\/post"}],"author":[{"embeddable":true,"href":"https:\/\/monde25.info\/index.php\/wp-json\/wp\/v2\/users\/1"}],"replies":[{"embeddable":true,"href":"https:\/\/monde25.info\/index.php\/wp-json\/wp\/v2\/comments?post=22327"}],"version-history":[{"count":0,"href":"https:\/\/monde25.info\/index.php\/wp-json\/wp\/v2\/posts\/22327\/revisions"}],"wp:featuredmedia":[{"embeddable":true,"href":"https:\/\/monde25.info\/index.php\/wp-json\/wp\/v2\/media\/22328"}],"wp:attachment":[{"href":"https:\/\/monde25.info\/index.php\/wp-json\/wp\/v2\/media?parent=22327"}],"wp:term":[{"taxonomy":"category","embeddable":true,"href":"https:\/\/monde25.info\/index.php\/wp-json\/wp\/v2\/categories?post=22327"},{"taxonomy":"post_tag","embeddable":true,"href":"https:\/\/monde25.info\/index.php\/wp-json\/wp\/v2\/tags?post=22327"}],"curies":[{"name":"wp","href":"https:\/\/api.w.org\/{rel}","templated":true}]}}