{"id":22332,"date":"2026-01-12T20:16:36","date_gmt":"2026-01-12T19:16:36","guid":{"rendered":"https:\/\/monde25.info\/index.php\/2026\/01\/12\/pologne-un-ex-ministre-conservateur-dit-avoir-obtenu-lasile-en-hongrie\/"},"modified":"2026-01-12T20:16:36","modified_gmt":"2026-01-12T19:16:36","slug":"pologne-un-ex-ministre-conservateur-dit-avoir-obtenu-lasile-en-hongrie","status":"publish","type":"post","link":"https:\/\/monde25.info\/index.php\/2026\/01\/12\/pologne-un-ex-ministre-conservateur-dit-avoir-obtenu-lasile-en-hongrie\/","title":{"rendered":"Pologne, un ex-ministre conservateur dit avoir obtenu \u00ab\u00a0l&rsquo;asile\u00a0\u00bb en Hongrie"},"content":{"rendered":"<p> <br \/>\n<\/p>\n<div>\n<p>Un ancien ministre du parti conservateur polonais Droit et Justice (PiS, nationaliste), poursuivi dans son pays, a affirm\u00e9 lundi avoir obtenu \u00ab\u00a0l&rsquo;asile politique\u00a0\u00bb dans la Hongrie de Viktor Orban.<\/p>\n<p>Zbigniew Ziobro, 55 ans, est vis\u00e9 par une enqu\u00eate pour des faits d&rsquo;abus de pouvoir et association de malfaiteurs alors qu&rsquo;il \u00e9tait ministre de la Justice et procureur g\u00e9n\u00e9ral dans les gouvernements du PiS entre 2015 et 2023.<\/p>\n<p>Dans une d\u00e9claration sur X, le Premier ministre pro-europ\u00e9en polonais Donald Tusk a qualifi\u00e9 lundi M. Ziobro \u00ab\u00a0du cerveau du syst\u00e8me de corruption politique\u00a0\u00bb et sa demande d&rsquo;asile au gouvernement de Victor Orban de \u00ab\u00a0choix logique\u00a0\u00bb.<\/p>\n<p>Le dirigeant nationaliste hongrois, qui se targue d&rsquo;\u00eatre proche des pr\u00e9sidents am\u00e9ricain Donald Trump et russe Vladimir Poutine, a \u0153uvr\u00e9 depuis son retour au pouvoir en 2010 \u00e0 consolider son emprise sur le pays d&rsquo;Europe centrale de 9,5 millions d&rsquo;habitants, multipliant notamment les mesures destin\u00e9es \u00e0 restreindre l&rsquo;ind\u00e9pendance de la justice et des m\u00e9dias.<\/p>\n<p>En novembre 2025, les d\u00e9put\u00e9s polonais ont vot\u00e9 la lev\u00e9e de l&rsquo;immunit\u00e9 parlementaire de M. Ziobro et autoris\u00e9 son placement en d\u00e9tention provisoire.<\/p>\n<p>Refusant de r\u00e9pondre aux convocations de la justice polonaise au motif que les poursuites engag\u00e9es \u00e0 son encontre seraient le fruit d&rsquo;une pers\u00e9cution \u00ab\u00a0politique\u00a0\u00bb orchestr\u00e9e par l&rsquo;ex\u00e9cutif du centriste Donald Tusk, M. Ziobro a trouv\u00e9 refuge \u00e0 Budapest.<\/p>\n<p>Dans une publication-fleuve sur X lundi, il explique avoir \u00ab\u00a0d\u00e9cid\u00e9 de recourir \u00e0 l&rsquo;asile politique accord\u00e9 par le gouvernement hongrois\u00a0\u00bb.<\/p>\n<p>\u00ab\u00a0Je remercie vivement le pr\u00e9sident Viktor Orban\u00a0\u00bb, \u00e9crit-il en d\u00e9non\u00e7ant \u00ab\u00a0le banditisme\u00a0\u00bb et \u00ab\u00a0l&rsquo;instauration progressive d&rsquo;une dictature\u00a0\u00bb en Pologne.<\/p>\n<p>Son \u00e9pouse a \u00e9galement obtenu l&rsquo;asile bien qu&rsquo;elle ne fasse l&rsquo;objet d&rsquo;aucune poursuite. Leur avocat a confirm\u00e9 l&rsquo;information sur son compte X.<\/p>\n<p>L&rsquo;un de ses adjoints de l&rsquo;\u00e9poque, Marcin Romanowski, accus\u00e9 d&rsquo;actes similaires, avait lui aussi obtenu l&rsquo;asile politique en Hongrie en d\u00e9cembre 2024.<\/p>\n<p>M. Ziobro est notamment accus\u00e9 d&rsquo;avoir orchestr\u00e9 des d\u00e9tournements d&rsquo;argent provenant d&rsquo;un fonds sp\u00e9cial destin\u00e9 \u00e0 soutenir les victimes de crimes et d&rsquo;avoir utilis\u00e9 ce fonds \u00e0 des fins politiques ainsi que pour financer ill\u00e9galement l&rsquo;achat du logiciel espion Pegasus de fabrication isra\u00e9lienne.<\/p>\n<p>Selon le gouvernement actuel, ce logiciel aurait \u00e9t\u00e9 utilis\u00e9 \u00e0 l&rsquo;\u00e9poque pour surveiller des opposants politiques.<\/p>\n<p>S&rsquo;il est reconnu coupable, M. Ziobro, qui suit un traitement contre un cancer, risque jusqu&rsquo;\u00e0 25 ans de prison.<\/p>\n<p>Le vice-ministre polonais de la D\u00e9fense, Cezary Tomczyk, a fustig\u00e9 l&rsquo;annonce de M. Ziobro, \u00ab\u00a0un ancien ministre de la Justice qui se soustrait \u00e0 ses responsabilit\u00e9s en fuyant dans le pays d&rsquo;Orban, un ami (du pr\u00e9sident russe) Poutine\u00a0\u00bb.<\/p>\n<p>M. Ziobro est l&rsquo;architecte d&rsquo;une s\u00e9rie de r\u00e9formes judiciaires controvers\u00e9es entre 2015 et 2023. Ces r\u00e9formes ont provoqu\u00e9 un bras de fer entre la Pologne et la Commission europ\u00e9enne, mesures qui fragiliseraient l&rsquo;\u00c9tat de droit et l&rsquo;\u00e9quilibre des pouvoirs.<\/p>\n<p>Le gouvernement pro-europ\u00e9en de Donald Tusk, aux affaires depuis 2023, s&rsquo;est engag\u00e9 \u00e0 revenir sur ces r\u00e9formes, mais le pr\u00e9sident nationaliste Karol Nawrocki, \u00e9lu en juin 2025 avec le soutien du PiS, y oppose presque syst\u00e9matiquement son veto.<\/p>\n<p>Un m\u00e9canisme d&rsquo;asile politique n&rsquo;existe pas en tant que tel entre \u00c9tats membres de l&rsquo;UE pour la protection de leurs ressortissants.<\/p>\n<p>Le droit europ\u00e9en consid\u00e8re en effet que \u00ab\u00a0le niveau de protection des droits fondamentaux et des libert\u00e9s fondamentales dans les \u00c9tats membres de l&rsquo;Union europ\u00e9enne\u00a0\u00bb en font \u00ab\u00a0des pays d&rsquo;origine s\u00fbrs les uns vis-\u00e0-vis des autres\u00a0\u00bb.<\/p>\n<p>Des exceptions sont toutefois pr\u00e9vues, par exemple si l&rsquo;\u00c9tat membre du ressortissant concern\u00e9 a d\u00e9rog\u00e9 \u00e0 ses obligations en mati\u00e8re de protection des droits humains et des libert\u00e9s fondamentales telles qu&rsquo;\u00e9nonc\u00e9es dans la Convention de Rome.<\/p>\n<p>Pour justifier la d\u00e9cision de Budapest, le chef de la diplomatie hongroise, Peter Szijjarto, a estim\u00e9 lundi que la d\u00e9mocratie et l&rsquo;\u00c9tat de droit \u00e9tait \u00ab\u00a0en crise et menac\u00e9s en Pologne\u00a0\u00bb.<\/p>\n<p>Son pays, a-t-il ajout\u00e9, a accept\u00e9 des demandes d'\u00a0\u00bbasile\u00a0\u00bb ou accord\u00e9 \u00ab\u00a0le statut de r\u00e9fugi\u00e9\u00a0\u00bb \u00e0 \u00ab\u00a0plusieurs personnes cibles de pers\u00e9cution politique en Pologne\u00a0\u00bb.<\/p>\n<\/div>\n<p><script>(function(d, s, id) {  var js, fjs = d.getElementsByTagName(s)[0];  if (d.getElementById(id)) return;  js = d.createElement(s); js.id = id;  js.src = \"\/\/connect.facebook.net\/fr_FR\/sdk.js#xfbml=1&version=v2.3\";  fjs.parentNode.insertBefore(js, fjs);}(document, \"script\", \"facebook-jssdk\"));<\/script><br \/>\n<br \/><br \/>\n<br \/><a href=\"https:\/\/www.francesoir.fr\/politique-monde\/pologne-un-ex-ministre-conservateur-dit-avoir-obtenu-l-asile-en-hongrie\" target=\"_blank\"\">Source link <\/a><\/p>\n","protected":false},"excerpt":{"rendered":"<p>Un ancien ministre du parti conservateur polonais Droit et Justice (PiS, nationaliste), poursuivi dans son pays, a affirm\u00e9 lundi avoir obtenu \u00ab\u00a0l&rsquo;asile politique\u00a0\u00bb dans la Hongrie de Viktor Orban. Zbigniew&hellip; <\/p>\n","protected":false},"author":1,"featured_media":22333,"comment_status":"open","ping_status":"open","sticky":false,"template":"","format":"standard","meta":{"footnotes":""},"categories":[1],"tags":[],"class_list":["post-22332","post","type-post","status-publish","format-standard","has-post-thumbnail","hentry","category-non-classe"],"_links":{"self":[{"href":"https:\/\/monde25.info\/index.php\/wp-json\/wp\/v2\/posts\/22332","targetHints":{"allow":["GET"]}}],"collection":[{"href":"https:\/\/monde25.info\/index.php\/wp-json\/wp\/v2\/posts"}],"about":[{"href":"https:\/\/monde25.info\/index.php\/wp-json\/wp\/v2\/types\/post"}],"author":[{"embeddable":true,"href":"https:\/\/monde25.info\/index.php\/wp-json\/wp\/v2\/users\/1"}],"replies":[{"embeddable":true,"href":"https:\/\/monde25.info\/index.php\/wp-json\/wp\/v2\/comments?post=22332"}],"version-history":[{"count":0,"href":"https:\/\/monde25.info\/index.php\/wp-json\/wp\/v2\/posts\/22332\/revisions"}],"wp:featuredmedia":[{"embeddable":true,"href":"https:\/\/monde25.info\/index.php\/wp-json\/wp\/v2\/media\/22333"}],"wp:attachment":[{"href":"https:\/\/monde25.info\/index.php\/wp-json\/wp\/v2\/media?parent=22332"}],"wp:term":[{"taxonomy":"category","embeddable":true,"href":"https:\/\/monde25.info\/index.php\/wp-json\/wp\/v2\/categories?post=22332"},{"taxonomy":"post_tag","embeddable":true,"href":"https:\/\/monde25.info\/index.php\/wp-json\/wp\/v2\/tags?post=22332"}],"curies":[{"name":"wp","href":"https:\/\/api.w.org\/{rel}","templated":true}]}}