{"id":22334,"date":"2026-01-12T20:49:46","date_gmt":"2026-01-12T19:49:46","guid":{"rendered":"https:\/\/monde25.info\/index.php\/2026\/01\/12\/plusieurs-patrons-de-la-grande-distribution-francaise-sengagent-contre-les-importations-sud-americaines-rt-en-francais\/"},"modified":"2026-01-12T20:49:46","modified_gmt":"2026-01-12T19:49:46","slug":"plusieurs-patrons-de-la-grande-distribution-francaise-sengagent-contre-les-importations-sud-americaines-rt-en-francais","status":"publish","type":"post","link":"https:\/\/monde25.info\/index.php\/2026\/01\/12\/plusieurs-patrons-de-la-grande-distribution-francaise-sengagent-contre-les-importations-sud-americaines-rt-en-francais\/","title":{"rendered":"plusieurs patrons de la grande distribution fran\u00e7aise s\u2019engagent contre les importations sud-am\u00e9ricaines \u2014 RT en fran\u00e7ais"},"content":{"rendered":"<p> <br \/>\n<br \/><img decoding=\"async\" src=\"https:\/\/mf.b37mrtl.ru\/french\/images\/2026.01\/thumbnail\/6965474187f3ec0f900164a2.jpg\" \/><\/p>\n<div>\n<p class=\"text__summary\">\n                                        Le pr\u00e9sident d\u2019Intermarch\u00e9 a annonc\u00e9 ce 12 janvier que ses magasins ne s\u2019approvisionneraient pas en produits issus des pays du Mercosur afin de \u00absoutenir la ferme France\u00bb. Une attitude \u00e9galement plaid\u00e9e par les patrons des groupes Carrefour et Syst\u00e8me U ainsi que celui de Leclerc, alors que la signature du trait\u00e9 de libre-\u00e9change se profile.\n                                    <\/p>\n<p>\u00ab\u00a0On l\u2019a clairement dit et je le redis ce matin\u00a0: on n\u2019ach\u00e8tera pas ces produits-l\u00e0, on ne les ach\u00e8tera pas pour soutenir la ferme France\u00a0\u00bb, a annonc\u00e9 ce 12 janvier sur le plateau de France 2, Thierry Cotillard, pr\u00e9sident du Groupement Mousquetaires (Intermarch\u00e9, Netto, Bricomarch\u00e9&#8230;), alors interrog\u00e9 sur les produits issus du Mercosur avec lequel l\u2019Union europ\u00e9enne s\u2019appr\u00eate \u00e0 signer un accord de libre-\u00e9change malgr\u00e9 l\u2019opposition de la France et la grogne du monde agricole.<\/p>\n<p>\u00ab\u00a0La semaine derni\u00e8re j\u2019\u00e9tais en conseil d\u2019administration de la FCD, qu\u2019est le syndicat de la grande distribution, Carrefour, Syst\u00e8me U, Leclerc, auront les m\u00eames positions\u00a0\u00bb, a-t-il notamment pr\u00e9cis\u00e9. Des d\u00e9clarations qui surviennent alors que la grogne des agriculteurs, qui d\u00e9noncent la concurrence d\u00e9loyale que pourraient leur mener des producteurs sud-am\u00e9ricains n\u2019\u00e9tant pas soumis aux m\u00eames normes qu\u2019eux, ne diminue pas.<\/p>\n<div class=\"rtcode\">\n<blockquote class=\"twitter-tweet\">\n<p lang=\"fr\" dir=\"ltr\">\ud83d\udde3\ufe0f \u00ab\u00a0On n&rsquo;ach\u00e8tera pas ces produits-l\u00e0\u00a0\u00bb<\/p>\n<p>\ud83d\udd34 Thierry Cotillard, pr\u00e9sident du Groupement Les Mousquetaires, ne fera pas rentrer des produits issus des pays du Mercosur dans les magasins de son groupe. <a target=\"_blank\" href=\"https:\/\/twitter.com\/hashtag\/Les4V?src=hash&amp;ref_src=twsrc%5Etfw\">#Les4V<\/a><a target=\"_blank\" href=\"https:\/\/t.co\/gdPvyooHvL\">pic.twitter.com\/gdPvyooHvL<\/a><\/p>\n<p>\u2014 Telematin (@telematin) <a target=\"_blank\" href=\"https:\/\/twitter.com\/telematin\/status\/2010668004644733094?ref_src=twsrc%5Etfw\">January 12, 2026<\/a><\/p><\/blockquote>\n<\/div>\n<p>\u00ab\u00a0Qu\u2019il soit adopt\u00e9 ou qu\u2019il ne soit pas adopt\u00e9, la d\u00e9cision du groupe Carrefour &#8211; et d\u2019ailleurs de mes confr\u00e8res &#8211; est de <a target=\"_blank\" href=\"https:\/\/www.youtube.com\/watch?v=9oooUZYBawc\">s\u2019approvisionner quasi exclusivement<\/a> voire exclusivement selon les fili\u00e8res en produits fran\u00e7ais\u00a0\u00bb, avait d\u00e9clar\u00e9 le 7 janvier sur BFMTV Alexandre Bompard, PDG de Carrefour, mettant en avant un approvisionnement \u00ab\u00a0local\u00a0\u00bb tant en France que dans les pays du Mercosur o\u00f9 le groupe est pr\u00e9sent.<\/p>\n<h3>\u00ab\u00a0Une question de principe\u00a0\u00bb<\/h3>\n<p>\u00ab\u00a0Il n\u2019est pas possible d\u2019importer en France un produit [&#8230;] d\u2019Am\u00e9rique du Sud qui aurait des conditions de production moindres que celles qu\u2019on exige en France\u00a0\u00bb, avait d\u00e9clar\u00e9 le m\u00eame jour, sur TF1, le PDG de Coop\u00e9rative U, Dominique Schelcher, mettant en avant une \u00ab question de principe\u00a0\u00bb et assurant \u00eatre \u00ab\u00a0<a target=\"_blank\" href=\"https:\/\/www.tf1.fr\/lci\/bonjour-la-matinale-tf1\/videos\/en-toute-franchise-dominique-schelcher-95742878.html\">compl\u00e8tement d\u2019accord<\/a>\u00a0\u00bb avec les agriculteurs. \u00ab\u00a0On n\u2019importera pas, dans ce que l\u2019on peut maitriser directement, de ces produits d\u2019Am\u00e9rique du Sud\u00a0\u00bb en cas de signature du trait\u00e9.<\/p>\n<p>\u00ab\u00a0Que cela soit sign\u00e9 ou pas sign\u00e9, <a target=\"_blank\" href=\"https:\/\/x.com\/CNEWS\/status\/2003163849084538978\">de toute fa\u00e7on, nous ne voulons pas<\/a>\u00a0\u00bb de ces produits, avait d\u00e9clar\u00e9 en d\u00e9cembre Michel-\u00c9douard Leclerc sur CNews, assurant soutenir \u00ab\u00a0les demandes agricoles\u00a0\u00bb et ce \u00ab\u00a0quel que soit le syndicat\u00a0\u00bb avait-il pr\u00e9cis\u00e9. \u00ab\u00a0On ne fait pas rentrer dans le pays des produits qui ne sont pas aux normes de ce qu\u2019on exige de nos producteurs\u00a0\u00bb, avait-il assur\u00e9 tout en mettant en garde quant au fait que les pays du Mercosur \u00ab\u00a0sont aussi des d\u00e9bouch\u00e9s pour notre agroalimentaire fran\u00e7ais\u00a0\u00bb.<\/p>\n<\/div>\n<p><script async src=\"\/\/platform.twitter.com\/widgets.js\" charset=\"utf-8\"><\/script><br \/>\n<br \/><br \/>\n<br \/><a href=\"https:\/\/francais.rt.com\/france\/129335-mercosur-plusieurs-patrons-grande-distribution\" target=\"_blank\"\">Source link <\/a><\/p>\n","protected":false},"excerpt":{"rendered":"<p>Le pr\u00e9sident d\u2019Intermarch\u00e9 a annonc\u00e9 ce 12 janvier que ses magasins ne s\u2019approvisionneraient pas en produits issus des pays du Mercosur afin de \u00absoutenir la ferme France\u00bb. Une attitude \u00e9galement&hellip; <\/p>\n","protected":false},"author":1,"featured_media":22335,"comment_status":"open","ping_status":"open","sticky":false,"template":"","format":"standard","meta":{"footnotes":""},"categories":[1],"tags":[],"class_list":["post-22334","post","type-post","status-publish","format-standard","has-post-thumbnail","hentry","category-non-classe"],"_links":{"self":[{"href":"https:\/\/monde25.info\/index.php\/wp-json\/wp\/v2\/posts\/22334","targetHints":{"allow":["GET"]}}],"collection":[{"href":"https:\/\/monde25.info\/index.php\/wp-json\/wp\/v2\/posts"}],"about":[{"href":"https:\/\/monde25.info\/index.php\/wp-json\/wp\/v2\/types\/post"}],"author":[{"embeddable":true,"href":"https:\/\/monde25.info\/index.php\/wp-json\/wp\/v2\/users\/1"}],"replies":[{"embeddable":true,"href":"https:\/\/monde25.info\/index.php\/wp-json\/wp\/v2\/comments?post=22334"}],"version-history":[{"count":0,"href":"https:\/\/monde25.info\/index.php\/wp-json\/wp\/v2\/posts\/22334\/revisions"}],"wp:featuredmedia":[{"embeddable":true,"href":"https:\/\/monde25.info\/index.php\/wp-json\/wp\/v2\/media\/22335"}],"wp:attachment":[{"href":"https:\/\/monde25.info\/index.php\/wp-json\/wp\/v2\/media?parent=22334"}],"wp:term":[{"taxonomy":"category","embeddable":true,"href":"https:\/\/monde25.info\/index.php\/wp-json\/wp\/v2\/categories?post=22334"},{"taxonomy":"post_tag","embeddable":true,"href":"https:\/\/monde25.info\/index.php\/wp-json\/wp\/v2\/tags?post=22334"}],"curies":[{"name":"wp","href":"https:\/\/api.w.org\/{rel}","templated":true}]}}