{"id":22339,"date":"2026-01-13T00:40:47","date_gmt":"2026-01-12T23:40:47","guid":{"rendered":"https:\/\/monde25.info\/index.php\/2026\/01\/13\/le-combat-continue-francesoir\/"},"modified":"2026-01-13T00:40:47","modified_gmt":"2026-01-12T23:40:47","slug":"le-combat-continue-francesoir","status":"publish","type":"post","link":"https:\/\/monde25.info\/index.php\/2026\/01\/13\/le-combat-continue-francesoir\/","title":{"rendered":"Le combat continue ! | FranceSoir"},"content":{"rendered":"<p> <br \/>\n<\/p>\n<div>\n<p>Vendredi soir, la police a proc\u00e9d\u00e9 \u00e0 la lib\u00e9ration des deux porte-parole de la Conf\u00e9d\u00e9ration paysanne, arr\u00eat\u00e9s plus t\u00f4t dans la journ\u00e9e \u00e0 Paris lors des manifestations des agriculteurs venus exprimer leurs revendications. Cette lib\u00e9ration n&rsquo;annonce pas la fin du mouvement ; elle semble n&rsquo;\u00eatre qu&rsquo;une soupape de s\u00e9curit\u00e9, un artifice des autorit\u00e9s pour d\u00e9samorcer la tension. Sans cela, les agriculteurs n&rsquo;auraient pas accept\u00e9 de rentrer chez eux, et la situation aurait pu d\u00e9g\u00e9n\u00e9rer. Gr\u00e2ce \u00e0 des promesses officieuses aux leaders syndicaux et \u00e0 cette lib\u00e9ration, le gouvernement s&rsquo;en tire \u00e0 bon compte&#8230; pour l&rsquo;instant.<\/p>\n<p>Cet exp\u00e9dient pourrait illustrer l&rsquo;adage \u00ab\u00a0<em>reculer pour mieux sauter<\/em>\u00a0\u00bb. Esp\u00e9rons que ce soit le gouvernement qui saute \u2013 et avec lui, un syst\u00e8me d\u00e9faillant.<\/p>\n<p>En effet, <a target=\"_blank\" href=\"https:\/\/www.francesoir.fr\/societe-economie\/colere-paysanne-un-soutien-qui-s-elargit-bien-au-dela-des-champs\">les agriculteurs ont lanc\u00e9 un mouvement baptis\u00e9 \u00ab\u00a0<em>Bloquons tout !<\/em>\u00a0\u00bb<\/a>, qui d\u00e9passe largement leurs revendications professionnelles. Au-del\u00e0 de rompre l&rsquo;isolement et d&rsquo;\u00e9largir le soutien \u00e0 leur lutte, cet appel invite tous les citoyens \u00e0 rejoindre la mobilisation. Il r\u00e9sonne comme un cri de r\u00e9volte nationale, <strong>transformant les luttes sectorielles en une contestation unifi\u00e9e<\/strong>. Une revendication commune \u00e9merge : le d\u00e9part de l&rsquo;ensemble de la classe dirigeante fran\u00e7aise.<\/p>\n<p>Cela inclut non seulement les \u00e9lus officiels, mais aussi les hauts fonctionnaires qui appliquent les politiques sur le terrain, et les \u00e9lites \u00e9conomiques qui influencent les d\u00e9cisions en coulisses. Ajoutons les technocrates non \u00e9lus de Bruxelles et Strasbourg, dont les directives, impos\u00e9es par le Trait\u00e9 de Lisbonne (ratifi\u00e9 par le Parlement en 2008 malgr\u00e9 le rejet populaire du Trait\u00e9 constitutionnel europ\u00e9en par r\u00e9f\u00e9rendum en 2005), lient les mains de nos repr\u00e9sentants nationaux.<\/p>\n<p>De l&rsquo;extr\u00eame gauche \u00e0 l&rsquo;extr\u00eame droite, y compris les oppositions \u00ab\u00a0<em>r\u00e9publicaines<\/em>\u00a0\u00bb, les politiciens affirment souvent vouloir s&rsquo;opposer \u00e0 la Commission europ\u00e9enne \u2013 mais c&rsquo;est souvent pour s\u00e9duire l&rsquo;\u00e9lectorat et confiner la contestation dans le cadre de la d\u00e9mocratie repr\u00e9sentative, qui prot\u00e8ge les int\u00e9r\u00eats des \u00e9lites au d\u00e9triment du peuple. Cette strat\u00e9gie \u00e9vite une r\u00e9volution radicale vers une d\u00e9mocratie directe, qui mettrait fin \u00e0 leur emprise.<\/p>\n<p>Pacifiste convaincu, je salue Pierre-Guillaume Mercadal, \u00e9leveur de porcs dans le Tarn-et-Garonne et porte-parole improvis\u00e9 de cette contestation. Ce \u00ab\u00a0<em>gentil g\u00e9ant<\/em>\u00a0\u00bb au b\u00e9ret noir <strong>appelle \u00e0 une r\u00e9volution pacifique<\/strong>, <strong>rejetant en bloc la classe politique<\/strong> et la bureaucratie europ\u00e9enne comme nationale. Il sait que la politique d&rsquo;Emmanuel Macron est influenc\u00e9e par ceux qui l&rsquo;ont port\u00e9 au pouvoir : des ultra-riches dont les fortunes ont explos\u00e9 depuis 2017 (par exemple, Bernard Arnault a vu sa richesse passer de 41 \u00e0 233 milliards de dollars entre 2017 et 2024, selon Forbes).<\/p>\n<p>Esp\u00e9rons que les autorit\u00e9s n&rsquo;asphyxient pas davantage les contestataires, les poussant \u00e0 des actions d\u00e9sesp\u00e9r\u00e9es qui m\u00e8neraient \u00e0 un conflit interne. Outre le soutien \u00e0 l&rsquo;Ukraine qui risque d&rsquo;entra\u00eener la France dans un conflit plus large, une guerre civile serait le pire sc\u00e9nario pour les 68 millions de Fran\u00e7ais \u2013 cette nation mill\u00e9naire que Macron semble m\u00e9priser, attaquant sa culture, son histoire et ses valeurs.<\/p>\n<p>Emmanuel Macron et son entourage incarnent un \u00e9litisme d\u00e9connect\u00e9, traitant les citoyens ordinaires comme des \u00ab\u00a0<em>gens qui ne sont rien<\/em>\u00a0\u00bb (comme il l&rsquo;a dit en 2017). Cette <strong>vision eug\u00e9nique et despotique<\/strong> voit le peuple comme un troupeau \u00e0 \u00ab\u00a0<em>exploiter voire sacrifier<\/em>\u00a0\u00bb (<a target=\"_blank\" href=\"https:\/\/www.francesoir.fr\/opinions-editos\/le-courage-de-la-paix-elude-quand-nos-dirigeants-preparent-la-guerre-au-nom-de-l\">Rappelez-vous la phrase r\u00e9cente du G\u00e9n\u00e9ral Mandon<\/a>, CEMA (Chef d\u2019\u00e9tat-major des arm\u00e9es) qui gla\u00e7a le sang des fran\u00e7ais\u00a0: <strong>\u00ab\u00a0<\/strong><a target=\"_blank\" href=\"https:\/\/www.youtube.com\/watch?v=4eA4js-Tcw4\"><em><strong>Il faut accepter de perdre nos enfants<\/strong><\/em><\/a><strong>.<\/strong>\u00a0\u00bb). Cette <a target=\"_blank\" href=\"https:\/\/www.francesoir.fr\/opinions-editos\/le-retable-de-l-agneau-mystique-une-allegorie-de-la-domination\">m\u00e9taphore inspir\u00e9e de symboles historiques comme \u00ab\u00a0L&rsquo;Agneau mystique\u00a0\u00bb de Van Eyck (1432)<\/a>, repr\u00e9sentant la soumission forc\u00e9e.<\/p>\n<p>J&rsquo;y reviendrai dans un prochain \u00e9dito. D&rsquo;ici l\u00e0, merci pour vos \u00e9claircissements, avis, commentaires et dons \u00a0\u2013 ils sont essentiels.<\/p>\n<p>\u00a0<\/p>\n<p>Annexe : Une analyse radicale port\u00e9e par certains observateurs<\/p>\n<p><strong>Je tiens \u00e0 pr\u00e9ciser que les lignes qui suivent ne refl\u00e8tent pas ma position officielle en tant que directeur de la r\u00e9daction de France-Soir. Je n\u2019irai pas pas jusqu&rsquo;\u00e0 endosser une telle interpr\u00e9tation, qui peut pr\u00eater \u00e0 controverse et risquer des accusations de propagation de st\u00e9r\u00e9otypes.<\/strong>\u00a0<\/p>\n<p>Cependant, dans un souci de transparence et pour illustrer l&rsquo;\u00e9tendue des critiques formul\u00e9es contre le pouvoir en place, il me paraissait important de rapporter une analyse que certains, de plus en plus nombreux, n&rsquo;h\u00e9sitent pas \u00e0 avancer, en la reformulant de mani\u00e8re synth\u00e9tique. Elle vise \u00e0 d\u00e9noncer un \u00e9litisme per\u00e7u comme extr\u00eame, en s&rsquo;appuyant sur des m\u00e9taphores historiques et symboliques, sans que nous ne la validions chez <em>France-Soir<\/em>.<\/p>\n<p>Certains critiques radicaux estiment qu&rsquo;Emmanuel Macron et son entourage adopteraient une vision \u00ab\u00a0la\u00efque\u00a0\u00bb inspir\u00e9e de doctrines anciennes, o\u00f9 les \u00e9lites \u2013 qualifi\u00e9es d&rsquo;\u00a0\u00ab\u00a0<em>initi\u00e9s<\/em> \u00bb \u2013 consid\u00e9reraient les citoyens ordinaires comme des \u00ab\u00a0<em>profanes<\/em>\u00a0\u00bb inf\u00e9rieurs, comparables \u00e0 un cheptel \u00e0 exploiter. Dans cette optique, les \u00ab\u00a0<em>profanes<\/em>\u00a0\u00bb \u2013 ces \u00ab\u00a0<em>gueux<\/em>\u00a0\u00bb ou \u00ab\u00a0<em>sans-dents<\/em>\u00a0\u00bb \u00e9voqu\u00e9s par Fran\u00e7ois Hollande, ou \u00ab\u00a0<em>gens qui ne sont rien<\/em>\u00a0\u00bb selon les mots attribu\u00e9s \u00e0 Emmanuel Macron \u2013 <strong>ne seraient pas trait\u00e9s comme des \u00eatres humains \u00e0 part enti\u00e8re<\/strong>, mais comme des ressources \u00e0 g\u00e9rer, tondre et finalement \u00ab\u00a0<em>sacrifier<\/em>\u00a0\u00bb\u00a0<\/p>\n<p>L\u2019interpr\u00e9tation sur les deux classes de citoyens s&rsquo;appuie sur des symboles comme \u00ab\u00a0<em>L&rsquo;Agneau mystique<\/em>\u00a0\u00bb, le c\u00e9l\u00e8bre retable des fr\u00e8res Van Eyck datant de 1432 (expos\u00e9 \u00e0 la cath\u00e9drale Saint-Bavon de Gand, en Belgique), qui repr\u00e9senterait une soumission forc\u00e9e du peuple aux institutions contr\u00f4l\u00e9es par une \u00e9lite collusoire.<\/p>\n<p>Pour ces observateurs, cette dynamique criminelle se r\u00e9p\u00e8te inlassablement : le \u00ab\u00a0<em>troupeau finit toujours \u00e0 l&rsquo;abattoir<\/em>\u00a0\u00bb, et Macron incarnerait une figure antagoniste dans ce syst\u00e8me, agissant comme un \u00ab\u00a0<em>ant\u00e9christ putatif<\/em>\u00a0\u00bb d&rsquo;une id\u00e9ologie despotique et eug\u00e9nique.<\/p>\n<p>Ces analyses, partag\u00e9es dans certains cercles contestataires, doivent \u00eatre prises avec la plus grande prudence et \u00e9tay\u00e9es par des faits v\u00e9rifiables, sous peine de verser dans la sp\u00e9culation ou le complotisme. Elles illustrent toutefois la profondeur du ressentiment populaire face \u00e0 un pouvoir per\u00e7u comme d\u00e9connect\u00e9.<\/p>\n<\/div>\n<p><script>(function(d, s, id) {  var js, fjs = d.getElementsByTagName(s)[0];  if (d.getElementById(id)) return;  js = d.createElement(s); js.id = id;  js.src = \"\/\/connect.facebook.net\/fr_FR\/sdk.js#xfbml=1&version=v2.3\";  fjs.parentNode.insertBefore(js, fjs);}(document, \"script\", \"facebook-jssdk\"));<\/script><br \/>\n<br \/><br \/>\n<br \/><a href=\"https:\/\/www.francesoir.fr\/opinions-editos\/le-combat-continue\" target=\"_blank\"\">Source link <\/a><\/p>\n","protected":false},"excerpt":{"rendered":"<p>Vendredi soir, la police a proc\u00e9d\u00e9 \u00e0 la lib\u00e9ration des deux porte-parole de la Conf\u00e9d\u00e9ration paysanne, arr\u00eat\u00e9s plus t\u00f4t dans la journ\u00e9e \u00e0 Paris lors des manifestations des agriculteurs venus&hellip; <\/p>\n","protected":false},"author":1,"featured_media":22340,"comment_status":"open","ping_status":"open","sticky":false,"template":"","format":"standard","meta":{"footnotes":""},"categories":[1],"tags":[],"class_list":["post-22339","post","type-post","status-publish","format-standard","has-post-thumbnail","hentry","category-non-classe"],"_links":{"self":[{"href":"https:\/\/monde25.info\/index.php\/wp-json\/wp\/v2\/posts\/22339","targetHints":{"allow":["GET"]}}],"collection":[{"href":"https:\/\/monde25.info\/index.php\/wp-json\/wp\/v2\/posts"}],"about":[{"href":"https:\/\/monde25.info\/index.php\/wp-json\/wp\/v2\/types\/post"}],"author":[{"embeddable":true,"href":"https:\/\/monde25.info\/index.php\/wp-json\/wp\/v2\/users\/1"}],"replies":[{"embeddable":true,"href":"https:\/\/monde25.info\/index.php\/wp-json\/wp\/v2\/comments?post=22339"}],"version-history":[{"count":0,"href":"https:\/\/monde25.info\/index.php\/wp-json\/wp\/v2\/posts\/22339\/revisions"}],"wp:featuredmedia":[{"embeddable":true,"href":"https:\/\/monde25.info\/index.php\/wp-json\/wp\/v2\/media\/22340"}],"wp:attachment":[{"href":"https:\/\/monde25.info\/index.php\/wp-json\/wp\/v2\/media?parent=22339"}],"wp:term":[{"taxonomy":"category","embeddable":true,"href":"https:\/\/monde25.info\/index.php\/wp-json\/wp\/v2\/categories?post=22339"},{"taxonomy":"post_tag","embeddable":true,"href":"https:\/\/monde25.info\/index.php\/wp-json\/wp\/v2\/tags?post=22339"}],"curies":[{"name":"wp","href":"https:\/\/api.w.org\/{rel}","templated":true}]}}