{"id":22341,"date":"2026-01-13T01:13:43","date_gmt":"2026-01-13T00:13:43","guid":{"rendered":"https:\/\/monde25.info\/index.php\/2026\/01\/13\/alain-orsoni-figure-du-nationalisme-corse-assassine-aux-obseques-de-sa-mere-rt-en-francais\/"},"modified":"2026-01-13T01:13:43","modified_gmt":"2026-01-13T00:13:43","slug":"alain-orsoni-figure-du-nationalisme-corse-assassine-aux-obseques-de-sa-mere-rt-en-francais","status":"publish","type":"post","link":"https:\/\/monde25.info\/index.php\/2026\/01\/13\/alain-orsoni-figure-du-nationalisme-corse-assassine-aux-obseques-de-sa-mere-rt-en-francais\/","title":{"rendered":"Alain Orsoni, figure du nationalisme corse, assassin\u00e9 aux obs\u00e8ques de sa m\u00e8re \u2014 RT en fran\u00e7ais"},"content":{"rendered":"<p> <br \/>\n<br \/><img decoding=\"async\" src=\"https:\/\/mf.b37mrtl.ru\/french\/images\/2026.01\/thumbnail\/69653cee6f7ccc3a896d217d.jpg\" \/><\/p>\n<div>\n<p class=\"text__summary\">\n                                        L\u2019ancien dirigeant nationaliste corse Alain Orsoni, a \u00e9t\u00e9 abattu ce 12 janvier, d\u2019un tir \u00e0 distance, lors des obs\u00e8ques de sa m\u00e8re \u00e0 Vero. Il avait \u00e9chapp\u00e9 \u00e0 une tentative d&rsquo;assassinat en 2008, \u00e0 son retour sur l\u2019\u00eele de Beaut\u00e9 apr\u00e8s une longue cavale en Am\u00e9rique Latine et en Espagne. Une enqu\u00eate pour assassinat en bande organis\u00e9e a \u00e9t\u00e9 ouverte.\n                                    <\/p>\n<p>L\u2019ancien pr\u00e9sident de l\u2019AC Ajaccio et figure \u00e9minente du nationalisme corse, Alain Orsoni, a \u00e9t\u00e9 assassin\u00e9 ce 12 janvier \u00e0 Vero, village de Corse-du-Sud de 600 \u00e2mes, durant les obs\u00e8ques de sa m\u00e8re, a r\u00e9v\u00e9l\u00e9 l\u2019AFP citant une source proche de l\u2019enqu\u00eate. Selon cette m\u00eame source, les faits se sont d\u00e9roul\u00e9s aux alentours de 16h30. Une enqu\u00eate pour assassinat en bande organis\u00e9e a \u00e9t\u00e9 ouverte par le procureur d\u2019Ajaccio, Nicolas Septe, et confi\u00e9e \u00e0 la police et la gendarmerie.<\/p>\n<p>Une autre source de l\u2019AFP, \u00e9voquant \u00ab\u00a0la piste d\u2019un sniper\u00a0\u00bb, a pr\u00e9cis\u00e9 que la victime \u00e9tait d\u00e9c\u00e9d\u00e9e sur place. Une piste soutenue par \u00ab\u00a0plusieurs sources\u00a0\u00bb aupr\u00e8s du <em>Nouvel Obs<\/em> qui avance le probable emploi d\u2019un <a target=\"_blank\" href=\"https:\/\/www.nouvelobs.com\/justice\/20260112.OBS111441\/corse-l-ancien-chef-nationaliste-alain-orsoni-abattu-aux-obseques-de-sa-mere.html\">fusil \u00e0 lunette<\/a>. Selon France 3 Corse ViaStella, qui \u00e9voque des faits s&rsquo;\u00e9tant plut\u00f4t d\u00e9roul\u00e9s \u00e0 16h00, Alain Orsoni aurait \u00ab\u00a0\u00e9t\u00e9 touch\u00e9 par une unique balle au thorax\u00a0\u00bb. <em>Le Parisien<\/em>\u00a0parle quant \u00e0 lui de \u00ab\u00a0<a target=\"_blank\" href=\"https:\/\/www.leparisien.fr\/faits-divers\/lex-dirigeant-nationaliste-alain-orsoni-abattu-aux-obseques-de-sa-mere-en-corse-12-01-2026-GXIHFCUC3BHT7H4ZICKQGN5LNE.php\">trois impacts de balles<\/a>\u00a0\u00bb constat\u00e9s et un d\u00e9c\u00e8s d\u00e9clar\u00e9 \u00ab\u00a0vers 17 heures\u00a0\u00bb.<\/p>\n<p>\u00ab\u00a0C\u2019est un moment de peine et de chagrin, d&rsquo;un coup, on entend un coup de feu, et Alain tombe mort\u00a0\u00bb, a confi\u00e9 au m\u00e9dia public l\u2019Abb\u00e9 Roger Polge qui c\u00e9l\u00e9brait la c\u00e9r\u00e9monie d\u2019obs\u00e8ques. \u00ab\u00a0Qu&rsquo;est-ce qui se passe chez nous ? La Corse me para\u00eet pire que la Sicile, c&rsquo;est inimaginable\u00a0\u00bb, a ajout\u00e9 l\u2019homme d\u2019\u00c9glise.<\/p>\n<p>Alain Orsoni \u00e9tait \u00e2g\u00e9 de 71 ans et avait \u00e9t\u00e9 la cible d\u2019un projet d\u2019assassinat, d\u00e9jou\u00e9 \u00e0 l\u2019\u00e9t\u00e9 2008, alors qu\u2019il revenait d\u2019une cavale de 13 ans en Am\u00e9rique latine et en Espagne. Cette m\u00eame ann\u00e9e, il prit la t\u00eate de l\u2019AC Ajaccio apr\u00e8s le suicide de son pr\u00e9sident Michel Moretti. Une fonction qu\u2019il occupera jusqu\u2019en 2015, ainsi qu\u2019entre 2022 et 2023.<\/p>\n<p>Membre du FLNC, Alain Orsoni est notamment connu pour le mitraillage devant l&rsquo;ambassade d&rsquo;Iran \u00e0 Paris en mai 1980 au cours duquel un gendarme avait <a target=\"_blank\" href=\"https:\/\/www.liberation.fr\/societe\/1998\/12\/16\/orsoni-le-proces-d-un-mauvais-payeur-le-militant-corse-juge-pour-ne-pas-avoir-verse-d-indemnites-a-d_253512\/\">bless\u00e9 quatre gendarmes<\/a>. Arr\u00eat\u00e9 et incarc\u00e9r\u00e9, il fut amnisti\u00e9 apr\u00e8s l\u2019\u00e9lection de Fran\u00e7ois Mitterrand \u00e0 la pr\u00e9sidence de la R\u00e9publique. Orsoni fut \u00e9galement le dirigeant du Mouvement pour l&rsquo;autod\u00e9termination (MPA) dans les ann\u00e9es 90. En 1986, il fut \u00e9lu \u00e0 l&rsquo;assembl\u00e9e territoriale de Corse sous l\u2019\u00e9tiquette du Mouvement corse pour l&rsquo;autod\u00e9termination (MCA).<\/p>\n<p>Son fr\u00e8re, Guy Orsoni, qui fut \u00e9galement membre du Front de lib\u00e9ration nationale corse (FLNC), fut assassin\u00e9 en 1983 \u00e0 Sart\u00e8ne, dans le sud de l\u2019\u00eele de Beaut\u00e9. Durant ses obs\u00e8ques, des accusations avaient \u00e9t\u00e9 port\u00e9es \u00e0 l\u2019encontre de l\u2019\u00c9tat fran\u00e7ais et de ses \u00ab\u00a0barbouzes\u00a0\u00bb. L\u2019ann\u00e9e suivante, deux individus suspect\u00e9s d\u2019\u00eatre derri\u00e8re sa disparition, Jean-Marc Leccia et Salvatore Contini, \u00e9taient \u00e0 leur tour tu\u00e9s au sein m\u00eame de la maison d\u2019arr\u00eat d\u2019Ajaccio par un commando du FLNC. Un fr\u00e8re, dont Alain Orsoni a donn\u00e9 le pr\u00e9nom \u00e0 son fils. Ce dernier a \u00e9t\u00e9 condamn\u00e9 en mai 2025, par le tribunal correctionnel de Marseille, \u00e0 13 ans de prison pour une <a target=\"_blank\" href=\"https:\/\/www.20minutes.fr\/justice\/4153808-20250516-corse-treize-ans-prison-guy-orsoni-figure-banditisme-voulait-venger\">tentative d\u2019assassinat<\/a> en 2018.<\/p>\n<\/div>\n<p><br \/>\n<br \/><a href=\"https:\/\/francais.rt.com\/france\/129334-france-alain-orsoni-figure-nationalisme\" target=\"_blank\"\">Source link <\/a><\/p>\n","protected":false},"excerpt":{"rendered":"<p>L\u2019ancien dirigeant nationaliste corse Alain Orsoni, a \u00e9t\u00e9 abattu ce 12 janvier, d\u2019un tir \u00e0 distance, lors des obs\u00e8ques de sa m\u00e8re \u00e0 Vero. Il avait \u00e9chapp\u00e9 \u00e0 une tentative&hellip; <\/p>\n","protected":false},"author":1,"featured_media":22342,"comment_status":"open","ping_status":"open","sticky":false,"template":"","format":"standard","meta":{"footnotes":""},"categories":[1],"tags":[],"class_list":["post-22341","post","type-post","status-publish","format-standard","has-post-thumbnail","hentry","category-non-classe"],"_links":{"self":[{"href":"https:\/\/monde25.info\/index.php\/wp-json\/wp\/v2\/posts\/22341","targetHints":{"allow":["GET"]}}],"collection":[{"href":"https:\/\/monde25.info\/index.php\/wp-json\/wp\/v2\/posts"}],"about":[{"href":"https:\/\/monde25.info\/index.php\/wp-json\/wp\/v2\/types\/post"}],"author":[{"embeddable":true,"href":"https:\/\/monde25.info\/index.php\/wp-json\/wp\/v2\/users\/1"}],"replies":[{"embeddable":true,"href":"https:\/\/monde25.info\/index.php\/wp-json\/wp\/v2\/comments?post=22341"}],"version-history":[{"count":0,"href":"https:\/\/monde25.info\/index.php\/wp-json\/wp\/v2\/posts\/22341\/revisions"}],"wp:featuredmedia":[{"embeddable":true,"href":"https:\/\/monde25.info\/index.php\/wp-json\/wp\/v2\/media\/22342"}],"wp:attachment":[{"href":"https:\/\/monde25.info\/index.php\/wp-json\/wp\/v2\/media?parent=22341"}],"wp:term":[{"taxonomy":"category","embeddable":true,"href":"https:\/\/monde25.info\/index.php\/wp-json\/wp\/v2\/categories?post=22341"},{"taxonomy":"post_tag","embeddable":true,"href":"https:\/\/monde25.info\/index.php\/wp-json\/wp\/v2\/tags?post=22341"}],"curies":[{"name":"wp","href":"https:\/\/api.w.org\/{rel}","templated":true}]}}