{"id":22343,"date":"2026-01-13T03:58:47","date_gmt":"2026-01-13T02:58:47","guid":{"rendered":"https:\/\/monde25.info\/index.php\/2026\/01\/13\/symbole-du-libre-echange-le-port-de-bayonne-bloque-par-des-agriculteurs\/"},"modified":"2026-01-13T03:58:47","modified_gmt":"2026-01-13T02:58:47","slug":"symbole-du-libre-echange-le-port-de-bayonne-bloque-par-des-agriculteurs","status":"publish","type":"post","link":"https:\/\/monde25.info\/index.php\/2026\/01\/13\/symbole-du-libre-echange-le-port-de-bayonne-bloque-par-des-agriculteurs\/","title":{"rendered":"Symbole du libre-\u00e9change, le port de Bayonne bloqu\u00e9 par des agriculteurs"},"content":{"rendered":"<p> <br \/>\n<br \/><img loading=\"lazy\" decoding=\"async\" src=\"https:\/\/reporterre.net\/local\/cache-vignettes\/L700xH467\/afp__20260112__92du2cq__v1__highres__franceagriculturepoliticsprotest_1_-4025d.jpg?1768232002\" class=\"spip_logo\" width=\"700\" height=\"467\" alt=\"\" \/><\/p>\n<p>Une intersyndicale paysanne a bloqu\u00e9 le port de Bayonne, le 12\u00a0janvier, barrant la route \u00e0 l&rsquo;entreprise Ma\u00efsica, qui exporte et importe des grains. Les agriculteurs d\u00e9noncent le trait\u00e9 de libre-\u00e9change avec le Mercosur et la gestion de la dermatose bovine. <br class=\"autobr\" \/><br \/>\nBayonne (Pyr\u00e9n\u00e9es-Atlantiques), reportage <br class=\"autobr\" \/><br \/>\nLa col\u00e8re agricole ne retombe pas malgr\u00e9 la pression accrue de l&rsquo;\u00c9tat. Apr\u00e8s trois jours de blocage de l&rsquo;autoroute A63 par un groupe d&rsquo;agriculteurs baptis\u00e9 les Ultras de l&rsquo;A63,\u00a0qui a fortement\u00a0(\u2026)<\/p>\n<p>                    <a target=\"_blank\" href=\"https:\/\/reporterre.net\/Symbole-du-libre-echange-le-port-de-Bayonne-bloque-par-des-agriculteurs?utm_source=RSS&amp;utm_medium=RSS\">Lire la suite<\/a><\/p>\n<p>                    &#8211;<br \/>\n                        <a target=\"_blank\" href=\"https:\/\/reporterre.net\/Reportage\" rel=\"directory\">Reportage<\/a><\/p>\n<p>                    \/<br \/>\n                        <a target=\"_blank\" href=\"https:\/\/reporterre.net\/Agriculture\" rel=\"tag\">Agriculture<\/a><br \/>\n<br \/><br \/>\n<br \/><a href=\"https:\/\/reporterre.net\/Symbole-du-libre-echange-le-port-de-Bayonne-bloque-par-des-agriculteurs\" target=\"_blank\"\">Source link <\/a><\/p>\n","protected":false},"excerpt":{"rendered":"<p>Une intersyndicale paysanne a bloqu\u00e9 le port de Bayonne, le 12\u00a0janvier, barrant la route \u00e0 l&rsquo;entreprise Ma\u00efsica, qui exporte et importe des grains. Les agriculteurs d\u00e9noncent le trait\u00e9 de libre-\u00e9change&hellip; <\/p>\n","protected":false},"author":1,"featured_media":0,"comment_status":"open","ping_status":"open","sticky":false,"template":"","format":"standard","meta":{"footnotes":""},"categories":[1],"tags":[],"class_list":["post-22343","post","type-post","status-publish","format-standard","hentry","category-non-classe"],"_links":{"self":[{"href":"https:\/\/monde25.info\/index.php\/wp-json\/wp\/v2\/posts\/22343","targetHints":{"allow":["GET"]}}],"collection":[{"href":"https:\/\/monde25.info\/index.php\/wp-json\/wp\/v2\/posts"}],"about":[{"href":"https:\/\/monde25.info\/index.php\/wp-json\/wp\/v2\/types\/post"}],"author":[{"embeddable":true,"href":"https:\/\/monde25.info\/index.php\/wp-json\/wp\/v2\/users\/1"}],"replies":[{"embeddable":true,"href":"https:\/\/monde25.info\/index.php\/wp-json\/wp\/v2\/comments?post=22343"}],"version-history":[{"count":0,"href":"https:\/\/monde25.info\/index.php\/wp-json\/wp\/v2\/posts\/22343\/revisions"}],"wp:attachment":[{"href":"https:\/\/monde25.info\/index.php\/wp-json\/wp\/v2\/media?parent=22343"}],"wp:term":[{"taxonomy":"category","embeddable":true,"href":"https:\/\/monde25.info\/index.php\/wp-json\/wp\/v2\/categories?post=22343"},{"taxonomy":"post_tag","embeddable":true,"href":"https:\/\/monde25.info\/index.php\/wp-json\/wp\/v2\/tags?post=22343"}],"curies":[{"name":"wp","href":"https:\/\/api.w.org\/{rel}","templated":true}]}}