{"id":22346,"date":"2026-01-13T05:37:35","date_gmt":"2026-01-13T04:37:35","guid":{"rendered":"https:\/\/monde25.info\/index.php\/2026\/01\/13\/la-colere-des-agriculteurs-continue-alors-que-bruxelles-evoque-une-possible-application-de-laccord-avec-le-mercosur-avant-sa-ratification-rt-en-francais\/"},"modified":"2026-01-13T05:37:35","modified_gmt":"2026-01-13T04:37:35","slug":"la-colere-des-agriculteurs-continue-alors-que-bruxelles-evoque-une-possible-application-de-laccord-avec-le-mercosur-avant-sa-ratification-rt-en-francais","status":"publish","type":"post","link":"https:\/\/monde25.info\/index.php\/2026\/01\/13\/la-colere-des-agriculteurs-continue-alors-que-bruxelles-evoque-une-possible-application-de-laccord-avec-le-mercosur-avant-sa-ratification-rt-en-francais\/","title":{"rendered":"la col\u00e8re des agriculteurs continue alors que Bruxelles \u00e9voque une possible application de l\u2019accord avec le Mercosur avant sa ratification \u2014 RT en fran\u00e7ais"},"content":{"rendered":"<p> <br \/>\n<br \/><img decoding=\"async\" src=\"https:\/\/mf.b37mrtl.ru\/french\/images\/2026.01\/thumbnail\/69652b846f7ccc3aeb00dbcd.jpg\" \/><\/p>\n<div>\n<p class=\"text__summary\">\n                                        Les syndicats agricoles fran\u00e7ais continuent les mouvements de protestation contre l\u2019accord avec le Mercosur (Argentine, Br\u00e9sil, Paraguay et Uruguay), alors que la Commission europ\u00e9enne a fait part de la possibilit\u00e9 de son application provisoire, sans passer par la ratification parlementaire, d\u00e8s sa signature pr\u00e9vue le 17 janvier.\n                                    <\/p>\n<p>La grogne des agriculteurs s\u2019est poursuivie ce 12 janvier sur l\u2019ensemble de la France avec pr\u00e8s d\u2019une quinzaine de mobilisations des syndicats agricoles contre l&rsquo;accord de libre-\u00e9change entre l&rsquo;Union europ\u00e9enne et les \u00c9tats du Mercosur, contre la politique agricole commune (PAC) et la strat\u00e9gie gouvernementale dans la lutte contre la dermatose nodulaire contagieuse (DNC). Les principales actions se sont d\u00e9roul\u00e9es dans le sud-ouest de la France, notamment \u00e0 Toulouse sur l&rsquo;autoroute A64, o\u00f9 une cinquantaine de ballots de paille ont \u00e9t\u00e9 incendi\u00e9s dans la nuit, au port du Havre, \u00e0 Metz et sur les axes routiers du Nord et du Pas-de-Calais, notamment le blocage de l\u2019autoroute A1, au p\u00e9age de Fresnes-L\u00e8s-Montauban (Pas-de-Calais), au sud de Lille, pour contr\u00f4ler les marchandises dans les camions. D&rsquo;autres mobilisations ont \u00e9galement eu lieu dans\u00a0plusieurs r\u00e9gions.<\/p>\n<div class=\"rtcode\">\n<blockquote class=\"twitter-tweet\" data-media-max-width=\"560\">\n<p lang=\"fr\" dir=\"ltr\">\ud83d\ude9c\ud83c\uddeb\ud83c\uddf7 Des agriculteurs fran\u00e7ais ont bloqu\u00e9 ce dimanche l&rsquo;autoroute A1 Lille-Paris pr\u00e8s de Fresnes-l\u00e8s-Montauban, alors que les manifestations contre l&rsquo;accord commercial UE-Mercosur continuent de prendre de l&rsquo;ampleur \u00e0 travers la France <a target=\"_blank\" href=\"https:\/\/t.co\/R1DWqBdiJg\">pic.twitter.com\/R1DWqBdiJg<\/a><\/p>\n<p>\u2014 Press TV Fran\u00e7ais (@fr_presstv) <a target=\"_blank\" href=\"https:\/\/twitter.com\/fr_presstv\/status\/2010751897079333057?ref_src=twsrc%5Etfw\">January 12, 2026<\/a><\/p><\/blockquote>\n<\/div>\n<h2>Port du Havre\u00a0:\u00a0\u00ab\u00a0La ligne rouge a \u00e9t\u00e9 franchie en termes d&rsquo;incoh\u00e9rence\u00a0\u00bb<\/h2>\n<p>Plus d&rsquo;une centaine d&rsquo;agriculteurs, avec une cinquantaine de tracteurs, protestent au port du Havre depuis le 10 janvier contre l&rsquo;accord avec le Mercosur, \u00e0 l\u2019appel du syndicat des Jeunes Agriculteurs (JA) de l&rsquo;Eure. Dans une d\u00e9claration au quotidien <em>Ouest France<\/em>, le pr\u00e9sident du syndicat, Romain Loiseau, a indiqu\u00e9\u00a0: \u00ab\u00a0la ligne rouge a \u00e9t\u00e9 franchie en termes d&rsquo;incoh\u00e9rence\u00a0\u00bb. Les agriculteurs ont filtr\u00e9 des camions entrant ou sortant du port pour \u00e9carter les produits alimentaires non conformes aux normes impos\u00e9es aux producteurs fran\u00e7ais.<\/p>\n<div class=\"rtcode\">\n<blockquote class=\"twitter-tweet\" data-media-max-width=\"560\">\n<p lang=\"fr\" dir=\"ltr\">ACTU<br \/>FRANCE \ud83c\uddeb\ud83c\uddf7: UE-Mercosur: action d&rsquo;agriculteurs au port du Havre.<br \/>Nouvelle journ\u00e9e de mobilisation des agriculteurs contre l&rsquo;accord commercial UE-Mercosur avec des ports vis\u00e9s: lundi matin, environ 150 agriculteurs ont d\u00e9cid\u00e9 d&rsquo;inspecter tous les camions pour \u00e9carter les\u2026 <a target=\"_blank\" href=\"https:\/\/t.co\/XfhcMfFdLz\">pic.twitter.com\/XfhcMfFdLz<\/a><\/p>\n<p>\u2014 France-AfriqueM\u00c9DIA (@FranceAfrique23) <a target=\"_blank\" href=\"https:\/\/twitter.com\/FranceAfrique23\/status\/2010656078011183532?ref_src=twsrc%5Etfw\">January 12, 2026<\/a><\/p><\/blockquote>\n<\/div>\n<h2>Application provisoire possible de l&rsquo;accord avec le Mercosur<\/h2>\n<p>Cit\u00e9 par la presse fran\u00e7aise, Olof Gill, porte-parole de la Commission europ\u00e9enne, a fait savoir ce 12 janvier que\u00a0\u00ab\u00a0le trait\u00e9 [avec le Mercosur] autorise cette possibilit\u00e9\u00a0\u00bb\u00a0(d\u2019une application provisoire de l\u2019accord avant sa ratification par le Parlement europ\u00e9en) sans apporter plus de pr\u00e9cisions sur ce point. Indiquant que le timing du vote serait d\u00e9cid\u00e9 par le Parlement europ\u00e9en, il a vant\u00e9\u00a0\u00ab\u00a0un trait\u00e9 tr\u00e8s fort et essentiel\u00a0\u00bb au niveau \u00e9conomique, politique, g\u00e9ostrat\u00e9gique et diplomatique. Il est pr\u00e9vu que la\u00a0pr\u00e9sidente de la Commission europ\u00e9enne Ursula von der Leyen signe le trait\u00e9 de libre-\u00e9change avec l\u2019Am\u00e9rique du Sud le 17 janvier prochain \u00e0 la capitale paraguayenne Asuncion. L\u2019accord est soutenu par une majorit\u00e9 d\u2019\u00c9tats europ\u00e9ens, dont l&rsquo;Irlande, la Pologne, la Hongrie et l&rsquo;Autriche. La France pour sa part a vot\u00e9 contre.<\/p>\n<div class=\"rtcode\">\n<blockquote class=\"twitter-tweet\" data-media-max-width=\"560\">\n<p lang=\"fr\" dir=\"ltr\">Mercosur: \u00ab\u00a0Notre seul focus maintenant, c&rsquo;est de signer le traiter\u00a0\u00bb, d\u00e9clare un porte-parole de la Commission europ\u00e9enne qui confirme que le trait\u00e9 pr\u00e9voit la possibilit\u00e9 d&rsquo;\u00eatre appliqu\u00e9 avant la ratification du Parlement europ\u00e9en <a target=\"_blank\" href=\"https:\/\/twitter.com\/hashtag\/BFM2?src=hash&amp;ref_src=twsrc%5Etfw\">#BFM2<\/a><a target=\"_blank\" href=\"https:\/\/t.co\/aXztBDig9a\">pic.twitter.com\/aXztBDig9a<\/a><\/p>\n<p>\u2014 BFM (@BFMTV) <a target=\"_blank\" href=\"https:\/\/twitter.com\/BFMTV\/status\/2010684657952604397?ref_src=twsrc%5Etfw\">January 12, 2026<\/a><\/p><\/blockquote>\n<\/div>\n<h2>\u00ab\u00a0Tout \u00e7a pour que les Allemands vendent leurs voitures\u00a0\u00bb<\/h2>\n<p>Ironisant sur le trait\u00e9 avec le Mercosur, un agriculteur participant \u00e0 la mobilisation au port du Havre a d\u00e9clar\u00e9\u00a0: \u00ab\u00a0Tout \u00e7a pour que les Allemands vendent leurs voitures\u00a0\u00bb. L\u2019Allemagne soutient, en effet, fortement l\u2019accord dans l\u2019espoir de relancer son industrie en ouvrant de nouveaux d\u00e9bouch\u00e9s commerciaux en Am\u00e9rique latine, notamment au Br\u00e9sil, en Argentine, au Paraguay et en Uruguay. Une d\u00e9claration de la France qui r\u00e9clame le vote des pays de l\u2019Union sur le trait\u00e9 pour garantir qu\u2019il ne soit pas appliqu\u00e9 avant sa ratification a \u00e9t\u00e9 bloqu\u00e9e \u00e0 la demande du gouvernement allemand qui voudrait\u00a0\u00ab\u00a0aller plus vite\u00a0\u00bb vers la conclusion de l\u2019accord, selon l\u2019expression du chancelier Friedrich Merz.<\/p>\n<\/div>\n<p><script async src=\"\/\/platform.twitter.com\/widgets.js\" charset=\"utf-8\"><\/script><br \/>\n<br \/><br \/>\n<br \/><a href=\"https:\/\/francais.rt.com\/france\/129333-france-colere-agriculteurs-continue-bruxelles-evoque-possible-application-accord-mercosur\" target=\"_blank\"\">Source link <\/a><\/p>\n","protected":false},"excerpt":{"rendered":"<p>Les syndicats agricoles fran\u00e7ais continuent les mouvements de protestation contre l\u2019accord avec le Mercosur (Argentine, Br\u00e9sil, Paraguay et Uruguay), alors que la Commission europ\u00e9enne a fait part de la possibilit\u00e9&hellip; <\/p>\n","protected":false},"author":1,"featured_media":22347,"comment_status":"open","ping_status":"open","sticky":false,"template":"","format":"standard","meta":{"footnotes":""},"categories":[1],"tags":[],"class_list":["post-22346","post","type-post","status-publish","format-standard","has-post-thumbnail","hentry","category-non-classe"],"_links":{"self":[{"href":"https:\/\/monde25.info\/index.php\/wp-json\/wp\/v2\/posts\/22346","targetHints":{"allow":["GET"]}}],"collection":[{"href":"https:\/\/monde25.info\/index.php\/wp-json\/wp\/v2\/posts"}],"about":[{"href":"https:\/\/monde25.info\/index.php\/wp-json\/wp\/v2\/types\/post"}],"author":[{"embeddable":true,"href":"https:\/\/monde25.info\/index.php\/wp-json\/wp\/v2\/users\/1"}],"replies":[{"embeddable":true,"href":"https:\/\/monde25.info\/index.php\/wp-json\/wp\/v2\/comments?post=22346"}],"version-history":[{"count":0,"href":"https:\/\/monde25.info\/index.php\/wp-json\/wp\/v2\/posts\/22346\/revisions"}],"wp:featuredmedia":[{"embeddable":true,"href":"https:\/\/monde25.info\/index.php\/wp-json\/wp\/v2\/media\/22347"}],"wp:attachment":[{"href":"https:\/\/monde25.info\/index.php\/wp-json\/wp\/v2\/media?parent=22346"}],"wp:term":[{"taxonomy":"category","embeddable":true,"href":"https:\/\/monde25.info\/index.php\/wp-json\/wp\/v2\/categories?post=22346"},{"taxonomy":"post_tag","embeddable":true,"href":"https:\/\/monde25.info\/index.php\/wp-json\/wp\/v2\/tags?post=22346"}],"curies":[{"name":"wp","href":"https:\/\/api.w.org\/{rel}","templated":true}]}}