{"id":22351,"date":"2026-01-13T09:28:46","date_gmt":"2026-01-13T08:28:46","guid":{"rendered":"https:\/\/monde25.info\/index.php\/2026\/01\/13\/letude-pradelle-et-lega-retractee-une-analyse-des-biais-cognitifs-a-loeuvre-dans-la-science-du-covid-19\/"},"modified":"2026-01-13T09:28:46","modified_gmt":"2026-01-13T08:28:46","slug":"letude-pradelle-et-lega-retractee-une-analyse-des-biais-cognitifs-a-loeuvre-dans-la-science-du-covid-19","status":"publish","type":"post","link":"https:\/\/monde25.info\/index.php\/2026\/01\/13\/letude-pradelle-et-lega-retractee-une-analyse-des-biais-cognitifs-a-loeuvre-dans-la-science-du-covid-19\/","title":{"rendered":"L\u2019\u00e9tude Pradelle et Lega r\u00e9tract\u00e9e : une analyse des biais cognitifs \u00e0 l\u2019\u0153uvre dans la science du COVID-19"},"content":{"rendered":"<p> <br \/>\n<\/p>\n<div>\n<blockquote>\n<p>Ou la science en temps de crise : la r\u00e9tractation de l\u2019\u00e9tude Pradelle et Lega et al. sur l\u2019hydroxychloroquine comme cas d\u2019\u00e9cole des fragilit\u00e9s du contr\u00f4le scientifique<\/p>\n<\/blockquote>\n<p>R\u00e9sum\u00e9 vid\u00e9o de l&rsquo;article<\/p>\n<p><iframe loading=\"lazy\" title=\"L\u2019\u00e9tude Pradelle-Lega r\u00e9tract\u00e9e - analyse des biais cognitifs \u00e0 l\u2019\u0153uvre dans la science du COVID-19\" width=\"1110\" height=\"624\" src=\"https:\/\/www.youtube.com\/embed\/lkugmAJZOho?feature=oembed\" frameborder=\"0\" allow=\"accelerometer; autoplay; clipboard-write; encrypted-media; gyroscope; picture-in-picture; web-share\" referrerpolicy=\"strict-origin-when-cross-origin\" allowfullscreen><\/iframe><\/p>\n<h5><strong>Contexte g\u00e9n\u00e9ral : une \u00e9tude r\u00e9tract\u00e9e et les fragilit\u00e9s du contr\u00f4le scientifique<\/strong><\/h5>\n<p>La pand\u00e9mie de COVID-19 a mis \u00e0 l\u2019\u00e9preuve les syst\u00e8mes de sant\u00e9 \u00e0 l\u2019\u00e9chelle mondiale, mais elle a \u00e9galement r\u00e9v\u00e9l\u00e9 des fragilit\u00e9s plus profondes dans les m\u00e9canismes de production, d\u2019\u00e9valuation et de validation du savoir scientifique. L\u2019urgence sanitaire, la pression m\u00e9diatique et les attentes politiques ont profond\u00e9ment modifi\u00e9 les conditions ordinaires d\u2019examen des travaux de recherche, exposant des vuln\u00e9rabilit\u00e9s structurelles souvent moins visibles en p\u00e9riode normale.<\/p>\n<p>Parmi les \u00e9pisodes les plus d\u00e9battus figure l\u2019\u00e9tude de Pradelle et Lega et al., publi\u00e9e en 2024 dans la revue Biomedicine &amp; Pharmacotherapy. Intitul\u00e9e \u201cDeaths induced by compassionate use of hydroxychloroquine during the first COVID-19 wave: an estimate\u201d, elle avan\u00e7ait que l\u2019utilisation compassionnelle de l\u2019hydroxychloroquine (HCQ) lors de la premi\u00e8re vague de COVID-19 aurait \u00e9t\u00e9 associ\u00e9e \u00e0 environ 17 000 d\u00e9c\u00e8s.<\/p>\n<p><img decoding=\"async\" data-entity-uuid=\"e482a7aa-8d33-4cf9-98e3-ae0a59c9056e\" data-entity-type=\"file\" alt=\"P02\" width=\"692\" height=\"386\" class=\"align-center lazyload\" loading=\"lazy\" src=\"https:\/\/www.francesoir.fr\/sites\/default\/files\/inline-images\/image_916.png\"\/><\/p>\n<p>Peu apr\u00e8s sa publication, l\u2019article a fait l\u2019objet d\u2019une note de l\u2019\u00e9diteur (f\u00e9vrier 2024) mettant en question sa fiabilit\u00e9 <strong>puis a \u00e9t\u00e9 r\u00e9tract\u00e9 (aout 2024) pour des raisons m\u00e9thodologiques majeures, remettant en cause la solidit\u00e9 de ses conclusions<\/strong>. Cet \u00e9pisode s\u2019inscrit dans un contexte plus large de r\u00e9flexion sur les d\u00e9faillances du \u00ab gardiennage scientifique \u00bb, telles qu\u2019analys\u00e9es par le philosophe des sciences Rico Hauswald dans un article publi\u00e9 le 6 janvier 2026 dans la revue Synthese. Les enjeux de cette analyse ont \u00e9t\u00e9 pr\u00e9sent\u00e9s et discut\u00e9s dans un pr\u00e9c\u00e9dent l\u2019article\u00a0: \u00ab\u00a0<a target=\"_blank\" href=\"https:\/\/www.francesoir.fr\/societe-sante-science-tech\/les-echecs-des-mecanismes-de-controlescientifique-quand-les-biais\"><em>les \u00e9checs \u00a0des m\u00e9canismes de contr\u00f4le scientifique<\/em><\/a>\u00a0\u00bb.<\/p>\n<p><img decoding=\"async\" data-entity-uuid=\"ed9ff13a-8205-4e5e-aeda-3bf53e1c1978\" data-entity-type=\"file\" alt=\"P03\" width=\"700\" height=\"390\" class=\"align-center lazyload\" loading=\"lazy\" src=\"https:\/\/www.francesoir.fr\/sites\/default\/files\/inline-images\/image_917.png\"\/><\/p>\n<p>Hauswald y d\u00e9crit comment certains biais cognitifs, combin\u00e9s \u00e0 des m\u00e9canismes \u00e9ditoriaux insuffisamment robustes en p\u00e9riode de crise, peuvent conduire \u00e0 la diffusion de r\u00e9sultats fragiles, ensuite amplifi\u00e9s dans l\u2019espace m\u00e9diatique et public.<\/p>\n<p>Dans cet article, nous nous appuyons \u00e9galement sur l\u2019analyse d\u00e9taill\u00e9e d\u00e9velopp\u00e9e par un utilisateur de la plateforme X, connu sous le pseudonyme @Omega_Arta. Sans revendiquer de statut acad\u00e9mique, celui-ci a men\u00e9 un travail critique approfondi reposant sur l\u2019examen des sources, des hypoth\u00e8ses et des m\u00e9thodes employ\u00e9es dans l\u2019\u00e9tude de Pradelle et Lega et al. <a target=\"_blank\" href=\"https:\/\/x.com\/Omega_Arta\/status\/2008283989082058938?s=20\">Ses tweets, publi\u00e9s d\u00e9but janvier 2026<\/a>, mettent en \u00e9vidence un ensemble de faiblesses structurelles qui expliquent non seulement la r\u00e9tractation de l\u2019article, mais interrogent \u00e9galement la possibilit\u00e9 m\u00eame d\u2019une republication dite \u00ab assainie \u00bb :<\/p>\n<blockquote class=\"twitter-tweet\">\n<p lang=\"fr\" dir=\"ltr\">1\/n<br \/>Pour les deux cancres assis pr\u00e8s du chauffage au fond de la classe, voici les raisons de la r\u00e9tractation de l&rsquo;\u00e9tude Pradelle\/Lega et pourquoi il sera impossible aux auteurs de la republier sans se compromettre.<\/p>\n<p>Comme le dirait l&rsquo;autre : \u00a0\u00bb Vous allez adorer la suite\u00a0\u00bb\u00a0<br \/>\ud83e\udd21\ud83e\udd21\ud83e\udd21 <a target=\"_blank\" href=\"https:\/\/t.co\/dfKvMLf0QN\">pic.twitter.com\/dfKvMLf0QN<\/a><\/p>\n<p>\u2014 Omega_Arta (@Omega_Arta) <a target=\"_blank\" href=\"https:\/\/twitter.com\/Omega_Arta\/status\/2008283989082058938?ref_src=twsrc%5Etfw\">January 5, 2026<\/a><\/p>\n<\/blockquote>\n<h5>\u00a0<\/h5>\n<h5><strong>Une estimation controvers\u00e9e<\/strong><\/h5>\n<p>L\u2019\u00e9tude de Pradelle et Lega et al. visait \u00e0 estimer le nombre de d\u00e9c\u00e8s \u00ab <em>attribuables <\/em>\u00bb \u00e0 l\u2019hydroxychloroquine \u00e0 partir de donn\u00e9es observationnelles issues de plusieurs pays. La m\u00e9thodologie reposait sur la combinaison :<\/p>\n<ul>\n<li>de taux d\u2019utilisation de l\u2019HCQ,<\/li>\n<li>de taux de mortalit\u00e9 hospitali\u00e8re,<\/li>\n<li>de ratios de risques (odds ratios) issus d\u2019analyses secondaires.<\/li>\n<\/ul>\n<p>\u00c0 partir de ces \u00e9l\u00e9ments, les auteurs proposaient une estimation globale de surmortalit\u00e9 associ\u00e9e \u00e0 ce traitement.<\/p>\n<p><img decoding=\"async\" data-entity-uuid=\"59b44321-c527-4493-a365-92c2855bc16c\" data-entity-type=\"file\" alt=\"P04\" width=\"700\" height=\"390\" class=\"align-center lazyload\" loading=\"lazy\" src=\"https:\/\/www.francesoir.fr\/sites\/default\/files\/inline-images\/image_918.png\"\/><\/p>\n<p>Cependant, comme l\u2019a soulign\u00e9 l\u2019analyse critique de @Omega_Arta, cette approche soulevait d\u2019importants probl\u00e8mes m\u00e9thodologiques. Ces critiques ont \u00e9t\u00e9 formalis\u00e9es de mani\u00e8re ind\u00e9pendante dans <a target=\"_blank\" href=\"https:\/\/www.fortunejournals.com\/articles\/erroneous-assessment-of-the-effect-of-hospital-treatmentndash-the-misleading-creation-of-17000-deaths-and-its-consequences-for-go.html\">une analyse publi\u00e9e par Fortune Journals<\/a>, qui met <strong>en \u00e9vidence la construction artificielle du chiffre<\/strong> de \u00ab 17 000 d\u00e9c\u00e8s \u00bb par extrapolations successives de ratios statistiques sp\u00e9culatifs appliqu\u00e9s \u00e0 des populations h\u00e9t\u00e9rog\u00e8nes.<\/p>\n<p>La revue Biomedicine &amp; Pharmacotherapy a finalement proc\u00e9d\u00e9 \u00e0 la r\u00e9tractation de l\u2019article, invoquant des insuffisances majeures concernant la fiabilit\u00e9 des donn\u00e9es utilis\u00e9es, l\u2019absence de contr\u00f4le ad\u00e9quat des biais de confusion et la fragilit\u00e9 des hypoth\u00e8ses permettant de relier statistiquement l\u2019exposition \u00e0 l\u2019HCQ \u00e0 une estimation globale de mortalit\u00e9.<\/p>\n<p>Si certains observateurs ont \u00e9voqu\u00e9 la possibilit\u00e9 d\u2019une republication future sous une forme modifi\u00e9e, les probl\u00e8mes soulev\u00e9s ne rel\u00e8vent pas de simples ajustements techniques, mais touchent au c\u0153ur m\u00eame du raisonnement causal mobilis\u00e9 par l\u2019\u00e9tude.<\/p>\n<p><strong>\u00a0<\/strong><\/p>\n<h5><strong>L\u2019analyse citoyenne de @Omega_Arta : un d\u00e9montage m\u00e9thodologique structur\u00e9<\/strong><\/h5>\n<p><a target=\"_blank\" href=\"https:\/\/edition.francesoir.fr\/sites\/default\/files\/2026-01\/HCQ%20Pradelle%20%26%20Co.%20%283%29.pdf\">L\u2019analyse d\u00e9velopp\u00e9e par @Omega_Arta<\/a> repose sur un examen syst\u00e9matique des hypoth\u00e8ses implicites, des m\u00e9thodes de calcul et des inf\u00e9rences statistiques employ\u00e9es dans l\u2019\u00e9tude. Elle s\u2019inscrit dans une tradition de critique m\u00e9thodologique d\u00e9j\u00e0 observ\u00e9e lors de d\u00e9bats ant\u00e9rieurs sur certains essais randomis\u00e9s hospitaliers, notamment l\u2019\u00e9tude britannique RECOVERY, <a target=\"_blank\" href=\"https:\/\/www.francesoir.fr\/societe-sante-science-tech\/recovery-etude-britannique-un-scandale-mortel-denonce-en-2020-par-france\">dont les <strong>biais m\u00e9thodologiques avaient \u00e9t\u00e9 d\u00e9nonc\u00e9s d\u00e8s 2020<\/strong> par <em>France-Soir<\/em>.<\/a><\/p>\n<p>Cette d\u00e9marche est centr\u00e9e sur la coh\u00e9rence interne du raisonnement et sur les principes fondamentaux de l\u2019inf\u00e9rence causale. Elle met en \u00e9vidence des fragilit\u00e9s qui ne rel\u00e8vent pas d\u2019erreurs marginales, mais de d\u00e9fauts structurels affectant l\u2019architecture m\u00eame de l\u2019\u00e9tude.<\/p>\n<ul>\n<li>\n<p><strong>Les conditions d\u2019une version dite \u00ab assainie \u00bb\u00a0: <\/strong>une version m\u00e9thodologiquement acceptable de l\u2019\u00e9tude impliquerait la reconnaissance explicite du caract\u00e8re hypoth\u00e9tique et exploratoire de l\u2019analyse, en substituant aux <strong>affirmations causales des formulations prudentes<\/strong> telles que \u201cmay be associated with\u201d (\u00ab\u00a0peut \u00eatre associ\u00e9 \u00e0\u00a0\u00bb). Elle n\u00e9cessiterait \u00e9galement une <strong>clarification exhaustive<\/strong> des limites des donn\u00e9es utilis\u00e9es, un contr\u00f4le rigoureux des biais de confusion et une pr\u00e9sentation insistant sur l\u2019ampleur des incertitudes.<\/p>\n<p><img decoding=\"async\" data-entity-uuid=\"1e2bb086-3e44-4671-933c-93922a1c6696\" data-entity-type=\"file\" alt=\"P05\" width=\"704\" height=\"393\" loading=\"lazy\" class=\"lazyload\" src=\"https:\/\/www.francesoir.fr\/sites\/default\/files\/inline-images\/image_919.png\"\/><\/p>\n<p>Un tel repositionnement transformerait profond\u00e9ment la nature du manuscrit, qui ne pourrait plus pr\u00e9tendre estimer un nombre de d\u00e9c\u00e8s imputables \u00e0 l\u2019hydroxychloroquine, mais rel\u00e8verait d\u2019une r\u00e9flexion m\u00e9thodologique sur les risques li\u00e9s \u00e0 l\u2019extrapolation de donn\u00e9es observationnelles h\u00e9t\u00e9rog\u00e8nes.<\/p>\n<\/li>\n<li>\n<p><strong>L\u2019impossibilit\u00e9 logique d\u2019une republication accusatoire\u00a0: <\/strong>m\u00eame apr\u00e8s suppression de certaines donn\u00e9es controvers\u00e9es, notamment celles issues de Belgique, le probl\u00e8me central demeure inchang\u00e9 : le passage d\u2019associations statistiques \u00e0 une affirmation de causalit\u00e9 reste m\u00e9thodologiquement infond\u00e9.<\/p>\n<p>Comme le r\u00e9sume @Omega_Arta : <em>\u00ab Ce type d\u2019approche ne peut pas prouver une causalit\u00e9 r\u00e9elle ni comptabiliser des morts r\u00e9elles simplement par multiplications successives de ratios sp\u00e9culatifs. \u00bb<\/em><\/p>\n<p>\u00a0Toute tentative de maintenir une conclusion accusatoire supposerait la r\u00e9introduction d\u2019hypoth\u00e8ses causales non d\u00e9montr\u00e9es, recr\u00e9ant les conditions m\u00eames ayant conduit \u00e0 la r\u00e9tractation initiale.<\/p>\n<p><img decoding=\"async\" data-entity-uuid=\"00aaaf71-73c0-49ba-90e0-0611acd0b1ea\" data-entity-type=\"file\" width=\"702\" height=\"392\" loading=\"lazy\" class=\"lazyload\" src=\"https:\/\/www.francesoir.fr\/sites\/default\/files\/inline-images\/image_920.png\"\/><\/p>\n<\/li>\n<li>\n<p><strong>Fragilit\u00e9s structurelles persistantes\u00a0: <\/strong>au-del\u00e0 des donn\u00e9es, l\u2019analyse met en \u00e9vidence la faiblesse de la question scientifique pos\u00e9e, l\u2019absence de validation externe du mod\u00e8le employ\u00e9 et le caract\u00e8re non falsifiable de certaines hypoth\u00e8ses. L\u2019illusion de pr\u00e9cision num\u00e9rique constitue un point critique central : l\u2019annonce d\u2019un chiffre global conf\u00e8re une apparence de rigueur quantitative \u00e0 un r\u00e9sultat dont l\u2019incertitude r\u00e9elle est consid\u00e9rable.<\/p>\n<p><img decoding=\"async\" data-entity-uuid=\"0e05f7cb-1d28-47b3-81e2-6c05320bd029\" data-entity-type=\"file\" alt=\"P06\" width=\"710\" height=\"396\" loading=\"lazy\" class=\"lazyload\" src=\"https:\/\/www.francesoir.fr\/sites\/default\/files\/inline-images\/image_921.png\"\/><\/p>\n<\/li>\n<\/ul>\n<p><strong>\u00a0<\/strong><\/p>\n<h5><strong>Enseignements \u00e9pist\u00e9mologiques : science, biais cognitifs et d\u00e9cision en temps de crise<\/strong><\/h5>\n<p>L\u2019\u00e9pisode de l\u2019\u00e9tude Pradelle et Lega et al. constitue un cas d\u2019\u00e9tude r\u00e9v\u00e9lateur des tensions qui traversent la production du savoir scientifique en situation de crise.<\/p>\n<ul>\n<li>\n<p><strong>Biais cognitifs et consensus pr\u00e9matur\u00e9\u00a0: <\/strong>le biais de confirmation peut conduire \u00e0 privil\u00e9gier des r\u00e9sultats conformes \u00e0 une narrative dominante, tandis que le biais d\u2019autorit\u00e9 favorise l\u2019acceptation rapide de conclusions issues de revues reconnues. Ces m\u00e9canismes contribuent \u00e0 la formation de ce que Rico Hauswald qualifie de consensus d\u00e9g\u00e9n\u00e9ratif.<\/p>\n<p><img decoding=\"async\" data-entity-uuid=\"1a853fa8-5e38-4ed8-97d4-3d6018504b24\" data-entity-type=\"file\" alt=\"P07\" width=\"693\" height=\"387\" loading=\"lazy\" class=\"lazyload\" src=\"https:\/\/www.francesoir.fr\/sites\/default\/files\/inline-images\/image_922.png\"\/><\/p>\n<\/li>\n<li><strong>D\u00e9placement du d\u00e9bat et biais d\u2019autorit\u00e9 invers\u00e9<\/strong>: lorsque certaines conclusions sont contest\u00e9es, la discussion tend parfois \u00e0 se d\u00e9placer du contenu des arguments vers la l\u00e9gitimit\u00e9 per\u00e7ue de ceux qui les formulent. Ce biais d\u2019autorit\u00e9 invers\u00e9 appauvrit le d\u00e9bat scientifique en d\u00e9tournant l\u2019attention des questions centrales de validit\u00e9 et de robustesse m\u00e9thodologique.<br \/>\u00a0<\/li>\n<li><strong>Mod\u00e9lisation, illusion de pr\u00e9cision et responsabilit\u00e9 scientifique\u00a0: <\/strong>attribuer un nombre pr\u00e9cis de d\u00e9c\u00e8s \u00e0 partir de donn\u00e9es observationnelles h\u00e9t\u00e9rog\u00e8nes cr\u00e9e une illusion de pr\u00e9cision susceptible de masquer l\u2019ampleur r\u00e9elle des marges d\u2019erreur. Une fois diffus\u00e9s dans l\u2019espace public, ces chiffres acqui\u00e8rent une port\u00e9e performative disproportionn\u00e9e par rapport \u00e0 leur fondement scientifique initial.<br \/>\u00a0<\/li>\n<li><strong>Science, d\u00e9cision et confusion des responsabilit\u00e9s\u00a0:<\/strong> en situation d\u2019urgence, la science est souvent somm\u00e9e de produire non plus des connaissances provisoires, mais des conclusions imm\u00e9diatement actionnables. Ce glissement transforme des analyses exploratoires en instruments quasi d\u00e9cisionnels, brouillant la fronti\u00e8re entre production de savoir, d\u00e9cision politique et jugement moral.<br \/>\u00a0<\/li>\n<li>\n<p><strong>Asym\u00e9trie du risque r\u00e9putationnel et incitations structurelles\u00a0: <\/strong>un autre facteur structurel, rarement explicit\u00e9, contribue \u00e0 la fragilisation du d\u00e9bat scientifique en temps de crise : l\u2019asym\u00e9trie du risque r\u00e9putationnel.<br \/>Dans un contexte fortement polaris\u00e9, publier des r\u00e9sultats per\u00e7us comme alarmants ou conformes \u00e0 une narrative dominante expose g\u00e9n\u00e9ralement \u00e0 un risque r\u00e9putationnel limit\u00e9. \u00c0 l\u2019inverse, formuler des conclusions nuanc\u00e9es, souligner les incertitudes ou contester des estimations largement relay\u00e9es peut entra\u00eener une exposition accrue \u00e0 la critique, \u00e0 la suspicion ou \u00e0 la disqualification symbolique.<\/p>\n<p><img decoding=\"async\" data-entity-uuid=\"f7c530f7-94fa-4e90-be59-a276aa07c991\" data-entity-type=\"file\" alt=\"P08\" width=\"700\" height=\"390\" loading=\"lazy\" class=\"lazyload\" src=\"https:\/\/www.francesoir.fr\/sites\/default\/files\/inline-images\/image_923.png\"\/><\/p>\n<p>Cette asym\u00e9trie ne repose pas sur des intentions individuelles, mais sur des m\u00e9canismes collectifs bien document\u00e9s en sociologie des sciences. Elle favorise structurellement la diffusion de r\u00e9sultats spectaculaires au d\u00e9triment d\u2019analyses prudentes, pourtant m\u00e9thodologiquement plus robustes, contribuant ainsi \u00e0 la formation de consensus pr\u00e9matur\u00e9s.<\/p>\n<\/li>\n<li><strong>Tra\u00e7abilit\u00e9 \u00e9pist\u00e9mique et dilution des responsabilit\u00e9s collectives\u00a0: <\/strong>un \u00e9l\u00e9ment suppl\u00e9mentaire m\u00e9rite d\u2019\u00eatre pris en compte : la perte de tra\u00e7abilit\u00e9 des cha\u00eenes de responsabilit\u00e9 \u00e9pist\u00e9mique en temps de crise.<br \/>La production scientifique fonctionne selon une cha\u00eene \u2014 \u00e9laboration des hypoth\u00e8ses, validation \u00e9ditoriale, diffusion m\u00e9diatique, puis usage politique ou administratif. En contexte d\u2019urgence, cette cha\u00eene tend \u00e0 se fragmenter. Chaque acteur peut alors se retrancher derri\u00e8re son r\u00f4le limit\u00e9 : les auteurs publient, les revues valident, les m\u00e9dias relaient, les d\u00e9cideurs invoquent \u00ab l\u2019\u00e9tat de la science \u00bb.<br \/>Cette fragmentation rend difficile l\u2019identification des responsabilit\u00e9s lorsque des r\u00e9sultats fragiles produisent des effets durables dans l\u2019espace public. La r\u00e9tractation corrige le dossier acad\u00e9mique, mais elle n\u2019affecte qu\u2019un maillon de la cha\u00eene, laissant intactes les d\u00e9cisions, repr\u00e9sentations et r\u00e9cits construits \u00e0 partir de la publication initiale.<br \/>\u00a0<\/li>\n<li><strong>Incertitude scientifique et r\u00e9interpr\u00e9tation morale a posteriori\u00a0: <\/strong>un dernier glissement m\u00e9rite d\u2019\u00eatre analys\u00e9 : la tendance \u00e0 r\u00e9interpr\u00e9ter a posteriori des situations d\u2019incertitude scientifique comme des fautes morales.<br \/>En temps de crise, l\u2019incertitude inh\u00e9rente au processus scientifique est souvent mal comprise. Des hypoth\u00e8ses formul\u00e9es en contexte d\u2019information incompl\u00e8te peuvent \u00eatre ult\u00e9rieurement jug\u00e9es \u00e0 l\u2019aune de connaissances acquises apr\u00e8s coup. Ce d\u00e9calage conduit \u00e0 transformer r\u00e9trospectivement des zones d\u2019ignorance l\u00e9gitime en erreurs fautives, voire en manquements \u00e9thiques.<br \/>Ce m\u00e9canisme brouille l\u2019analyse des responsabilit\u00e9s. Il projette sur le pass\u00e9 des exigences de certitude qui n\u2019\u00e9taient pas disponibles au moment de la d\u00e9cision, et contribue \u00e0 moraliser des d\u00e9bats qui rel\u00e8vent avant tout de limites \u00e9pist\u00e9miques. En retour, cette r\u00e9interpr\u00e9tation alimente la d\u00e9fiance, en donnant l\u2019illusion que des certitudes auraient \u00e9t\u00e9 dissimul\u00e9es plut\u00f4t que r\u00e9ellement absentes.<br \/>Reconna\u00eetre ce glissement est essentiel pour distinguer ce qui rel\u00e8ve d\u2019erreurs m\u00e9thodologiques \u00e9vitables de ce qui rel\u00e8ve des contraintes intrins\u00e8ques de la connaissance scientifique en situation d\u2019urgence.<br \/>\u00a0<\/li>\n<li>\n<p><strong>Visibilit\u00e9, amplification et illusion de validit\u00e9 scientifique\u00a0: <\/strong>un dernier m\u00e9canisme, rarement explicit\u00e9 mais d\u00e9cisif, m\u00e9rite d\u2019\u00eatre soulign\u00e9 : la confusion croissante entre visibilit\u00e9 scientifique et validit\u00e9 \u00e9pist\u00e9mique en contexte de crise.<\/p>\n<p><img decoding=\"async\" data-entity-uuid=\"d0c4da3c-f402-4898-b34d-09060c7b99c2\" data-entity-type=\"file\" alt=\"P09\" width=\"687\" height=\"383\" loading=\"lazy\" class=\"lazyload\" src=\"https:\/\/www.francesoir.fr\/sites\/default\/files\/inline-images\/image_924.png\"\/><\/p>\n<p>Lorsque la circulation de l\u2019information scientifique s\u2019acc\u00e9l\u00e8re, la fr\u00e9quence des citations, la reprise m\u00e9diatique et la reconnaissance institutionnelle tendent \u00e0 \u00eatre per\u00e7ues comme des indicateurs implicites de solidit\u00e9 scientifique. Or, cette hi\u00e9rarchie de visibilit\u00e9 ne co\u00efncide pas n\u00e9cessairement avec une hi\u00e9rarchie de robustesse m\u00e9thodologique.<\/p>\n<p>En situation d\u2019urgence, les r\u00e9sultats qui circulent rapidement acqui\u00e8rent une autorit\u00e9 symbolique disproportionn\u00e9e par rapport \u00e0 leur degr\u00e9 r\u00e9el de validation. \u00c0 l\u2019inverse, les corrections, r\u00e9tractations ou mises en garde m\u00e9thodologiques b\u00e9n\u00e9ficient d\u2019une visibilit\u00e9 nettement moindre. Cette asym\u00e9trie contribue \u00e0 figer des repr\u00e9sentations collectives sur la base de travaux ult\u00e9rieurement invalid\u00e9s.<\/p>\n<p><strong>La science n\u2019est pas ici en cause dans ses principes, mais dans son \u00e9cosyst\u00e8me de diffusion<\/strong>. Lorsque l\u2019amplification m\u00e9diatique se substitue implicitement \u00e0 la validation scientifique, la cr\u00e9dibilit\u00e9 per\u00e7ue d\u2019un r\u00e9sultat d\u00e9pend davantage de son exposition que de sa solidit\u00e9 interne.<\/p>\n<\/li>\n<\/ul>\n<blockquote>\n<p>Cette illusion de validit\u00e9 renforce m\u00e9caniquement les effets d\u00e9crits pr\u00e9c\u00e9demment : consensus pr\u00e9matur\u00e9s, polarisation du d\u00e9bat et persistance d\u2019erreurs corrig\u00e9es trop tardivement pour produire un effet r\u00e9el dans l\u2019espace public.<\/p>\n<\/blockquote>\n<p><strong>\u00a0<\/strong><\/p>\n<h5><strong>Temporalit\u00e9 \u00e9pist\u00e9mique et m\u00e9moire scientifique<\/strong><\/h5>\n<p>La science en temps de crise souffre moins d\u2019erreurs que d\u2019un mauvais rapport au temps.<\/p>\n<p>Une question demeure largement absente des d\u00e9bats : que devient une erreur scientifique une fois qu\u2019elle a circul\u00e9 ? Et surtout : la r\u00e9tractation suffit-elle \u00e0 r\u00e9parer les effets \u00e9pist\u00e9miques, m\u00e9diatiques et politiques d\u2019une publication erron\u00e9e ?<\/p>\n<p>La r\u00e9tractation corrige le dossier acad\u00e9mique, mais <strong>elle ne r\u00e9pare pas automatiquement les effets produits dans l\u2019espace public<\/strong>. Les chiffres initiaux continuent souvent de circuler, d\u2019\u00eatre cit\u00e9s ou de structurer des repr\u00e9sentations collectives, alors m\u00eame que leur fondement scientifique a \u00e9t\u00e9 invalid\u00e9.<\/p>\n<p><img decoding=\"async\" data-entity-uuid=\"57ea9f43-d0ca-4077-b22c-7b72e2f8c2cd\" data-entity-type=\"file\" alt=\"P10\" width=\"699\" height=\"390\" class=\"align-center lazyload\" loading=\"lazy\" src=\"https:\/\/www.francesoir.fr\/sites\/default\/files\/inline-images\/image_925.png\"\/><\/p>\n<p>Cette dissym\u00e9trie temporelle \u2014 entre la rapidit\u00e9 de diffusion initiale et la lenteur de la correction \u2014 fragilise la m\u00e9moire scientifique collective. Elle contribue \u00e0 l\u2019accumulation de r\u00e9sidus \u00e9pist\u00e9miques : des affirmations r\u00e9fut\u00e9es mais durablement pr\u00e9sentes dans l\u2019espace m\u00e9diatique et politique.<\/p>\n<p>Penser la science en temps de crise implique donc d\u2019int\u00e9grer non seulement la production du savoir, mais aussi sa persistance, sa tra\u00e7abilit\u00e9 et sa capacit\u00e9 effective \u00e0 \u00eatre corrig\u00e9e dans la dur\u00e9e.<\/p>\n<p><strong>\u00a0<\/strong><\/p>\n<h5><strong>Conclusion<\/strong><\/h5>\n<p>L\u2019analyse critique de l\u2019\u00e9tude de Pradelle et Lega et al. ne constitue ni un rejet de la science ni une prise de position id\u00e9ologique sur l\u2019hydroxychloroquine. Elle plaide pour un renforcement des exigences m\u00e9thodologiques, \u00e9pist\u00e9mologiques et institutionnelles qui fondent la cr\u00e9dibilit\u00e9 du savoir scientifique.<\/p>\n<p>Comme le souligne Rico Hauswald, <strong>restaurer durablement la confiance suppose d\u2019assumer les incertitudes<\/strong>, de <strong>limiter les extrapolations abusives<\/strong> et de <strong>pr\u00e9server un pluralisme critique<\/strong>. Le cas pr\u00e9sent\u00e9 ici rappelle qu\u2019il n\u2019est pas possible de concilier simultan\u00e9ment rigueur scientifique \u00e9lev\u00e9e, mod\u00e9lisations sp\u00e9culatives, amplification m\u00e9diatique rapide et conclusions accusatoires \u00e0 forte port\u00e9e symbolique.<\/p>\n<p>Clarifier les fronti\u00e8res entre connaissance, visibilit\u00e9, d\u00e9cision et jugement moral \u2014 et repenser la temporalit\u00e9 de la correction scientifique \u2014 constitue une condition essentielle pour \u00e9viter que les crises futures n\u2019approfondissent davantage le foss\u00e9 entre science et soci\u00e9t\u00e9.<\/p>\n<p><img decoding=\"async\" data-entity-uuid=\"fc4d86d6-ece1-4396-af81-e92e0fbf6475\" data-entity-type=\"file\" alt=\"P11\" width=\"705\" height=\"393\" class=\"align-center lazyload\" loading=\"lazy\" src=\"https:\/\/www.francesoir.fr\/sites\/default\/files\/inline-images\/image_926.png\"\/><\/div>\n<p><script async src=\"\/\/platform.twitter.com\/widgets.js\" charset=\"utf-8\"><\/script><script>(function(d, s, id) {  var js, fjs = d.getElementsByTagName(s)[0];  if (d.getElementById(id)) return;  js = d.createElement(s); js.id = id;  js.src = \"\/\/connect.facebook.net\/fr_FR\/sdk.js#xfbml=1&version=v2.3\";  fjs.parentNode.insertBefore(js, fjs);}(document, \"script\", \"facebook-jssdk\"));<\/script><br \/>\n<br \/><br \/>\n<br \/><a href=\"https:\/\/www.francesoir.fr\/societe-sante-science-tech\/l-etude-pradelle-et-lega-retractee-une-analyse-des-biais-cognitifs-l\" target=\"_blank\"\">Source link <\/a><\/p>\n","protected":false},"excerpt":{"rendered":"<p>Ou la science en temps de crise : la r\u00e9tractation de l\u2019\u00e9tude Pradelle et Lega et al. sur l\u2019hydroxychloroquine comme cas d\u2019\u00e9cole des fragilit\u00e9s du contr\u00f4le scientifique R\u00e9sum\u00e9 vid\u00e9o de&hellip; <\/p>\n","protected":false},"author":1,"featured_media":22352,"comment_status":"open","ping_status":"open","sticky":false,"template":"","format":"standard","meta":{"footnotes":""},"categories":[1],"tags":[],"class_list":["post-22351","post","type-post","status-publish","format-standard","has-post-thumbnail","hentry","category-non-classe"],"_links":{"self":[{"href":"https:\/\/monde25.info\/index.php\/wp-json\/wp\/v2\/posts\/22351","targetHints":{"allow":["GET"]}}],"collection":[{"href":"https:\/\/monde25.info\/index.php\/wp-json\/wp\/v2\/posts"}],"about":[{"href":"https:\/\/monde25.info\/index.php\/wp-json\/wp\/v2\/types\/post"}],"author":[{"embeddable":true,"href":"https:\/\/monde25.info\/index.php\/wp-json\/wp\/v2\/users\/1"}],"replies":[{"embeddable":true,"href":"https:\/\/monde25.info\/index.php\/wp-json\/wp\/v2\/comments?post=22351"}],"version-history":[{"count":0,"href":"https:\/\/monde25.info\/index.php\/wp-json\/wp\/v2\/posts\/22351\/revisions"}],"wp:featuredmedia":[{"embeddable":true,"href":"https:\/\/monde25.info\/index.php\/wp-json\/wp\/v2\/media\/22352"}],"wp:attachment":[{"href":"https:\/\/monde25.info\/index.php\/wp-json\/wp\/v2\/media?parent=22351"}],"wp:term":[{"taxonomy":"category","embeddable":true,"href":"https:\/\/monde25.info\/index.php\/wp-json\/wp\/v2\/categories?post=22351"},{"taxonomy":"post_tag","embeddable":true,"href":"https:\/\/monde25.info\/index.php\/wp-json\/wp\/v2\/tags?post=22351"}],"curies":[{"name":"wp","href":"https:\/\/api.w.org\/{rel}","templated":true}]}}