{"id":22360,"date":"2026-01-13T17:09:39","date_gmt":"2026-01-13T16:09:39","guid":{"rendered":"https:\/\/monde25.info\/index.php\/2026\/01\/13\/le-soudan-un-pays-desagrege-par-de-multiples-lignes-de-front-par-cecile-marin-le-monde-diplomatique-janvier-2026\/"},"modified":"2026-01-13T17:09:39","modified_gmt":"2026-01-13T16:09:39","slug":"le-soudan-un-pays-desagrege-par-de-multiples-lignes-de-front-par-cecile-marin-le-monde-diplomatique-janvier-2026","status":"publish","type":"post","link":"https:\/\/monde25.info\/index.php\/2026\/01\/13\/le-soudan-un-pays-desagrege-par-de-multiples-lignes-de-front-par-cecile-marin-le-monde-diplomatique-janvier-2026\/","title":{"rendered":"Le Soudan, un pays d\u00e9sagr\u00e9g\u00e9 par de multiples lignes de front, par C\u00e9cile Marin (Le Monde diplomatique, janvier 2026)"},"content":{"rendered":"<p> <br \/>\n<\/p>\n<div>\n<div class=\"unemensuel\">\n<div class=\"logo\">\n\t\t\t\t\t\t<img loading=\"lazy\" decoding=\"async\" src=\"https:\/\/www.monde-diplomatique.fr\/\/local\/couv\/2026-01.jpg?1766762505\" alt=\"\" width=\"600\" height=\"895\"\/>\n\t\t\t\t\t<\/div>\n<\/p><\/div>\n<p>\t\t\t\t\t<span><strong>janvier<\/strong> 2026<\/span>\n\t\t\t\t<\/p>\n<p>\n\t\t\t\t\tM.\u00a0<strong>Trump<\/strong>, <strong>pirate<\/strong> des \u00ab<small class=\"fine\">\u00a0<\/small><strong>Cara\u00efbes<\/strong><small class=\"fine\">\u00a0<\/small>\u00bb<small class=\"fine\">\u00a0<\/small>; <strong>\u00e9loge<\/strong> du <strong>papier<\/strong> \u00e0 l\u2019heure du d\u00e9luge <strong>num\u00e9rique<\/strong><small class=\"fine\">\u00a0<\/small>; <strong>dossier<\/strong>\u00a0: L\u2019\u00e8re des <strong>r\u00e9pressions<\/strong> \u2014 La <strong>mythologie s\u00e9curitaire<\/strong> \u2014 Y a-t-il des <strong>prisonniers politiques<\/strong> en <strong>France<\/strong><small class=\"fine\">\u00a0<\/small>? \u2014 Ces \u00ab<small class=\"fine\">\u00a0<\/small><strong>terroristes<\/strong><small class=\"fine\">\u00a0<\/small>\u00bb <strong>britanniques<\/strong> qui soutiennent la <strong>Palestine<\/strong> \u2014 Et le <strong>Conseil d\u2019\u00c9tat<\/strong> laisse faire \u2014 Sujets de <strong>non-droit<\/strong> \u2014 Que faire de la <strong>police<\/strong> et de la <strong>prison<\/strong><small class=\"fine\">\u00a0<\/small>? <strong>Thucydide<\/strong> a bon dos<small class=\"fine\">\u00a0<\/small>; pourquoi les <strong>\u00c9tats-Unis<\/strong> relancent le <strong>nucl\u00e9aire civil<\/strong><small class=\"fine\">\u00a0<\/small>; en <strong>Hongrie<\/strong>, l\u2019<strong>\u00e9lection<\/strong> se gagne au <strong>village<\/strong><small class=\"fine\">\u00a0<\/small>; <strong>Verdun<\/strong>-en-<strong>Donbass<\/strong><small class=\"fine\">\u00a0<\/small>; la \u00ab<small class=\"fine\">\u00a0<\/small>r\u00e9publique <strong>oligarchique<\/strong> d\u2019<strong>Ukraine<\/strong><small class=\"fine\">\u00a0<\/small>\u00bb<small class=\"fine\">\u00a0<\/small>; le <strong>Soudan<\/strong>, \u00ab<small class=\"fine\">\u00a0<\/small>\u00e9picentre mondial de la <strong>souffrance humaine<\/strong><small class=\"fine\">\u00a0<\/small>\u00bb<small class=\"fine\">\u00a0<\/small>; <strong>France<\/strong> et <strong>Russie<\/strong>, un <strong>ogre<\/strong> dans mon <strong>miroir<\/strong><small class=\"fine\">\u00a0<\/small>; <strong>psych\u00e9s<\/strong> d\u00e9brid\u00e9es pour <strong>capitalisme<\/strong> d\u00e9cha\u00een\u00e9<small class=\"fine\">\u00a0<\/small>; <strong>esth\u00e9tisme<\/strong> <strong>imp\u00e9rial<\/strong><small class=\"fine\">\u00a0<\/small>; Cinquante <strong>nuances<\/strong> de nuance (\u2026)<\/p>\n<\/p><\/div>\n<p><br \/>\n<br \/><a href=\"https:\/\/www.monde-diplomatique.fr\/cartes\/soudan-desagrege\" target=\"_blank\"\">Source link <\/a><\/p>\n","protected":false},"excerpt":{"rendered":"<p>janvier 2026 M.\u00a0Trump, pirate des \u00ab\u00a0Cara\u00efbes\u00a0\u00bb\u00a0; \u00e9loge du papier \u00e0 l\u2019heure du d\u00e9luge num\u00e9rique\u00a0; dossier\u00a0: L\u2019\u00e8re des r\u00e9pressions \u2014 La mythologie s\u00e9curitaire \u2014 Y a-t-il des prisonniers politiques en France\u00a0?&hellip; <\/p>\n","protected":false},"author":1,"featured_media":22361,"comment_status":"open","ping_status":"open","sticky":false,"template":"","format":"standard","meta":{"footnotes":""},"categories":[1],"tags":[],"class_list":["post-22360","post","type-post","status-publish","format-standard","has-post-thumbnail","hentry","category-non-classe"],"_links":{"self":[{"href":"https:\/\/monde25.info\/index.php\/wp-json\/wp\/v2\/posts\/22360","targetHints":{"allow":["GET"]}}],"collection":[{"href":"https:\/\/monde25.info\/index.php\/wp-json\/wp\/v2\/posts"}],"about":[{"href":"https:\/\/monde25.info\/index.php\/wp-json\/wp\/v2\/types\/post"}],"author":[{"embeddable":true,"href":"https:\/\/monde25.info\/index.php\/wp-json\/wp\/v2\/users\/1"}],"replies":[{"embeddable":true,"href":"https:\/\/monde25.info\/index.php\/wp-json\/wp\/v2\/comments?post=22360"}],"version-history":[{"count":0,"href":"https:\/\/monde25.info\/index.php\/wp-json\/wp\/v2\/posts\/22360\/revisions"}],"wp:featuredmedia":[{"embeddable":true,"href":"https:\/\/monde25.info\/index.php\/wp-json\/wp\/v2\/media\/22361"}],"wp:attachment":[{"href":"https:\/\/monde25.info\/index.php\/wp-json\/wp\/v2\/media?parent=22360"}],"wp:term":[{"taxonomy":"category","embeddable":true,"href":"https:\/\/monde25.info\/index.php\/wp-json\/wp\/v2\/categories?post=22360"},{"taxonomy":"post_tag","embeddable":true,"href":"https:\/\/monde25.info\/index.php\/wp-json\/wp\/v2\/tags?post=22360"}],"curies":[{"name":"wp","href":"https:\/\/api.w.org\/{rel}","templated":true}]}}