{"id":22362,"date":"2026-01-13T17:42:34","date_gmt":"2026-01-13T16:42:34","guid":{"rendered":"https:\/\/monde25.info\/index.php\/2026\/01\/13\/star-des-jardins-le-mimosa-fragilise-des-ecosystemes-locaux\/"},"modified":"2026-01-13T17:42:34","modified_gmt":"2026-01-13T16:42:34","slug":"star-des-jardins-le-mimosa-fragilise-des-ecosystemes-locaux","status":"publish","type":"post","link":"https:\/\/monde25.info\/index.php\/2026\/01\/13\/star-des-jardins-le-mimosa-fragilise-des-ecosystemes-locaux\/","title":{"rendered":"Star des jardins, le mimosa fragilise des \u00e9cosyst\u00e8mes locaux"},"content":{"rendered":"<p> <br \/>\n<br \/><img loading=\"lazy\" decoding=\"async\" src=\"https:\/\/reporterre.net\/local\/cache-vignettes\/L700xH467\/afp__20251128__7027243__v1__highres__7027243_copie_2_-9907a.jpg?1768320231\" class=\"spip_logo\" width=\"700\" height=\"467\" alt=\"\" \/><\/p>\n<p>Tr\u00e8s pris\u00e9 en hiver, le mimosa cause des ravages dans certaines r\u00e9gions m\u00e9diterran\u00e9ennes o\u00f9 le climat lui est favorable. Pas de panique, il existe des moyens simples pour se pr\u00e9munir de son caract\u00e8re expansif. <br class=\"autobr\" \/> Avec son parfum de miel et ses boules duveteuses d&rsquo;un jaune \u00e9clatant, il illumine les mois d&rsquo;hiver. Le mimosa, \u00ab<small class=\"fine d-inline\">\u00a0<\/small>un feu d&rsquo;artifice qui annonce le printemps<small class=\"fine d-inline\">\u00a0<\/small>\u00bb, selon les mots de Julien Cavatore. Au t\u00e9l\u00e9phone, le p\u00e9pini\u00e9riste install\u00e9 dans le Var ne tarit pas d&rsquo;\u00e9loges sur cet arbre \u00ab<small class=\"fine d-inline\">\u00a0<\/small>(\u2026)<\/p>\n<p>                    <a target=\"_blank\" href=\"https:\/\/reporterre.net\/Star-des-jardins-le-mimosa-fragilise-des-ecosystemes-locaux?utm_source=RSS&amp;utm_medium=RSS\">Lire la suite<\/a><\/p>\n<p>                    &#8211;<br \/>\n                        <a target=\"_blank\" href=\"https:\/\/reporterre.net\/Autres-infos\" rel=\"directory\">Info<\/a><\/p>\n<p>                    \/<br \/>\n                        <a target=\"_blank\" href=\"https:\/\/reporterre.net\/Nature\" rel=\"tag\">Nature<\/a><br \/>\n                    ,<br \/>\n                        <a target=\"_blank\" href=\"https:\/\/reporterre.net\/Quotidien\" rel=\"tag\">Quotidien<\/a><br \/>\n<br \/><br \/>\n<br \/><a href=\"https:\/\/reporterre.net\/Star-des-jardins-le-mimosa-fragilise-des-ecosystemes-locaux\" target=\"_blank\"\">Source link <\/a><\/p>\n","protected":false},"excerpt":{"rendered":"<p>Tr\u00e8s pris\u00e9 en hiver, le mimosa cause des ravages dans certaines r\u00e9gions m\u00e9diterran\u00e9ennes o\u00f9 le climat lui est favorable. Pas de panique, il existe des moyens simples pour se pr\u00e9munir&hellip; <\/p>\n","protected":false},"author":1,"featured_media":0,"comment_status":"open","ping_status":"open","sticky":false,"template":"","format":"standard","meta":{"footnotes":""},"categories":[1],"tags":[],"class_list":["post-22362","post","type-post","status-publish","format-standard","hentry","category-non-classe"],"_links":{"self":[{"href":"https:\/\/monde25.info\/index.php\/wp-json\/wp\/v2\/posts\/22362","targetHints":{"allow":["GET"]}}],"collection":[{"href":"https:\/\/monde25.info\/index.php\/wp-json\/wp\/v2\/posts"}],"about":[{"href":"https:\/\/monde25.info\/index.php\/wp-json\/wp\/v2\/types\/post"}],"author":[{"embeddable":true,"href":"https:\/\/monde25.info\/index.php\/wp-json\/wp\/v2\/users\/1"}],"replies":[{"embeddable":true,"href":"https:\/\/monde25.info\/index.php\/wp-json\/wp\/v2\/comments?post=22362"}],"version-history":[{"count":0,"href":"https:\/\/monde25.info\/index.php\/wp-json\/wp\/v2\/posts\/22362\/revisions"}],"wp:attachment":[{"href":"https:\/\/monde25.info\/index.php\/wp-json\/wp\/v2\/media?parent=22362"}],"wp:term":[{"taxonomy":"category","embeddable":true,"href":"https:\/\/monde25.info\/index.php\/wp-json\/wp\/v2\/categories?post=22362"},{"taxonomy":"post_tag","embeddable":true,"href":"https:\/\/monde25.info\/index.php\/wp-json\/wp\/v2\/tags?post=22362"}],"curies":[{"name":"wp","href":"https:\/\/api.w.org\/{rel}","templated":true}]}}