{"id":22363,"date":"2026-01-13T18:48:50","date_gmt":"2026-01-13T17:48:50","guid":{"rendered":"https:\/\/monde25.info\/index.php\/2026\/01\/13\/pour-un-solennel-referendum-le-15-mars-2026\/"},"modified":"2026-01-13T18:48:50","modified_gmt":"2026-01-13T17:48:50","slug":"pour-un-solennel-referendum-le-15-mars-2026","status":"publish","type":"post","link":"https:\/\/monde25.info\/index.php\/2026\/01\/13\/pour-un-solennel-referendum-le-15-mars-2026\/","title":{"rendered":"Pour un solennel r\u00e9f\u00e9rendum, le 15 mars 2026 !"},"content":{"rendered":"<p> <br \/>\n<\/p>\n<div>\n<p><span class=\"cf0\">Ce n&rsquo;\u00e9tait donc que du pipeau ! C&rsquo;est la com\u00e9die du pouvoir, et le pouvoir de la com\u00e9die.<\/span><\/p>\n<p><span class=\"cf0\">Dans le courant de la semaine derni\u00e8re, M. Lecornu a cru bon de brandir le spectre de la dissolution de l&rsquo;Assembl\u00e9e nationale si son gouvernement venait \u00e0 \u00eatre censur\u00e9 par les d\u00e9put\u00e9(e)s au cours des prochains jours. Avant de se raviser durant le week-end, pour confier \u00e0 la presse dominicale qu&rsquo;il ne souhaitait ni la censure, ni la dissolution.<\/span><\/p>\n<p><span class=\"cf0\">Tout le monde a bien compris qu&rsquo;il ne s&rsquo;agissait l\u00e0 que d&rsquo;un exercice de pression sur les groupes charni\u00e8res du Palais Bourbon, afin qu&rsquo;ils laissent passer le budget de l&rsquo;\u00c9tat pour 2026 et, surtout, qu&rsquo;ils permettent \u00e0 celui qui l&rsquo;a fait roi de terminer cahin-caha un quinquennat qui n&rsquo;en finira pas de finir.<\/span><\/p>\n<p><span class=\"cf0\">Au-del\u00e0 de ces commentaires, d\u00e9j\u00e0 lus ou entendus, il me semble que l&rsquo;on a fait peu de cas du m\u00e9lange des genres auquel a donn\u00e9 lieu cette rodomontade suivie d&rsquo;une marche arri\u00e8re caract\u00e9ris\u00e9e.<\/span><\/p>\n<p><span class=\"cf0\">S&rsquo;il est, en effet, un pouvoir que la Constitution ne conf\u00e8re pas au Premier ministre, c&rsquo;est bien celui de dissoudre l&rsquo;Assembl\u00e9e nationale. L&rsquo;article 12 de la Constitution de 1958 l&rsquo;attribue exclusivement au pr\u00e9sident de la R\u00e9publique, qui peut prononcer la dissolution \u00ab\u00a0apr\u00e8s consultation du Premier ministre et des pr\u00e9sidents des assembl\u00e9es\u00a0\u00bb. En l&rsquo;occurrence, l&rsquo;impression est plut\u00f4t donn\u00e9e au pays que c&rsquo;est le Premier ministre qui a \u00ab\u00a0consult\u00e9\u00a0\u00bb le pr\u00e9sident de la R\u00e9publique.<\/span><\/p>\n<p><span class=\"cf0\">M. Lecornu entendait ainsi que le renouvellement de l&rsquo;Assembl\u00e9e nationale se d\u00e9roule en m\u00eame temps que les \u00e9lections municipales, les 15 et 22 mars prochains, et il avait invit\u00e9 le ministre de l&rsquo;Int\u00e9rieur \u00e0 prendre les dispositions en cons\u00e9quence. S&rsquo;il \u00e9tait envisageable d&rsquo;organiser le m\u00eame jour un scrutin local et un scrutin national, il est donc tout \u00e0 fait possible qu&rsquo;un r\u00e9f\u00e9rendum ait lieu le dimanche 15 mars, premier tour des \u00e9lections municipales.<\/span><\/p>\n<p><span class=\"cf0\">Alors que M. Macron a parl\u00e9, \u00e0 de multiples reprises, de donner la parole au peuple fran\u00e7ais par la voie du r\u00e9f\u00e9rendum, sans jamais concr\u00e9tiser ses annonces, et avant que son mandat ne se termine, il est grand temps d&rsquo;y penser, n&rsquo;est-ce pas monsieur le Pr\u00e9sident ? Et, sur ce sujet, M. Lecornu ne ferait que respecter le r\u00f4le que la Constitution attribue au Premier ministre pour une consultation r\u00e9f\u00e9rendaire.<\/span><\/p>\n<p><span class=\"cf0\">L&rsquo;article 11 de la Constitution \u00e9nonce, dans des termes qui ne laissent pas place \u00e0 la moindre interpr\u00e9tation, que \u00ab\u00a0Le Pr\u00e9sident de la R\u00e9publique, sur proposition du Gouvernement pendant la dur\u00e9e des sessions ou sur proposition conjointe des deux Assembl\u00e9es, publi\u00e9es au Journal Officiel, peut soumettre au r\u00e9f\u00e9rendum tout projet de loi portant sur l&rsquo;organisation des pouvoirs publics, sur des r\u00e9formes relatives \u00e0 la politique \u00e9conomique, sociale ou environnementale de la nation et aux services publics qui y concourent, ou tendant \u00e0 autoriser la ratification d&rsquo;un trait\u00e9, qui, sans \u00eatre contraires \u00e0 la Constitution, aurait des incidences sur le fonctionnement des institutions\u00a0\u00bb.<\/span><\/p>\n<p><span class=\"cf0\">Si le champ du r\u00e9f\u00e9rendum a \u00e9t\u00e9 \u00e9tendu, par une r\u00e9vision constitutionnelle voulue par Jacques Chirac, \u00e0 des r\u00e9formes relatives aux questions \u00e9conomiques, sociales et environnementales, jamais le peuple fran\u00e7ais n&rsquo;a \u00e9t\u00e9 amen\u00e9 \u00e0 intervenir sur un sujet de cette nature.<\/span><\/p>\n<p><span class=\"cf0\">Et qui veut aller au r\u00e9f\u00e9rendum en trouve l&rsquo;objet. Sans doute est-ce l\u00e0 une d\u00e9cision partag\u00e9e entre le pr\u00e9sident de la R\u00e9publique et le Premier ministre. Mais il appartient indiscutablement au gouvernement, donc au Premier ministre, d&rsquo;en faire la proposition au chef de l&rsquo;\u00c9tat.<\/span><\/p>\n<p><span class=\"cf0\">S&rsquo;agissant d&rsquo;Emmanuel Macron, qui s&rsquo;est autoris\u00e9 \u00e0 arborer une croix de Lorraine sur l&#8217;embl\u00e8me de sa pr\u00e9sidence, sans que cela ne choque personne, hormis l&rsquo;auteur de ces lignes, il trouverait dans cette consultation solennelle l&rsquo;opportunit\u00e9 de s&rsquo;inspirer du haut exemple du g\u00e9n\u00e9ral de Gaulle en posant la question de confiance au peuple fran\u00e7ais, seul d\u00e9tenteur de la souverainet\u00e9 nationale.<\/span><\/p>\n<p><span class=\"cf0\">Si les Fran\u00e7aises et les Fran\u00e7ais r\u00e9pondaient \u00ab\u00a0oui\u00a0\u00bb \u00e0 sa question de confiance, la querelle de la l\u00e9gitimit\u00e9 de son pouvoir depuis l&rsquo;\u00e9chec de la dissolution de 2024 serait d\u00e9finitivement r\u00e9gl\u00e9e, et il pourrait aller jusqu&rsquo;au terme de son mandat en avril-mai 2027. Si, au contraire, la r\u00e9ponse \u00e9tait \u00ab\u00a0non\u00a0\u00bb, alors il devrait d\u00e9missionner, G\u00e9rard Larcher changerait de palais et, passant du Luxembourg \u00e0 l&rsquo;\u00c9lys\u00e9e, deviendrait pr\u00e9sident de la R\u00e9publique par int\u00e9rim, le temps pour le peuple fran\u00e7ais d&rsquo;\u00e9lire un nouveau pr\u00e9sident de la R\u00e9publique. L&rsquo;horizon se d\u00e9gagerait pour la France et pour la R\u00e9publique.<\/span><\/p>\n<p>\u00a0<\/p>\n<\/div>\n<p><script>(function(d, s, id) {  var js, fjs = d.getElementsByTagName(s)[0];  if (d.getElementById(id)) return;  js = d.createElement(s); js.id = id;  js.src = \"\/\/connect.facebook.net\/fr_FR\/sdk.js#xfbml=1&version=v2.3\";  fjs.parentNode.insertBefore(js, fjs);}(document, \"script\", \"facebook-jssdk\"));<\/script><br \/>\n<br \/><br \/>\n<br \/><a href=\"https:\/\/www.francesoir.fr\/opinions-tribunes\/pour-un-solennel-referendum-le-15-mars-2026\" target=\"_blank\"\">Source link <\/a><\/p>\n","protected":false},"excerpt":{"rendered":"<p>Ce n&rsquo;\u00e9tait donc que du pipeau ! C&rsquo;est la com\u00e9die du pouvoir, et le pouvoir de la com\u00e9die. Dans le courant de la semaine derni\u00e8re, M. Lecornu a cru bon&hellip; <\/p>\n","protected":false},"author":1,"featured_media":16238,"comment_status":"open","ping_status":"open","sticky":false,"template":"","format":"standard","meta":{"footnotes":""},"categories":[1],"tags":[],"class_list":["post-22363","post","type-post","status-publish","format-standard","has-post-thumbnail","hentry","category-non-classe"],"_links":{"self":[{"href":"https:\/\/monde25.info\/index.php\/wp-json\/wp\/v2\/posts\/22363","targetHints":{"allow":["GET"]}}],"collection":[{"href":"https:\/\/monde25.info\/index.php\/wp-json\/wp\/v2\/posts"}],"about":[{"href":"https:\/\/monde25.info\/index.php\/wp-json\/wp\/v2\/types\/post"}],"author":[{"embeddable":true,"href":"https:\/\/monde25.info\/index.php\/wp-json\/wp\/v2\/users\/1"}],"replies":[{"embeddable":true,"href":"https:\/\/monde25.info\/index.php\/wp-json\/wp\/v2\/comments?post=22363"}],"version-history":[{"count":0,"href":"https:\/\/monde25.info\/index.php\/wp-json\/wp\/v2\/posts\/22363\/revisions"}],"wp:featuredmedia":[{"embeddable":true,"href":"https:\/\/monde25.info\/index.php\/wp-json\/wp\/v2\/media\/16238"}],"wp:attachment":[{"href":"https:\/\/monde25.info\/index.php\/wp-json\/wp\/v2\/media?parent=22363"}],"wp:term":[{"taxonomy":"category","embeddable":true,"href":"https:\/\/monde25.info\/index.php\/wp-json\/wp\/v2\/categories?post=22363"},{"taxonomy":"post_tag","embeddable":true,"href":"https:\/\/monde25.info\/index.php\/wp-json\/wp\/v2\/tags?post=22363"}],"curies":[{"name":"wp","href":"https:\/\/api.w.org\/{rel}","templated":true}]}}