{"id":22364,"date":"2026-01-13T19:21:44","date_gmt":"2026-01-13T18:21:44","guid":{"rendered":"https:\/\/monde25.info\/index.php\/2026\/01\/13\/lunion-africaine-exprime-son-inquietude-et-appelle-a-un-dialogue-constructif-rt-en-francais\/"},"modified":"2026-01-13T19:21:44","modified_gmt":"2026-01-13T18:21:44","slug":"lunion-africaine-exprime-son-inquietude-et-appelle-a-un-dialogue-constructif-rt-en-francais","status":"publish","type":"post","link":"https:\/\/monde25.info\/index.php\/2026\/01\/13\/lunion-africaine-exprime-son-inquietude-et-appelle-a-un-dialogue-constructif-rt-en-francais\/","title":{"rendered":"l&rsquo;Union africaine exprime son inqui\u00e9tude et appelle \u00e0 un \u00abdialogue constructif\u00bb \u2014 RT en fran\u00e7ais"},"content":{"rendered":"<p> <br \/>\n<br \/><img decoding=\"async\" src=\"https:\/\/mf.b37mrtl.ru\/french\/images\/2026.01\/thumbnail\/69667b866f7ccc704f0b1988.jpg\" \/><\/p>\n<div>\n<p class=\"text__summary\">\n                                        Malgr\u00e9 sa pr\u00e9occupation face aux coupes budg\u00e9taires de Washington envers plusieurs institutions de l&rsquo;ONU, Mahmoud Ali Youssouf r\u00e9affirme la volont\u00e9 de l\u2019Union africaine de collaborer. Il plaide pour un ordre mondial fond\u00e9 sur la solidarit\u00e9 et la responsabilit\u00e9 collective afin de pr\u00e9server les acquis du d\u00e9veloppement en Afrique.\n                                    <\/p>\n<p>Le pr\u00e9sident de la Commission de l&rsquo;Union africaine, Mahmoud Ali Youssouf, lors de la\u00a051e session ordinaire des repr\u00e9sentants permanents de l&rsquo;Union africaine \u00e0 Addis-Abeba, a exprim\u00e9 sa profonde pr\u00e9occupation face \u00e0 la d\u00e9cision des \u00c9tats-Unis de r\u00e9duire leur soutien financier \u00e0 plusieurs institutions internationales, parmi lesquelles figurent des organisations actives sur le continent telles que la Commission \u00e9conomique des Nations Unies pour l&rsquo;Afrique, la Conf\u00e9rence des Nations unies sur le commerce et le d\u00e9veloppement et le Bureau du Conseiller sp\u00e9cial pour l&rsquo;Afrique.<\/p>\n<p>\u00ab\u00a0Ces institutions ont jou\u00e9 un r\u00f4le d\u00e9terminant dans le renforcement des capacit\u00e9s nationales et r\u00e9gionales, la promotion d\u2019une croissance \u00e9conomique inclusive, l\u2019\u00e9galit\u00e9 des sexes, le soutien au redressement post-conflit et la protection des populations vuln\u00e9rables sur l\u2019ensemble du continent\u00a0\u00bb, a-t-il d\u00e9clar\u00e9, soulignant que toute r\u00e9duction de leur capacit\u00e9 op\u00e9rationnelle pourrait \u00ab\u00a0avoir des r\u00e9percussions sur les acquis en mati\u00e8re de d\u00e9veloppement, les efforts de consolidation de la paix et la r\u00e9silience des communaut\u00e9s, en particulier dans les contextes fragiles et touch\u00e9s par un conflit\u00a0\u00bb.<\/p>\n<p>N\u00e9anmoins, Mahmoud Ali Youssouf a soulign\u00e9 l&rsquo;engagement de la Commission de l&rsquo;Union africaine en faveur d&rsquo;un \u00ab\u00a0dialogue constructif\u00a0\u00bb avec tous ses partenaires, \u00ab\u00a0y compris les \u00c9tats-Unis\u00a0\u00bb, afin de renforcer un ordre international fond\u00e9 sur des r\u00e8gles qui r\u00e9ponde aux r\u00e9alit\u00e9s mondiales actuelles, tout en pr\u00e9servant l\u2019esprit de solidarit\u00e9 et de responsabilit\u00e9 collective qui a sous-tendu des d\u00e9cennies de coop\u00e9ration internationale.<\/p>\n<p>Le 8 janvier, le pr\u00e9sident am\u00e9ricain Donald Trump <a target=\"_blank\" href=\"https:\/\/francais.rt.com\/news\/129171-donald-trump-acte-retrait-etats-unis-de-66-organisations-internationales\">a ordonn\u00e9<\/a> le retrait des \u00c9tats-Unis de 66 organisations internationales qui, selon lui, ne servent plus les int\u00e9r\u00eats am\u00e9ricains. La liste comprend 31 structures des Nations unies, dont la Conf\u00e9rence des Nations unies sur le commerce et le d\u00e9veloppement (CNUCED), le Fonds des Nations unies pour la population (FNUAP), la Convention-cadre des Nations unies sur les changements climatiques (CCNUCC) et la structure des Nations unies charg\u00e9e des questions d&rsquo;\u00e9galit\u00e9 des sexes, ONU-Femmes.<\/p>\n<\/div>\n<p><br \/>\n<br \/><a href=\"https:\/\/francais.rt.com\/afrique\/129364-desengagement-financier-etats-unis-union-africaine-exprime-inqui%C3%A9tude-appelle-dialogue-constructif\" target=\"_blank\"\">Source link <\/a><\/p>\n","protected":false},"excerpt":{"rendered":"<p>Malgr\u00e9 sa pr\u00e9occupation face aux coupes budg\u00e9taires de Washington envers plusieurs institutions de l&rsquo;ONU, Mahmoud Ali Youssouf r\u00e9affirme la volont\u00e9 de l\u2019Union africaine de collaborer. Il plaide pour un ordre&hellip; <\/p>\n","protected":false},"author":1,"featured_media":22365,"comment_status":"open","ping_status":"open","sticky":false,"template":"","format":"standard","meta":{"footnotes":""},"categories":[1],"tags":[],"class_list":["post-22364","post","type-post","status-publish","format-standard","has-post-thumbnail","hentry","category-non-classe"],"_links":{"self":[{"href":"https:\/\/monde25.info\/index.php\/wp-json\/wp\/v2\/posts\/22364","targetHints":{"allow":["GET"]}}],"collection":[{"href":"https:\/\/monde25.info\/index.php\/wp-json\/wp\/v2\/posts"}],"about":[{"href":"https:\/\/monde25.info\/index.php\/wp-json\/wp\/v2\/types\/post"}],"author":[{"embeddable":true,"href":"https:\/\/monde25.info\/index.php\/wp-json\/wp\/v2\/users\/1"}],"replies":[{"embeddable":true,"href":"https:\/\/monde25.info\/index.php\/wp-json\/wp\/v2\/comments?post=22364"}],"version-history":[{"count":0,"href":"https:\/\/monde25.info\/index.php\/wp-json\/wp\/v2\/posts\/22364\/revisions"}],"wp:featuredmedia":[{"embeddable":true,"href":"https:\/\/monde25.info\/index.php\/wp-json\/wp\/v2\/media\/22365"}],"wp:attachment":[{"href":"https:\/\/monde25.info\/index.php\/wp-json\/wp\/v2\/media?parent=22364"}],"wp:term":[{"taxonomy":"category","embeddable":true,"href":"https:\/\/monde25.info\/index.php\/wp-json\/wp\/v2\/categories?post=22364"},{"taxonomy":"post_tag","embeddable":true,"href":"https:\/\/monde25.info\/index.php\/wp-json\/wp\/v2\/tags?post=22364"}],"curies":[{"name":"wp","href":"https:\/\/api.w.org\/{rel}","templated":true}]}}