{"id":2237,"date":"2024-12-15T09:30:37","date_gmt":"2024-12-15T08:30:37","guid":{"rendered":"https:\/\/monde25.info\/index.php\/2024\/12\/15\/regression-dans-le-monde-arabe-lhabit-fait-il-le-moine-par-rorik-dupuis-valder\/"},"modified":"2024-12-15T09:30:37","modified_gmt":"2024-12-15T08:30:37","slug":"regression-dans-le-monde-arabe-lhabit-fait-il-le-moine-par-rorik-dupuis-valder","status":"publish","type":"post","link":"https:\/\/monde25.info\/index.php\/2024\/12\/15\/regression-dans-le-monde-arabe-lhabit-fait-il-le-moine-par-rorik-dupuis-valder\/","title":{"rendered":"R\u00e9gression dans le monde arabe : l&#039;habit fait-il le moine ? par Rorik DUPUIS VALDER"},"content":{"rendered":"<p> <br \/>\n<br \/><img loading=\"lazy\" decoding=\"async\" src=\"https:\/\/www.legrandsoir.info\/local\/cache-vignettes\/L150xH106\/egypte-23bfc.jpg?1734251044\" class=\"spip_logo spip_logo_left\" width=\"150\" height=\"106\" alt=\"\" \/> <\/p>\n<p>La sc\u00e8ne est bien connue : lors d&rsquo;un discours datant de la fin des ann\u00e9es 1950, le pr\u00e9sident \u00e9gyptien Gamal Abdel Nasser raille ouvertement les dirigeants des Fr\u00e8res musulmans qui entendent imposer \u00e0 toutes les femmes le port du voile dans l&rsquo;espace public, avec cette ironie typiquement \u00e9gyptienne \u2014 ou nass\u00e9rienne \u2014 qui fait aussi de l&rsquo;exercice politique une plaisante d\u00e9monstration de l&rsquo;esprit, bien loin de la lourdeur bureaucratique actuelle. <br class=\"autobr\" \/><br \/>\nLeader ind\u00e9pendantiste tout \u00e0 la fois panarabe (\u2026)<\/p>\n<p><a target=\"_blank\" href=\"https:\/\/www.legrandsoir.info\/-nos-lecteurs-proposent-.html\" rel=\"directory\">Nos lecteurs proposent<\/a><br \/>\n \/ <a target=\"_blank\" href=\"https:\/\/www.legrandsoir.info\/+-egypte-+.html\" rel=\"tag\">Egypte<\/a><br \/>\n<br \/><br \/>\n<br \/><a href=\"https:\/\/www.legrandsoir.info\/regression-dans-le-monde-arabe-l-habit-fait-il-le-moine.html\" target=\"_blank\"\">Source link <\/a><\/p>\n","protected":false},"excerpt":{"rendered":"<p>La sc\u00e8ne est bien connue : lors d&rsquo;un discours datant de la fin des ann\u00e9es 1950, le pr\u00e9sident \u00e9gyptien Gamal Abdel Nasser raille ouvertement les dirigeants des Fr\u00e8res musulmans qui&hellip; <\/p>\n","protected":false},"author":1,"featured_media":2238,"comment_status":"open","ping_status":"open","sticky":false,"template":"","format":"standard","meta":{"footnotes":""},"categories":[1],"tags":[],"class_list":["post-2237","post","type-post","status-publish","format-standard","has-post-thumbnail","hentry","category-non-classe"],"_links":{"self":[{"href":"https:\/\/monde25.info\/index.php\/wp-json\/wp\/v2\/posts\/2237","targetHints":{"allow":["GET"]}}],"collection":[{"href":"https:\/\/monde25.info\/index.php\/wp-json\/wp\/v2\/posts"}],"about":[{"href":"https:\/\/monde25.info\/index.php\/wp-json\/wp\/v2\/types\/post"}],"author":[{"embeddable":true,"href":"https:\/\/monde25.info\/index.php\/wp-json\/wp\/v2\/users\/1"}],"replies":[{"embeddable":true,"href":"https:\/\/monde25.info\/index.php\/wp-json\/wp\/v2\/comments?post=2237"}],"version-history":[{"count":0,"href":"https:\/\/monde25.info\/index.php\/wp-json\/wp\/v2\/posts\/2237\/revisions"}],"wp:featuredmedia":[{"embeddable":true,"href":"https:\/\/monde25.info\/index.php\/wp-json\/wp\/v2\/media\/2238"}],"wp:attachment":[{"href":"https:\/\/monde25.info\/index.php\/wp-json\/wp\/v2\/media?parent=2237"}],"wp:term":[{"taxonomy":"category","embeddable":true,"href":"https:\/\/monde25.info\/index.php\/wp-json\/wp\/v2\/categories?post=2237"},{"taxonomy":"post_tag","embeddable":true,"href":"https:\/\/monde25.info\/index.php\/wp-json\/wp\/v2\/tags?post=2237"}],"curies":[{"name":"wp","href":"https:\/\/api.w.org\/{rel}","templated":true}]}}