{"id":22370,"date":"2026-01-13T22:39:37","date_gmt":"2026-01-13T21:39:37","guid":{"rendered":"https:\/\/monde25.info\/index.php\/2026\/01\/13\/lassemblee-nationale-adopte-une-resolution-contre-la-desinformation-climatique\/"},"modified":"2026-01-13T22:39:37","modified_gmt":"2026-01-13T21:39:37","slug":"lassemblee-nationale-adopte-une-resolution-contre-la-desinformation-climatique","status":"publish","type":"post","link":"https:\/\/monde25.info\/index.php\/2026\/01\/13\/lassemblee-nationale-adopte-une-resolution-contre-la-desinformation-climatique\/","title":{"rendered":"L&#039;Assembl\u00e9e nationale adopte une r\u00e9solution contre la d\u00e9sinformation climatique"},"content":{"rendered":"<p> <br \/>\n<br \/><img loading=\"lazy\" decoding=\"async\" src=\"https:\/\/reporterre.net\/local\/cache-vignettes\/L700xH467\/img_0337-poc-2-64446.jpg?1768318515\" class=\"spip_logo\" width=\"700\" height=\"467\" alt=\"\" \/><\/p>\n<p>Le 12\u00a0janvier, l&rsquo;Assembl\u00e9e nationale a adopt\u00e9 une r\u00e9solution \u00ab<small class=\"fine d-inline\">\u00a0<\/small>visant \u00e0 garantir l&rsquo;int\u00e9grit\u00e9 de l&rsquo;information sur le changement climatique face \u00e0 la d\u00e9sinformation climatique et aux ing\u00e9rences \u00e9trang\u00e8res<small class=\"fine d-inline\">\u00a0<\/small>\u00bb. Ce texte s&rsquo;adresse \u00e0 la fois au pouvoir ex\u00e9cutif fran\u00e7ais et \u00e0 celui de l&rsquo;Union europ\u00e9enne (<span class=\"caps\">UE<\/span>). <br class=\"autobr\" \/><br \/>\nLes d\u00e9put\u00e9s invitent la Commission europ\u00e9enne \u00e0 \u00ab<small class=\"fine d-inline\">\u00a0<\/small>se saisir de la lutte contre la d\u00e9sinformation climatique sous la forme d&rsquo;une feuille de route op\u00e9rationnelle sp\u00e9cifique, afin de\u00a0(\u2026)<\/p>\n<p>                    <a target=\"_blank\" href=\"https:\/\/reporterre.net\/L-Assemblee-nationale-adopte-une-resolution-contre-la-desinformation-climatique?utm_source=RSS&amp;utm_medium=RSS\">Lire la suite<\/a><\/p>\n<p>                    &#8211;<br \/>\n                        <a target=\"_blank\" href=\"https:\/\/reporterre.net\/Breves-20\" rel=\"directory\">En bref<\/a><\/p>\n<p>                    \/<br \/>\n                        <a target=\"_blank\" href=\"https:\/\/reporterre.net\/Politique\" rel=\"tag\">Politique<\/a><br \/>\n<br \/><br \/>\n<br \/><a href=\"https:\/\/reporterre.net\/L-Assemblee-nationale-adopte-une-resolution-contre-la-desinformation-climatique\" target=\"_blank\"\">Source link <\/a><\/p>\n","protected":false},"excerpt":{"rendered":"<p>Le 12\u00a0janvier, l&rsquo;Assembl\u00e9e nationale a adopt\u00e9 une r\u00e9solution \u00ab\u00a0visant \u00e0 garantir l&rsquo;int\u00e9grit\u00e9 de l&rsquo;information sur le changement climatique face \u00e0 la d\u00e9sinformation climatique et aux ing\u00e9rences \u00e9trang\u00e8res\u00a0\u00bb. Ce texte s&rsquo;adresse&hellip; <\/p>\n","protected":false},"author":1,"featured_media":0,"comment_status":"open","ping_status":"open","sticky":false,"template":"","format":"standard","meta":{"footnotes":""},"categories":[1],"tags":[],"class_list":["post-22370","post","type-post","status-publish","format-standard","hentry","category-non-classe"],"_links":{"self":[{"href":"https:\/\/monde25.info\/index.php\/wp-json\/wp\/v2\/posts\/22370","targetHints":{"allow":["GET"]}}],"collection":[{"href":"https:\/\/monde25.info\/index.php\/wp-json\/wp\/v2\/posts"}],"about":[{"href":"https:\/\/monde25.info\/index.php\/wp-json\/wp\/v2\/types\/post"}],"author":[{"embeddable":true,"href":"https:\/\/monde25.info\/index.php\/wp-json\/wp\/v2\/users\/1"}],"replies":[{"embeddable":true,"href":"https:\/\/monde25.info\/index.php\/wp-json\/wp\/v2\/comments?post=22370"}],"version-history":[{"count":0,"href":"https:\/\/monde25.info\/index.php\/wp-json\/wp\/v2\/posts\/22370\/revisions"}],"wp:attachment":[{"href":"https:\/\/monde25.info\/index.php\/wp-json\/wp\/v2\/media?parent=22370"}],"wp:term":[{"taxonomy":"category","embeddable":true,"href":"https:\/\/monde25.info\/index.php\/wp-json\/wp\/v2\/categories?post=22370"},{"taxonomy":"post_tag","embeddable":true,"href":"https:\/\/monde25.info\/index.php\/wp-json\/wp\/v2\/tags?post=22370"}],"curies":[{"name":"wp","href":"https:\/\/api.w.org\/{rel}","templated":true}]}}