{"id":22371,"date":"2026-01-13T23:45:12","date_gmt":"2026-01-13T22:45:12","guid":{"rendered":"https:\/\/monde25.info\/index.php\/2026\/01\/13\/mercosur-leurope-sort-le-tapis-rouge-pour-lagrobusiness-bresilien\/"},"modified":"2026-01-13T23:45:12","modified_gmt":"2026-01-13T22:45:12","slug":"mercosur-leurope-sort-le-tapis-rouge-pour-lagrobusiness-bresilien","status":"publish","type":"post","link":"https:\/\/monde25.info\/index.php\/2026\/01\/13\/mercosur-leurope-sort-le-tapis-rouge-pour-lagrobusiness-bresilien\/","title":{"rendered":"Mercosur : l\u2019Europe sort le tapis rouge pour l\u2019agrobusiness br\u00e9silien"},"content":{"rendered":"<p> <br \/>\n<\/p>\n<div>\n<p><strong>Attendu ou craint depuis un quart de si\u00e8cle, l&rsquo;accord de libre-\u00e9change entre l&rsquo;UE et le Mercosur devrait \u00eatre scell\u00e9 le 17 janvier. Une nouvelle \u00e8re commerciale, qui va largement profiter \u00e0 l\u2019agron\u00e9goce br\u00e9silien, d\u00e9j\u00e0 tout-puissant, au prix d\u2019un lourd tribut environnemental et social.<\/strong><\/p>\n<p>Premier exportateur mondial de soja, de b\u0153uf et de jus d\u2019orange, le Br\u00e9sil voit ses fili\u00e8res stars acc\u00e9der plus largement au march\u00e9 europ\u00e9en gr\u00e2ce \u00e0 des droits de douane abaiss\u00e9s ou supprim\u00e9s. Une perspective salu\u00e9e par le pr\u00e9sident Lula da Silva comme \u00ab un jour historique pour le multilat\u00e9ralisme \u00bb. Selon l\u2019Institut Insper de S\u00e3o Paulo, les exportations agricoles vers l\u2019UE pourraient progresser de 2 \u00e0 7 %. Un bond qui risque d\u2019acc\u00e9l\u00e9rer des dynamiques d\u00e9j\u00e0 destructrices. D\u2019apr\u00e8s le r\u00e9seau Mapbiomas, l\u2019agriculture industrielle a \u00e9t\u00e9 responsable de pr\u00e8s de 97 % de la d\u00e9forestation br\u00e9silienne entre 2019 et 2024. \u00ab La signature de cet accord provoque une demande en direction d\u2019activit\u00e9s historiquement li\u00e9es \u00e0 la d\u00e9forestation \u00bb, alerte Priscilla Papagiannis, du R\u00e9seau br\u00e9silien pour l\u2019int\u00e9gration des peuples (Rebrip). Comme le rappelle <a target=\"_blank\" href=\"https:\/\/reporterre.net\/Mercosur-l-agrobusiness-bresilien-le-grand-gagnant-de-l-accord\"><em>Reporterre<\/em><\/a>, un rapport remis au gouvernement fran\u00e7ais en 2020 estimait d\u00e9j\u00e0 que l\u2019augmentation de la production bovine pourrait entra\u00eener la disparition de 700 000 hectares de for\u00eats en six ans, pour 471 millions de tonnes de CO\u2082 \u00e9mises. Des projections prudentes, qui ne prennent pas en compte l\u2019alimentation animale ni l\u2019explosion des flux de transport.<\/p>\n<p>L\u2019accord consolide aussi une structure fonci\u00e8re ultra-concentr\u00e9e : 1 % des exploitations agricoles contr\u00f4lent pr\u00e8s de la moiti\u00e9 des terres cultiv\u00e9es. Le soja, le sucre et la viande bovine, piliers du trait\u00e9, sont majoritairement aux mains de grands propri\u00e9taires. Une m\u00e9canique d\u00e9nonc\u00e9e par le Mouvement des sans-terre et document\u00e9e par <em>Reporterre<\/em>, qui y voit un mod\u00e8le \u00ab reproduisant des asym\u00e9tries historiques \u00bb.<\/p>\n<p>Cerise sur le g\u00e2teau, les pesticides. Le Br\u00e9sil, premier consommateur mondial, concentre plus de 80 % de ses usages sur trois cultures. En 2024, l\u2019industrie chimique europ\u00e9enne y a export\u00e9 pr\u00e8s de 20 000 tonnes de substances pourtant interdites dans l\u2019UE, selon Public Eye et Unearthed. La g\u00e9ographe Larissa Bombardi parle d\u2019une \u00ab tertiarisation des d\u00e9g\u00e2ts \u00bb, rappelant que plus de 56 000 intoxications ont \u00e9t\u00e9 officiellement recens\u00e9es.<\/p>\n<p>C\u00f4t\u00e9 fran\u00e7ais, enfin, c&rsquo;est la garantie que nos agriculteurs peineront encore davantage \u00e0 tirer leur \u00e9pingle du jeu. Face \u00e0 des mastodontes de productivit\u00e9, ils ne pourront pas \u00eatre comp\u00e9titifs sur les tarifs, et devront compter sur le bon sens des consommateurs, qui pourront toujours pr\u00e9f\u00e9rer leurs produits \u00e0 ceux qui viennent de l&rsquo;autre bout du monde, sans \u00eatre plus qualitatifs.<\/p>\n<\/div>\n<p><script>(function(d, s, id) {  var js, fjs = d.getElementsByTagName(s)[0];  if (d.getElementById(id)) return;  js = d.createElement(s); js.id = id;  js.src = \"\/\/connect.facebook.net\/fr_FR\/sdk.js#xfbml=1&version=v2.3\";  fjs.parentNode.insertBefore(js, fjs);}(document, \"script\", \"facebook-jssdk\"));<\/script><br \/>\n<br \/><br \/>\n<br \/><a href=\"https:\/\/www.francesoir.fr\/politique-monde\/mercosur-l-europe-sort-le-tapis-rouge-pour-l-agrobusiness-bresilien\" target=\"_blank\"\">Source link <\/a><\/p>\n","protected":false},"excerpt":{"rendered":"<p>Attendu ou craint depuis un quart de si\u00e8cle, l&rsquo;accord de libre-\u00e9change entre l&rsquo;UE et le Mercosur devrait \u00eatre scell\u00e9 le 17 janvier. Une nouvelle \u00e8re commerciale, qui va largement profiter&hellip; <\/p>\n","protected":false},"author":1,"featured_media":22372,"comment_status":"open","ping_status":"open","sticky":false,"template":"","format":"standard","meta":{"footnotes":""},"categories":[1],"tags":[],"class_list":["post-22371","post","type-post","status-publish","format-standard","has-post-thumbnail","hentry","category-non-classe"],"_links":{"self":[{"href":"https:\/\/monde25.info\/index.php\/wp-json\/wp\/v2\/posts\/22371","targetHints":{"allow":["GET"]}}],"collection":[{"href":"https:\/\/monde25.info\/index.php\/wp-json\/wp\/v2\/posts"}],"about":[{"href":"https:\/\/monde25.info\/index.php\/wp-json\/wp\/v2\/types\/post"}],"author":[{"embeddable":true,"href":"https:\/\/monde25.info\/index.php\/wp-json\/wp\/v2\/users\/1"}],"replies":[{"embeddable":true,"href":"https:\/\/monde25.info\/index.php\/wp-json\/wp\/v2\/comments?post=22371"}],"version-history":[{"count":0,"href":"https:\/\/monde25.info\/index.php\/wp-json\/wp\/v2\/posts\/22371\/revisions"}],"wp:featuredmedia":[{"embeddable":true,"href":"https:\/\/monde25.info\/index.php\/wp-json\/wp\/v2\/media\/22372"}],"wp:attachment":[{"href":"https:\/\/monde25.info\/index.php\/wp-json\/wp\/v2\/media?parent=22371"}],"wp:term":[{"taxonomy":"category","embeddable":true,"href":"https:\/\/monde25.info\/index.php\/wp-json\/wp\/v2\/categories?post=22371"},{"taxonomy":"post_tag","embeddable":true,"href":"https:\/\/monde25.info\/index.php\/wp-json\/wp\/v2\/tags?post=22371"}],"curies":[{"name":"wp","href":"https:\/\/api.w.org\/{rel}","templated":true}]}}