{"id":22373,"date":"2026-01-14T00:18:41","date_gmt":"2026-01-13T23:18:41","guid":{"rendered":"https:\/\/monde25.info\/index.php\/2026\/01\/14\/on-avait-le-sentiment-de-navoir-commis-aucun-delit-assure-marine-le-pen-rt-en-francais\/"},"modified":"2026-01-14T00:18:41","modified_gmt":"2026-01-13T23:18:41","slug":"on-avait-le-sentiment-de-navoir-commis-aucun-delit-assure-marine-le-pen-rt-en-francais","status":"publish","type":"post","link":"https:\/\/monde25.info\/index.php\/2026\/01\/14\/on-avait-le-sentiment-de-navoir-commis-aucun-delit-assure-marine-le-pen-rt-en-francais\/","title":{"rendered":"\u00abOn avait le sentiment de n\u2019avoir commis aucun d\u00e9lit\u00bb, assure Marine Le Pen \u2014 RT en fran\u00e7ais"},"content":{"rendered":"<p> <br \/>\n<br \/><img decoding=\"async\" src=\"https:\/\/mf.b37mrtl.ru\/french\/images\/2026.01\/thumbnail\/6966a50987f3ec6a791cdfbc.jpg\" \/><\/p>\n<div>\n<p class=\"text__summary\">\n                                        Le proc\u00e8s en appel de l&rsquo;ex-pr\u00e9sidente du Rassemblement national et de 10 autres personnes, dans l&rsquo;affaire dite des assistants parlementaires europ\u00e9ens, s\u2019est ouvert ce 13 janvier. En premi\u00e8re instance, Marine Le Pen avait \u00e9t\u00e9 condamn\u00e9e \u00e0 quatre ans de prison dont deux ferme ainsi qu\u2019\u00e0 cinq ans d&rsquo;in\u00e9ligibilit\u00e9 avec ex\u00e9cution provisoire.\n                                    <\/p>\n<p>\u00ab\u00a0Je veux qu\u2019on sache qu\u2019on avait le sentiment de n\u2019avoir commis aucun d\u00e9lit quand en 2004, puis en 2009, puis en 2014, nous avons embauch\u00e9 des assistants, nous avons mutualis\u00e9 ces assistants\u00a0\u00bb, a affirm\u00e9 ce 13 janvier Marine Le Pen devant la cour d\u2019appel de Paris, selon des propos rapport\u00e9s par la presse fran\u00e7aise.<\/p>\n<p>\u00ab\u00a0Je veux bien entendre qu&rsquo;un d\u00e9lit a \u00e9t\u00e9 commis\u00a0\u00bb, a \u00e9galement d\u00e9clar\u00e9 la cheffe de file des d\u00e9put\u00e9s du Rassemblement national (RN), qui compara\u00eet avec 10 autres personnes dans l\u2019affaire dite des assistants parlementaires europ\u00e9ens. Assurant que \u00ab\u00a0rien\u00a0\u00bb n&rsquo;a \u00e9t\u00e9 \u00ab\u00a0dissimul\u00e9\u00a0\u00bb, elle\u00a0a point\u00e9 du doigt le Parlement europ\u00e9en qui avait \u00ab\u00a0connaissance des \u00e9l\u00e9ments d&rsquo;ensemble constitutifs de ces contrats\u00a0\u00bb litigieux et qui \u00ab\u00a0n&rsquo;a pas jou\u00e9 ce r\u00f4le d&rsquo;alerte tel qu&rsquo;il aurait d\u00fb\u00a0\u00bb le faire.<\/p>\n<p>Au c\u0153ur de cet appel figure l\u2019ex\u00e9cution provisoire de la peine de 5 ans d\u2019in\u00e9ligibilit\u00e9 qui a \u00e9t\u00e9 prononc\u00e9e en premi\u00e8re instance \u00e0 l\u2019encontre de Marine Le Pen et qui, si elle venait \u00e0 \u00eatre confirm\u00e9e, l\u2019emp\u00eacherait de se pr\u00e9senter \u00e0 l&rsquo;\u00e9lection pr\u00e9sidentielle de 2027. Lors de ce jugement, rendu fin mars 2025, l\u2019ancienne pr\u00e9sidente du RN avait \u00e9galement \u00e9t\u00e9 condamn\u00e9e \u00e0 4 ans d\u2019emprisonnement dont 2 fermes sous bracelet \u00e9lectronique et 100\u00a0000 euros d\u2019amende.<\/p>\n<h3>Proc\u00e8s en appel : l&rsquo;avocat du Parlement europ\u00e9en \u00ab\u00a0pas tr\u00e8s pessimiste sur l&rsquo;issue\u00a0\u00bb<\/h3>\n<p>Une d\u00e9cision qui interpelle, au-del\u00e0 de la classe politique fran\u00e7aise. \u00ab\u00a0L&rsquo;ex\u00e9cution provisoire doit \u00eatre motiv\u00e9e [&#8230;] par le risque de r\u00e9cidive, elle n&rsquo;est plus d\u00e9put\u00e9e europ\u00e9enne donc elle ne peut plus r\u00e9cidiver, et l&rsquo;autre c&rsquo;est l&rsquo;int\u00e9r\u00eat g\u00e9n\u00e9ral donc l&rsquo;ordre public\u00a0\u00bb, a d\u00e9clar\u00e9 sur BFMTV Louis Degos, b\u00e2tonnier du barreau de Paris.<\/p>\n<p>\u00ab\u00a0Pour la r\u00e9cidive, le juge a \u00e9t\u00e9 motiv\u00e9 par le d\u00e9ni de Marine Le Pen\u00a0\u00bb, a-t-il poursuivi, \u00ab\u00a0Mon probl\u00e8me, c&rsquo;est qu&rsquo;on ne juge pas madame Le Pen mais la fa\u00e7on dont elle se d\u00e9fend, le choix de cette d\u00e9fense ne devrait pas \u00eatre mis \u00e0 charge pour justifier une ex\u00e9cution provisoire. Pour l&rsquo;ordre public, on a parl\u00e9 d&rsquo;ordre public d\u00e9mocratique, moi je ne sais pas trop ce que c&rsquo;est\u00a0\u00bb.<\/p>\n<p>De son c\u00f4t\u00e9, l\u2019un des avocats du Parlement europ\u00e9en, Ma\u00eetre Patrick Maisonneuve, qui s\u2019est constitu\u00e9 partie civile, s\u2019est d\u00e9clar\u00e9 \u00ab\u00a0un peu \u00e9tonn\u00e9\u00a0\u00bb de l\u2019\u00ab\u00a0\u00e9volution\u00a0\u00bb \u00e0 ses yeux de la strat\u00e9gie de Marine Le Pen et de ses copr\u00e9venus. \u00ab\u00a0Je ne suis pas tr\u00e8s pessimiste sur l&rsquo;issue et les d\u00e9clarations de culpabilit\u00e9\u00a0\u00bb, avait-il d\u00e9clar\u00e9 sur RTL dans la matin\u00e9e, assurant se rendre au proc\u00e8s \u00ab\u00a0avec l&rsquo;\u00e9tat d&rsquo;esprit d&rsquo;obtenir la confirmation de la d\u00e9cision des premiers juges\u00a0\u00bb.<\/p>\n<\/div>\n<p><br \/>\n<br \/><a href=\"https:\/\/francais.rt.com\/france\/129367-affaire-assistants-parlementaires-europeens-sentiment\" target=\"_blank\"\">Source link <\/a><\/p>\n","protected":false},"excerpt":{"rendered":"<p>Le proc\u00e8s en appel de l&rsquo;ex-pr\u00e9sidente du Rassemblement national et de 10 autres personnes, dans l&rsquo;affaire dite des assistants parlementaires europ\u00e9ens, s\u2019est ouvert ce 13 janvier. En premi\u00e8re instance, Marine&hellip; <\/p>\n","protected":false},"author":1,"featured_media":22374,"comment_status":"open","ping_status":"open","sticky":false,"template":"","format":"standard","meta":{"footnotes":""},"categories":[1],"tags":[],"class_list":["post-22373","post","type-post","status-publish","format-standard","has-post-thumbnail","hentry","category-non-classe"],"_links":{"self":[{"href":"https:\/\/monde25.info\/index.php\/wp-json\/wp\/v2\/posts\/22373","targetHints":{"allow":["GET"]}}],"collection":[{"href":"https:\/\/monde25.info\/index.php\/wp-json\/wp\/v2\/posts"}],"about":[{"href":"https:\/\/monde25.info\/index.php\/wp-json\/wp\/v2\/types\/post"}],"author":[{"embeddable":true,"href":"https:\/\/monde25.info\/index.php\/wp-json\/wp\/v2\/users\/1"}],"replies":[{"embeddable":true,"href":"https:\/\/monde25.info\/index.php\/wp-json\/wp\/v2\/comments?post=22373"}],"version-history":[{"count":0,"href":"https:\/\/monde25.info\/index.php\/wp-json\/wp\/v2\/posts\/22373\/revisions"}],"wp:featuredmedia":[{"embeddable":true,"href":"https:\/\/monde25.info\/index.php\/wp-json\/wp\/v2\/media\/22374"}],"wp:attachment":[{"href":"https:\/\/monde25.info\/index.php\/wp-json\/wp\/v2\/media?parent=22373"}],"wp:term":[{"taxonomy":"category","embeddable":true,"href":"https:\/\/monde25.info\/index.php\/wp-json\/wp\/v2\/categories?post=22373"},{"taxonomy":"post_tag","embeddable":true,"href":"https:\/\/monde25.info\/index.php\/wp-json\/wp\/v2\/tags?post=22373"}],"curies":[{"name":"wp","href":"https:\/\/api.w.org\/{rel}","templated":true}]}}