{"id":22375,"date":"2026-01-14T00:52:11","date_gmt":"2026-01-13T23:52:11","guid":{"rendered":"https:\/\/monde25.info\/index.php\/2026\/01\/14\/utiliser-les-massacres-dhier-pour-justifier-ceux-daujourdhui\/"},"modified":"2026-01-14T00:52:11","modified_gmt":"2026-01-13T23:52:11","slug":"utiliser-les-massacres-dhier-pour-justifier-ceux-daujourdhui","status":"publish","type":"post","link":"https:\/\/monde25.info\/index.php\/2026\/01\/14\/utiliser-les-massacres-dhier-pour-justifier-ceux-daujourdhui\/","title":{"rendered":"Utiliser les massacres d&rsquo;hier pour justifier ceux d&rsquo;aujourd&rsquo;hui ?"},"content":{"rendered":"<p> <br \/>\n<\/p>\n<div id=\"\">\n<p>On peut lire dans ce \u00ab\u00a0Message\u00a0\u00bb (c\u2019est nous qui soulignons)\u00a0: \u00ab\u00a0(&#8230;) Le 7 octobre 2023, le Hamas une organisation terroriste islamiste dont le projet est d\u2019assassiner les Juifs et de d\u00e9truire l\u2019\u00c9tat d\u2019Isra\u00ebl a perp\u00e9tr\u00e9 un massacre barbare de civils sans d\u00e9fense. Des personnes \u00e2g\u00e9es, des jeunes filles des enfants ont \u00e9t\u00e9 assassin\u00e9s, violent\u00e9s et pris en otage.<\/p>\n<p>Nous sommes tous boulevers\u00e9s, meurtris et solidaires de l\u2019\u00c9tat d\u2019Isra\u00ebl et de toute sa population comme nous l\u2019\u00e9tions avec les victimes et leurs familles apr\u00e8s Montauban, Toulouse, l\u2019hyper-cacher, Charlie-Hebdo, le Bataclan, Nice et de tous les attentats terroristes islamistes meurtriers qui ont frapp\u00e9 notre pays.<\/p>\n<p>(&#8230;) Nous pensons tout particuli\u00e8rement aux 240 otages aux mains du Hamas parmi eux 40 enfants dont un nourrisson. 40 fran\u00e7ais ont \u00e9t\u00e9 assassin\u00e9s et 8 port\u00e9s disparus, dont certains sont parmi les otages.<\/p>\n<p>(&#8230;) Les \u00e9v\u00e8nements qui se d\u00e9roulent en Isra\u00ebl et \u00e0 Gaza ont amen\u00e9 une hausse sans pr\u00e9c\u00e8dent des actes antis\u00e9mites, non seulement en France mais \u00e0 l\u2019\u00e9chelle mondiale. A c\u00f4t\u00e9 des r\u00e9ponses s\u00e9curitaires, politiques, juridiques, l\u2019\u00e9ducation joue un r\u00f4le central<\/p>\n<p>(&#8230;) Le M\u00e9morial de la Shoah va poursuivre et amplifier avec d\u00e9termination son action, en particulier son travail d\u2019\u00e9ducation contre les cons\u00e9quences de l\u2019intol\u00e9rance, de l\u2019antis\u00e9mitisme et du racisme dans l\u2019Histoire de la Shoah et des g\u00e9nocides.\u00a0\u00bb<\/p>\n<p>Ce \u00ab\u00a0Message\u00a0\u00bb est adress\u00e9 aux 5 184 groupes de scolaires, aux 6 784 enseignants en 2024 (*).<\/p>\n<p>\u0152uvre d\u2019\u00e9ducation ou soutien revendiqu\u00e9 \u00e0 la politique g\u00e9nocidaire de Netanyahu\u00a0? Faudrait-il inculquer aux jeunes g\u00e9n\u00e9rations qu\u2019il faut \u00ab\u00a0\u00eatre solidaires de l\u2019\u00c9tat d\u2019Isra\u00ebl\u00a0\u00bb quoi qu\u2019il arrive, au nom de la Shoah\u00a0?<\/p>\n<p>Que r\u00e9pondent les r\u00e9dacteurs de ce \u00ab\u00a0Message\u00a0\u00bb \u00e0 Katharina Galor, Isra\u00e9lienne, professeure en \u00e9tudes juives et en urbanisme \u00e0 l\u2019universit\u00e9 Brown (\u00c9tats-Unis) quand elle d\u00e9clare\u00a0: \u00ab\u00a0En tant que fille d\u2019un survivant d\u2019Auschwitz, je ne peux pas garder le silence devant ce que mon pays inflige aux Palestiniens de Gaza. Le serment du \u00ab\u00a0plus jamais\u00a0\u00bb ne peut conserver sa dignit\u00e9 que s\u2019il englobe chaque vie humaine, sans distinction. La souffrance du peuple isra\u00e9lien apr\u00e8s le 7 octobre ne peut justifier l\u2019effacement d\u2019un autre peuple.\u00a0\u00bb\u00a0?<\/p>\n<p>Que disent-ils \u00e0 Marione Ingram, 88 ans, survivante de la Shoah qui, sur le campus de l\u2019Universit\u00e9 George Washington, est all\u00e9e soutenir les \u00e9tudiants oppos\u00e9s au g\u00e9nocide en cours \u00e0 Gaza pour leur dire\u00a0: \u00ab\u00a0Je viens ici parce qu\u2019en tant que survivante de l\u2019Holocauste juive, je me sens oblig\u00e9e\u00a0\u00bb&#8230; \u00ab\u00a0Je revis mon enfance tous les jours, toutes les nuits, c\u2019est une boucle continue. Tout ce que vit Gaza, j\u2019ai d\u00fb le traverser &#8230; \u00ab\u00a0Je reconnais tous les signes d\u2019un peuple qui essaie d\u2019en annihiler un autre &#8230; \u00ab\u00a0C\u2019est ce que les Juifs ont eu \u00e0 endurer sous les Nazis.\u00a0\u00bb\u00a0?<\/p>\n<p>Que pensent-ils de ces plusieurs milliers d\u2019Isra\u00e9liens qui ont scand\u00e9 des slogans et brandi des drapeaux lors d\u2019une manifestation le 19 mars 2025 pr\u00e8s de la Knesset, \u00e0 J\u00e9rusalem, contre la reprise des frappes sur Gaza, appelant \u00e0 un accord sur les otages\u00a0?<\/p>\n<p>O\u00f9 est le M\u00e9morial de la Shoah quand les proches de Donald Trump font le salut nazi devant les cam\u00e9ras\u00a0?<\/p>\n<p>Que dit le M\u00e9morial de la Shoah quand N\u00e9tanyahou qualifie Elon Musk d\u2019ami d\u2019Isra\u00ebl, ou quand son parti, le Likoud, rejoint la F\u00e9d\u00e9ration europ\u00e9enne des partis d\u2019extr\u00eame-droite aux c\u00f4t\u00e9s par exemple du FP\u00d6 autrichien dont les liens avec le nazisme sont av\u00e9r\u00e9s\u00a0?<\/p>\n<p>La droite occidentale d\u00e9roule le tapis rouge aux n\u00e9onazis, et le M\u00e9morial de la Shoah \u00e9pargne les complices de cette forfaiture.<\/p>\n<p>Le \u00ab\u00a0M\u00e9morial de la Shoah\u00a0\u00bb est un organisme priv\u00e9. Il a le \u00ab\u00a0droit\u00a0\u00bb d\u2019exprimer son opinion. Mais que cet organisme priv\u00e9, intervenant aupr\u00e8s de dizaines de milliers d\u2019\u00e9l\u00e8ves, organisant des voyages scolaires pour des milliers de classes de l\u2019\u00c9cole de la R\u00e9publique, pr\u00e9tendant \u00ab\u00a0former\u00a0\u00bb des milliers d\u2019enseignants, puisse d\u00e9velopper ses positions par ce \u00ab\u00a0Message\u00a0\u00bb est une atteinte grave \u00e0 la la\u00efcit\u00e9 de l\u2019\u00c9cole.<\/p>\n<p>Les \u00ab\u00a0personnalit\u00e9s\u00a0\u00bb qui s\u2019illustrent dans ce qu\u2019elles appellent \u00ab\u00a0la d\u00e9fense des valeurs de la R\u00e9publique\u00a0\u00bb o\u00f9 sont-elles\u00a0? Manifestement, elles ne trouvent rien \u00e0 redire.<\/p>\n<p>Pour la Libre Pens\u00e9e, la la\u00efcit\u00e9 c\u2019est aussi un examen des faits historiques par une pens\u00e9e libre, inf\u00e9od\u00e9e \u00e0 aucune id\u00e9ologie, \u00e0 un aucun gouvernement.<\/p>\n<p>La F\u00e9d\u00e9ration nationale de la Libre Pens\u00e9e<br class=\"autobr\"\/><br \/>\nParis, le 1er janvier 2026<\/p>\n<p>(*) Donn\u00e9es nationales du Rapport de l\u2019ann\u00e9e 2024 de M.\u00a0Eric de Rothschild, pr\u00e9sident du M\u00e9morial de la Shoah<\/p>\n<\/div>\n<p><br \/>\n<br \/><a href=\"https:\/\/www.legrandsoir.info\/utiliser-les-massacres-d-hier-pour-justifier-ceux-d-aujourd-hui.html\" target=\"_blank\"\">Source link <\/a><\/p>\n","protected":false},"excerpt":{"rendered":"<p>On peut lire dans ce \u00ab\u00a0Message\u00a0\u00bb (c\u2019est nous qui soulignons)\u00a0: \u00ab\u00a0(&#8230;) Le 7 octobre 2023, le Hamas une organisation terroriste islamiste dont le projet est d\u2019assassiner les Juifs et de&hellip; <\/p>\n","protected":false},"author":1,"featured_media":22376,"comment_status":"open","ping_status":"open","sticky":false,"template":"","format":"standard","meta":{"footnotes":""},"categories":[1],"tags":[],"class_list":["post-22375","post","type-post","status-publish","format-standard","has-post-thumbnail","hentry","category-non-classe"],"_links":{"self":[{"href":"https:\/\/monde25.info\/index.php\/wp-json\/wp\/v2\/posts\/22375","targetHints":{"allow":["GET"]}}],"collection":[{"href":"https:\/\/monde25.info\/index.php\/wp-json\/wp\/v2\/posts"}],"about":[{"href":"https:\/\/monde25.info\/index.php\/wp-json\/wp\/v2\/types\/post"}],"author":[{"embeddable":true,"href":"https:\/\/monde25.info\/index.php\/wp-json\/wp\/v2\/users\/1"}],"replies":[{"embeddable":true,"href":"https:\/\/monde25.info\/index.php\/wp-json\/wp\/v2\/comments?post=22375"}],"version-history":[{"count":0,"href":"https:\/\/monde25.info\/index.php\/wp-json\/wp\/v2\/posts\/22375\/revisions"}],"wp:featuredmedia":[{"embeddable":true,"href":"https:\/\/monde25.info\/index.php\/wp-json\/wp\/v2\/media\/22376"}],"wp:attachment":[{"href":"https:\/\/monde25.info\/index.php\/wp-json\/wp\/v2\/media?parent=22375"}],"wp:term":[{"taxonomy":"category","embeddable":true,"href":"https:\/\/monde25.info\/index.php\/wp-json\/wp\/v2\/categories?post=22375"},{"taxonomy":"post_tag","embeddable":true,"href":"https:\/\/monde25.info\/index.php\/wp-json\/wp\/v2\/tags?post=22375"}],"curies":[{"name":"wp","href":"https:\/\/api.w.org\/{rel}","templated":true}]}}