{"id":22377,"date":"2026-01-14T01:57:42","date_gmt":"2026-01-14T00:57:42","guid":{"rendered":"https:\/\/monde25.info\/index.php\/2026\/01\/14\/budget-2026-letat-veut-effacer-les-dettes-dair-france\/"},"modified":"2026-01-14T01:57:42","modified_gmt":"2026-01-14T00:57:42","slug":"budget-2026-letat-veut-effacer-les-dettes-dair-france","status":"publish","type":"post","link":"https:\/\/monde25.info\/index.php\/2026\/01\/14\/budget-2026-letat-veut-effacer-les-dettes-dair-france\/","title":{"rendered":"Budget 2026\u00a0: l&#039;\u00c9tat veut effacer les dettes d&#039;Air France"},"content":{"rendered":"<p> <br \/>\n<br \/><img loading=\"lazy\" decoding=\"async\" src=\"https:\/\/reporterre.net\/local\/cache-vignettes\/L700xH467\/fly-airplane-aircraft-jet-vehicle-airline-1052626-pxhere_com-cb6d5.jpg?1768317941\" class=\"spip_logo\" width=\"700\" height=\"467\" alt=\"\" \/><\/p>\n<p>Air France va-t-elle b\u00e9n\u00e9ficier d&rsquo;un effacement de cr\u00e9ances de la part de l&rsquo;\u00c9tat<small class=\"fine d-inline\">\u00a0<\/small>? C&rsquo;est en tout cas ce que veut permettre le projet de loi de finances (<span class=\"caps\">PLF<\/span>) 2026 dont l&rsquo;examen a repris le 13\u00a0janvier \u00e0 l&rsquo;Assembl\u00e9e nationale. Cette mesure, pass\u00e9e jusque-l\u00e0 inaper\u00e7ue, a \u00e9t\u00e9 r\u00e9v\u00e9l\u00e9e par La Lettre. <br class=\"autobr\" \/><br \/>\nLors de la pand\u00e9mie de Covid, Air-France\u00a0<span class=\"caps\">KLM<\/span> avait b\u00e9n\u00e9fici\u00e9 d&rsquo;aides de l&rsquo;\u00c9tat \u00e0 hauteur d&rsquo;un maximum de 1,4\u00a0milliard d&rsquo;euros afin de compenser les pertes importantes subies par la compagnie, sans\u00a0(\u2026)<\/p>\n<p>                    <a target=\"_blank\" href=\"https:\/\/reporterre.net\/Budget-2026-L-Etat-veut-effacer-l-ardoise-d-Air-France?utm_source=RSS&amp;utm_medium=RSS\">Lire la suite<\/a><\/p>\n<p>                    &#8211;<br \/>\n                        <a target=\"_blank\" href=\"https:\/\/reporterre.net\/Breves-20\" rel=\"directory\">En bref<\/a><\/p>\n<p>                    \/<br \/>\n                        <a target=\"_blank\" href=\"https:\/\/reporterre.net\/Transports\" rel=\"tag\">Transports<\/a><br \/>\n<br \/><br \/>\n<br \/><a href=\"https:\/\/reporterre.net\/Budget-2026-L-Etat-veut-effacer-l-ardoise-d-Air-France\" target=\"_blank\"\">Source link <\/a><\/p>\n","protected":false},"excerpt":{"rendered":"<p>Air France va-t-elle b\u00e9n\u00e9ficier d&rsquo;un effacement de cr\u00e9ances de la part de l&rsquo;\u00c9tat\u00a0? C&rsquo;est en tout cas ce que veut permettre le projet de loi de finances (PLF) 2026 dont&hellip; <\/p>\n","protected":false},"author":1,"featured_media":0,"comment_status":"open","ping_status":"open","sticky":false,"template":"","format":"standard","meta":{"footnotes":""},"categories":[1],"tags":[],"class_list":["post-22377","post","type-post","status-publish","format-standard","hentry","category-non-classe"],"_links":{"self":[{"href":"https:\/\/monde25.info\/index.php\/wp-json\/wp\/v2\/posts\/22377","targetHints":{"allow":["GET"]}}],"collection":[{"href":"https:\/\/monde25.info\/index.php\/wp-json\/wp\/v2\/posts"}],"about":[{"href":"https:\/\/monde25.info\/index.php\/wp-json\/wp\/v2\/types\/post"}],"author":[{"embeddable":true,"href":"https:\/\/monde25.info\/index.php\/wp-json\/wp\/v2\/users\/1"}],"replies":[{"embeddable":true,"href":"https:\/\/monde25.info\/index.php\/wp-json\/wp\/v2\/comments?post=22377"}],"version-history":[{"count":0,"href":"https:\/\/monde25.info\/index.php\/wp-json\/wp\/v2\/posts\/22377\/revisions"}],"wp:attachment":[{"href":"https:\/\/monde25.info\/index.php\/wp-json\/wp\/v2\/media?parent=22377"}],"wp:term":[{"taxonomy":"category","embeddable":true,"href":"https:\/\/monde25.info\/index.php\/wp-json\/wp\/v2\/categories?post=22377"},{"taxonomy":"post_tag","embeddable":true,"href":"https:\/\/monde25.info\/index.php\/wp-json\/wp\/v2\/tags?post=22377"}],"curies":[{"name":"wp","href":"https:\/\/api.w.org\/{rel}","templated":true}]}}