{"id":22378,"date":"2026-01-14T03:03:42","date_gmt":"2026-01-14T02:03:42","guid":{"rendered":"https:\/\/monde25.info\/index.php\/2026\/01\/14\/brigittegate-une-condamnation-severe-qui-interroge-limpartialite-de-la-justice-francaise\/"},"modified":"2026-01-14T03:03:42","modified_gmt":"2026-01-14T02:03:42","slug":"brigittegate-une-condamnation-severe-qui-interroge-limpartialite-de-la-justice-francaise","status":"publish","type":"post","link":"https:\/\/monde25.info\/index.php\/2026\/01\/14\/brigittegate-une-condamnation-severe-qui-interroge-limpartialite-de-la-justice-francaise\/","title":{"rendered":"Brigittegate : une condamnation s\u00e9v\u00e8re qui interroge l&rsquo;impartialit\u00e9 de la justice fran\u00e7aise"},"content":{"rendered":"<p> <br \/>\n<\/p>\n<div>\n<p>Dans un verdict rendu le 5 janvier 2026 par le tribunal correctionnel de Paris, dix personnes ont \u00e9t\u00e9 condamn\u00e9es pour harc\u00e8lement moral en ligne dans l&rsquo;affaire dite \u00ab\u00a0Brigittegate\u00a0\u00bb. \u00a0<\/p>\n<p>Les autorit\u00e9s semblent consid\u00e9rer qu&rsquo;il y a des rumeurs persistantes, sans fondements, qualifi\u00e9es d&rsquo;infox transphobes, qui all\u00e8guent que Brigitte Macron serait une personne transgenre n\u00e9e sous le nom de Jean-Michel Trogneux, son fr\u00e8re. Pourtant en juillet 2025, la justice, en relaxant Natacha Rey et Amandine Roy, a \u00e9cart\u00e9 le qualificatif transphobe :\u00a0<\/p>\n<blockquote>\n<p>\u00ab\u00a0<em>L&rsquo;imputation d&rsquo;une transition de genre n&rsquo;est pas de nature \u00e0 porter \u00e0 l&rsquo;honneur ou \u00e0 la consid\u00e9ration<\/em>\u00a0\u00bb.\u00a0<\/p>\n<\/blockquote>\n<p>Les autorit\u00e9s d\u00e9noncent \u00e9galement des accusations infond\u00e9es de p\u00e9docriminalit\u00e9 li\u00e9es \u00e0 la diff\u00e9rence d&rsquo;\u00e2ge entre les \u00e9poux (Brigitte Macron a 72 ans et Emmanuel Macron 48 ans) et plus particuli\u00e8rement \u00e0 l\u2019\u00e2ge d\u2019Emmanuel Macron (14 ans) lors de leur rencontre remontant \u00e0 l&rsquo;\u00e9poque o\u00f9 il \u00e9tait sous l\u2019autorit\u00e9 de Brigitte Macron sa professeure de th\u00e9\u00e2tre au lyc\u00e9e La Providence \u00e0 Amiens. Quant aux preuves avanc\u00e9es, notamment celles pr\u00e9sent\u00e9es <a target=\"_blank\" href=\"https:\/\/www.francesoir.fr\/opinions-tribunes\/le-best-seller-mondial-qui-va-atomiser-la-mafia-macronescu\">dans le livre de Xavier Poussard<\/a> qui n\u2019a pas fait partie des pr\u00e9venus ou sur <a target=\"_blank\" href=\"http:\/\/pressibus.free.fr\/gen\/trogneux\/sur.html\">le site Pressibus<\/a>, elles n&rsquo;ont pas \u00e9t\u00e9 \u00e9tudi\u00e9es par la Justice, ni m\u00eame par les grands m\u00e9dias et n&rsquo;ont pas donn\u00e9 lieu \u00e0 des d\u00e9n\u00e9gations factuelles par les autorit\u00e9s.<\/p>\n<p>R\u00e9sum\u00e9 vid\u00e9o de l&rsquo;article :<iframe loading=\"lazy\" title=\"BrigitteGate   la condamnation qui interroge la justice fran\u00e7aise\" width=\"1110\" height=\"624\" src=\"https:\/\/www.youtube.com\/embed\/r_Vfi4mQ8y0?feature=oembed\" frameborder=\"0\" allow=\"accelerometer; autoplay; clipboard-write; encrypted-media; gyroscope; picture-in-picture; web-share\" referrerpolicy=\"strict-origin-when-cross-origin\" allowfullscreen><\/iframe><\/p>\n<p>Si la d\u00e9cision vise \u00e0 prot\u00e9ger la vie priv\u00e9e d&rsquo;une figure publique, elle soul\u00e8ve de vives interrogations sur sa s\u00e9v\u00e9rit\u00e9 punitive, son apparente partialit\u00e9 et les implications plus larges pour la libert\u00e9 d&rsquo;expression en France. \u00c0 l&rsquo;heure o\u00f9 le pr\u00e9sident Emmanuel Macron promeut des initiatives comme la D\u00e9claration de Paris et une labellisation des m\u00e9dias, ce jugement appara\u00eet \u00e0 certains comme un outil de contr\u00f4le, remettant en cause l&rsquo;ind\u00e9pendance judiciaire et les bases factuelles sur lesquelles des d\u00e9cisions de justice sont prises dans un pays historiquement attach\u00e9 aux id\u00e9aux voltairiens.<\/p>\n<p><strong>\u00a0<\/strong><\/p>\n<h5><strong>Un verdict punitif aux allures de mesure exemplaire<\/strong><\/h5>\n<p>Le tribunal, pr\u00e9sid\u00e9 par Thierry Donnard, a inflig\u00e9 des peines allant de 4 \u00e0 8 mois de prison avec sursis pour la plupart des pr\u00e9venus, avec un cas de 6 mois ferme. Des amendes et des dommages et int\u00e9r\u00eats ont \u00e9galement \u00e9t\u00e9 ordonn\u00e9s, bien que les montants exacts n&rsquo;aient pas \u00e9t\u00e9 d\u00e9taill\u00e9s publiquement. Parmi les condamn\u00e9s figurent des profils vari\u00e9s : Aur\u00e9lien Poirson-Atlan (alias Zo\u00e9 Sagan), condamn\u00e9 \u00e0 8 mois avec sursis pour des messages sur X ; Delphine Jegousse (alias Amandine Roy), m\u00e9dium, \u00e0 6 mois avec sursis ; et Bertrand Scholler, galeriste, \u00e0 6 mois avec sursis. Un pr\u00e9venu handicap\u00e9 \u00e0 80 %, absent au proc\u00e8s, a \u00e9t\u00e9 jug\u00e9 en son absence, renfor\u00e7ant les critiques sur l&rsquo;inhumanit\u00e9 de la proc\u00e9dure.<\/p>\n<p><img decoding=\"async\" data-entity-uuid=\"d881b0f3-a97c-458a-a8e5-30b12f659db3\" data-entity-type=\"file\" alt=\"B02\" width=\"945\" height=\"567\" loading=\"lazy\" class=\"lazyload\" src=\"https:\/\/www.francesoir.fr\/sites\/default\/files\/inline-images\/image_928.png\"\/><\/p>\n<p>Cette s\u00e9v\u00e9rit\u00e9 contraste avec d&rsquo;autres affaires de harc\u00e8lement en ligne en France. <a target=\"_blank\" href=\"https:\/\/www.service-public.gouv.fr\/particuliers\/vosdroits\/F32239\">Selon le Code p\u00e9nal, le harc\u00e8lement moral<\/a> en ligne est puni de jusqu&rsquo;\u00e0 2 ans d&#8217;emprisonnement et 30 000 euros d&rsquo;amende, port\u00e9 \u00e0 3 ans et 45 000 euros avec des circonstances aggravantes comme le sexisme ou la discrimination li\u00e9e au genre.<\/p>\n<p>Par exemple, dans des cas de cyberharc\u00e8lement impliquant des mineurs ou des violences sexuelles, les peines peuvent atteindre 3 ans ferme, mais souvent, pour des propos isol\u00e9s ou non coordonn\u00e9s,<a target=\"_blank\" href=\"https:\/\/www.cybermalveillance.gouv.fr\/medias\/2022\/09\/230422_FicheReflexe_Cyberharcelement.pdf\"> les tribunaux optent pour des amendes ou des sursis l\u00e9gers<\/a>. Ici, les peines paraissent disproportionn\u00e9es au regard de relaxes ant\u00e9rieures dans la m\u00eame affaire pour diffamation en juillet 2025, o\u00f9 la cour d&rsquo;appel avait estim\u00e9 que l&rsquo;imputation d&rsquo;une transition de genre n&rsquo;\u00e9tait pas diffamatoire en soi.<\/p>\n<p>Les juges ont motiv\u00e9 leur d\u00e9cision par une \u00ab\u00a0<em>volont\u00e9 de nuire<\/em>\u00a0\u00bb collective, alors que les individus \u00e9taient isol\u00e9s, qualifiant les propos de \u00ab\u00a0<em>malveillants et d\u00e9gradants<\/em>\u00a0\u00bb. Le tribunal a reconnu la r\u00e9p\u00e9tition des actes, mais sans preuve d&rsquo;une coordination formelle. Cette approche collective \u00e9voque pour les critiques <strong>un d\u00e9lib\u00e9r\u00e9 \u00ab\u00a0<\/strong><em><strong>\u00e9crit d&rsquo;avance<\/strong><\/em><strong>\u00a0\u00bb<\/strong>, <strong>taill\u00e9 sur mesure pour envoyer un signal fort<\/strong>, surtout dans un contexte o\u00f9 Brigitte Macron, plaignante, a d\u00e9clar\u00e9 vouloir \u00ab\u00a0<em>montrer l&rsquo;exemple<\/em>\u00a0\u00bb sans m\u00eame assister au proc\u00e8s\u00a0!<\/p>\n<p>Refusant une expertise psychologique alors qu\u2019elle a affirm\u00e9 ne pas avoir lu les messages incrimin\u00e9s, c\u2019est sa fille qui a eu la lourde t\u00e2che d\u2019apporter un t\u00e9moignage que la plaignante \u00e9tait \u00ab\u00a0<em>tr\u00e8s affect\u00e9e<\/em>\u00a0\u00bb par cette histoire. La prise en compte de ce t\u00e9moignage par le tribunal est assez d\u00e9concertante car \u00e9tant donn\u00e9 les liens de parent\u00e9 de Tiphaine Auzi\u00e8re avec Brigitte Macron, il ne devrait pas avoir de r\u00e9elle valeur probante \u2013certains observateurs le qualifient de\u00a0<\/p>\n<blockquote>\n<p>\u00ab\u00a0<em>t\u00e9moignage de complaisance d\u2019une personne n\u2019ayant aucune formation psychologique ou m\u00e9dicale<\/em>\u00a0\u00bb. De plus, comme un th\u00e9rapeute nous l\u2019indique, \u00ab\u00a0<em>quand on consid\u00e8re l\u2019agenda charg\u00e9 et les nombreuses rencontres publiques de Brigitte Macron, l&rsquo;\u00e9tat psychologique de cette derni\u00e8re ne semble gu\u00e8re avoir \u00e9t\u00e9 d\u00e9grad\u00e9. Une personne victime de harc\u00e8lement a au contraire tendance \u00e0 s&rsquo;isoler.<\/em>\u00a0\u00bb\u00a0<\/p>\n<\/blockquote>\n<p><a target=\"_blank\" href=\"https:\/\/arverne.earth\/gouvernance\/\">En outre une question subsiste sur la proximit\u00e9 temporelle avec son t\u00e9moignage, de la nomination de Tiphaine Auzi\u00e8re en tant qu\u2019administratrice de la soci\u00e9t\u00e9\u00a0Arverne.<\/a> \u00a0A ce jour, Brigitte Macron n\u2019a jamais propos\u00e9 une preuve irr\u00e9futable de son genre, ce qui aurait cl\u00f4tur\u00e9 le sujet, et rendu la d\u00e9cision des magistrats sans appel\u00a0!<\/p>\n<p><img decoding=\"async\" data-entity-uuid=\"13833552-8298-41a3-a3fb-f0e7eb0ddec8\" data-entity-type=\"file\" alt=\"B01\" width=\"945\" height=\"567\" loading=\"lazy\" class=\"lazyload\" src=\"https:\/\/www.francesoir.fr\/sites\/default\/files\/inline-images\/image_927.png\"\/><\/p>\n<p>Cette d\u00e9cision intervient apr\u00e8s deux relaxes en juillet 2025 dans une affaire connexe pour diffamation, o\u00f9 deux femmes (Amandine Roy et Natacha Rey) avaient \u00e9t\u00e9 initialement condamn\u00e9es en premi\u00e8re instance en septembre 2024, mais relax\u00e9es en appel alors que Brigitte Macron et Jean-Michel Trogneux ne sont pas apparus au proc\u00e8s et ont fait montre de leur identit\u00e9 avec dans un premier temps une simple carte d\u2019\u00e9lecteur et dans un second temps une carte d\u2019identit\u00e9 p\u00e9rim\u00e9e pour Jean-Michel Trogneux. Ce dernier semble s\u2019\u00eatre volatilis\u00e9 alors que sa \u00ab\u00a0ni\u00e8ce\u00a0\u00bb a d\u00e9clar\u00e9 lors du proc\u00e8s qu\u2019il se portait tr\u00e8s bien et qu\u2019elle l\u2019avait vu r\u00e9cemment. Sans preuve \u00e0 l\u2019appui, cela n\u2019aurait-il pas d\u00fb \u00eatre consid\u00e9r\u00e9 par le tribunal comme du \u00ab\u00a0<em>lyrisme<\/em>\u00a0\u00bb.\u00a0 Brigitte Macron s\u2019est pourvue en cassation contre cette relaxe. Le parquet avait requis des peines de 3 \u00e0 12 mois avec sursis lors du proc\u00e8s d&rsquo;octobre 2025.<\/p>\n<h5>\u00a0<\/h5>\n<h5><strong>Des soup\u00e7ons de partialit\u00e9 et d&rsquo;ind\u00e9pendance compromise<\/strong><\/h5>\n<p>Au c\u0153ur des controverses figurent <strong>les doutes sur l&rsquo;impartialit\u00e9 de la justice<\/strong>, particuli\u00e8rement lorsque le parquet, sous tutelle du minist\u00e8re, a opt\u00e9 pour la qualification de harc\u00e8lement apr\u00e8s l&rsquo;\u00e9chec des poursuites pour diffamation en acceptant comme preuves des \u00e9l\u00e9ments qui sont pour le moins questionnables.<\/p>\n<p>Cette perception de partialit\u00e9 s&rsquo;inscrit dans un cadre plus large o\u00f9 la justice semble instrumentalis\u00e9e. Les r\u00e9actions sont polaris\u00e9es, refl\u00e9tant les divisions sur la libert\u00e9 d&rsquo;expression et la protection des victimes. Juan Branco, avocat, a d\u00e9nonc\u00e9 sur X \u00ab\u00a0<em>proc\u00e9dure politicom\u00e9diatique<\/em>\u00a0\u00bb orchestr\u00e9e par l&rsquo;\u00c9lys\u00e9e, utilisant une loi destin\u00e9e aux vuln\u00e9rables pour \u00ab\u00a0<em>fracasser<\/em>\u00a0\u00bb les critiques. Il critique l&rsquo;absence de d\u00e9bat sur la v\u00e9rit\u00e9 des informations, les promotions opportunes de magistrats, et les m\u00e9dias relayant les \u00e9l\u00e9ments de langage du pouvoir. Il \u00e9voque un \u00ab\u00a0<em>spectacle pornographique<\/em>\u00a0\u00bb organis\u00e9 par la justice.<\/p>\n<p>Des comptes comme @lesaurores ont soulign\u00e9 un \u00ab\u00a0<em>niveau d&rsquo;endogamie<\/em>\u00a0\u00bb probl\u00e9matique dans les sph\u00e8res judiciaires, questionnant si le verdict n&rsquo;\u00e9tait pas pr\u00e9d\u00e9termin\u00e9 pour prot\u00e9ger le pouvoir en place.<\/p>\n<p>Des utilisateurs comme le compte anonyme @lactetue critiquent l&rsquo;argumentation de Branco comme du \u00ab\u00a0<em>lyrisme<\/em>\u00e9\u00a0\u00bb masquant un vide juridique alors que @christelesanary s&rsquo;indigne de la condamnation d&rsquo;un handicap\u00e9 absent et @Isabelle81150 exprime un \u00e9puisement face \u00e0 un syst\u00e8me \u00ab\u00a0<em>gangr\u00e9n\u00e9<\/em>\u00a0\u00bb.<\/p>\n<p>Dans une vid\u00e9o, Bertrand Scholler <a target=\"_blank\" href=\"https:\/\/www.youtube.com\/watch?v=Cbbta5p5Nzk&amp;t=10s\">un des pr\u00e9venus<\/a> met en lumi\u00e8re une censure pr\u00e9sum\u00e9e de ses commentaires sur une photo manipul\u00e9e de Brigitte Macron jeune, partag\u00e9e initialement par sa fille Laurence Auzi\u00e8re. Il d\u00e9plore aussi la censure par le m\u00e9dia Quotidien de ses propos.<\/p>\n<p><img decoding=\"async\" data-entity-uuid=\"2bdd808c-f580-495e-86c7-064b013e95c8\" data-entity-type=\"file\" alt=\"B03\" width=\"361\" height=\"555\" class=\"align-center lazyload\" loading=\"lazy\" src=\"https:\/\/www.francesoir.fr\/sites\/default\/files\/inline-images\/image_929.png\"\/><\/p>\n<p>Lionel Labosse, auteur du livre<em> \u00ab\u00a0Elle est menteur, mon cher Watson\u00a0! Pr\u00e9cis de Brigittologie\u00a0\u00bb<\/em> a <a target=\"_blank\" href=\"https:\/\/crowdbunker.com\/v\/mWYDtfqWUu\">\u00e9t\u00e9 film\u00e9 \u00e0 son insu<\/a>. Il exprime son indignation face \u00e0 cette intrusion contraire \u00e0 toute d\u00e9ontologie journalistique. Une des rares personnes pr\u00e9sentes lors du d\u00e9lib\u00e9r\u00e9, il a commis <a target=\"_blank\" href=\"https:\/\/altersexualite.com\/spip.php?article1266\">un article<\/a> analysant en d\u00e9tail les \u00ab\u00a0affirmations\u00a0\u00bb des \u00ab\u00a0<em>brigittologues<\/em>\u00a0\u00bb, citant une photo de Brigitte Macron jeune (partag\u00e9e par Bertrand Scholler avec preuves de non-manipulation par lui), et des sources comme des vid\u00e9os et posts X. Un compte rendu \u00e0 lire pour avoir une vision plus balanc\u00e9e que ce que l\u2019on trouve dans la presse mainstream subventionn\u00e9es collaboratrice.<\/p>\n<p><img decoding=\"async\" data-entity-uuid=\"11efcb3f-141f-4283-986a-2a9ae3a52caa\" data-entity-type=\"file\" alt=\"B05\" width=\"945\" height=\"567\" class=\"align-center lazyload\" loading=\"lazy\" src=\"https:\/\/www.francesoir.fr\/sites\/default\/files\/inline-images\/image_930.png\"\/><\/p>\n<h5>\u00a0<\/h5>\n<h5><strong>La loi Schiappa sous le feu des critiques : un outil \u00e0 double tranchant ?<\/strong><\/h5>\n<p>La d\u00e9cision repose sur l&rsquo;article 222-33-2-2 du Code p\u00e9nal, introduit par la loi du 3 ao\u00fbt 2018 renfor\u00e7ant la lutte contre les violences sexuelles et sexistes, port\u00e9e par Marl\u00e8ne Schiappa. Ce texte d\u00e9finit le harc\u00e8lement moral en ligne comme des \u00ab\u00a0<em>propos ou comportements r\u00e9p\u00e9t\u00e9s<\/em>\u00a0\u00bb alt\u00e9rant la sant\u00e9 de la victime, avec des peines aggrav\u00e9es pour sexisme. Si cette loi visait \u00e0 prot\u00e9ger les vuln\u00e9rables, <strong>elle est aujourd&rsquo;hui remise en cause pour son application s\u00e9lective.<\/strong><\/p>\n<p>Schiappa elle-m\u00eame a \u00e9t\u00e9 au centre d&rsquo;un scandale avec le fonds Marianne, lanc\u00e9 en 2021 pour lutter contre le s\u00e9paratisme apr\u00e8s l&rsquo;assassinat de Samuel Paty. Des enqu\u00eates du S\u00e9nat et de l&rsquo;Inspection g\u00e9n\u00e9rale de l&rsquo;administration (IGA) ont qualifi\u00e9 sa gestion de \u00ab\u00a0<em>fiasco<\/em>\u00a0\u00bb et de \u00ab\u00a0<em>d\u00e9rive d&rsquo;un coup politique<\/em>\u00a0\u00bb, pointant <strong>une opacit\u00e9, des attributions favoritistes et des <\/strong><a target=\"_blank\" href=\"https:\/\/www.lemonde.fr\/les-decodeurs\/article\/2023\/06\/16\/fonds-marianne-les-enjeux-et-les-rebondissements-de-l-affaire-qui-met-en-cause-marlene-schiappa_6173534_4355771.html\"><strong>soup\u00e7ons de d\u00e9tournement de fonds publics<\/strong><\/a>. Le <a target=\"_blank\" href=\"https:\/\/www.publicsenat.fr\/actualites\/politique\/fonds-marianne-que-reproche-t-on-vraiment-a-marlene-schiappa\">rapport s\u00e9natorial<\/a> a <strong>d\u00e9nonc\u00e9 la responsabilit\u00e9 directe<\/strong> de Schiappa et de son cabinet, avec une <strong>information judiciaire ouverte<\/strong> par le Parquet national financier pour abus de confiance et prise ill\u00e9gale d&rsquo;int\u00e9r\u00eats. Des associations subventionn\u00e9es auraient utilis\u00e9 les fonds pour <strong>cibler des adversaires politiques<\/strong>, remettant en cause <strong>l&rsquo;impartialit\u00e9 de Schiappa<\/strong> \u2013 ironiquement, <strong>la m\u00eame qui a impuls\u00e9 une loi maintenant utilis\u00e9e contre des critiques du pouvoir<\/strong>.<\/p>\n<p>\u00a0<\/p>\n<h5><strong>Liens avec les initiatives de Macron : vers un contr\u00f4le accru de l&rsquo;Information ?<\/strong><\/h5>\n<p>Cette affaire survient alors qu&rsquo;Emmanuel Macron, \u00e9poux de la plaignante, promeut des mesures per\u00e7ues comme des outils de r\u00e9gulation de l&rsquo;information. La <a target=\"_blank\" href=\"https:\/\/www.francesoir.fr\/opinions-editos\/la-declaration-de-paris-l-etat-artisan-de-ses-propres-mensonges-face-une-verite-qu\">D\u00e9claration de Paris<\/a>, sign\u00e9e le 29 octobre 2025 par 29 nations, vise \u00e0 promouvoir une \u00ab\u00a0<em>information ind\u00e9pendante et fiable<\/em>\u00a0\u00bb comme bien public, avec un financement de 120 millions d&rsquo;euros annuels par la France pour les m\u00e9dias align\u00e9s. Critiqu\u00e9e comme hypocrite, elle ignore les \u00ab\u00a0<em>mensonges d&rsquo;\u00c9tat<\/em>\u00a0\u00bb pass\u00e9s, comme lors de la crise COVID-19, o\u00f9 des m\u00e9dias ind\u00e9pendants comme <em>France-Soir<\/em> ont \u00e9t\u00e9 censur\u00e9s par le g\u00e9ant de la Tech YouTube avant d&rsquo;\u00eatre r\u00e9habilit\u00e9s. L&rsquo;\u00c9tat ne peut-il donc pas \u00eatre qualifi\u00e9 de \u00ab\u00a0<em>propagandiste de ses propres mensonges<\/em>\u00a0\u00bb, avec des exemples de d\u00e9sinformation sur les retraites, la dette publique et l&rsquo;environnement.<\/p>\n<p>Parall\u00e8lement, Macron propose <a target=\"_blank\" href=\"https:\/\/www.francesoir.fr\/politique-france\/macron-veut-labelliser-les-medias-outil-RSF\">une labellisation des m\u00e9dias via la Journalism Trust Initiative (JTI)<\/a> de Reporters sans fronti\u00e8res (RSF), \u00e9valuant la fiabilit\u00e9 sur 130 indicateurs.<\/p>\n<p><img decoding=\"async\" data-entity-uuid=\"4ec79928-e271-4e17-ac3a-60b6afe80513\" data-entity-type=\"file\" alt=\"B06\" width=\"945\" height=\"567\" class=\"align-center lazyload\" loading=\"lazy\" src=\"https:\/\/www.francesoir.fr\/sites\/default\/files\/inline-images\/image_931.png\"\/><\/p>\n<p>Les m\u00e9dias non certifi\u00e9s pourraient \u00eatre invisibilis\u00e9s sur les plateformes, \u00e9voquant une \u00ab\u00a0<em>censure d\u00e9guis\u00e9e en protection<\/em>\u00a0\u00bb et un \u00ab\u00a0<em>Minist\u00e8re de l&rsquo;Information 2.0<\/em>\u00a0\u00bb. Ces initiatives, issues des \u00c9tats g\u00e9n\u00e9raux de l\u2019information lanc\u00e9s en 2023, <strong>soul\u00e8vent des craintes d&rsquo;un contr\u00f4le sans contrepouvoir,<\/strong> particuli\u00e8rement lorsque l&rsquo;Arcom existe d\u00e9j\u00e0 pour r\u00e9guler la pluralit\u00e9.<\/p>\n<h5>\u00a0<\/h5>\n<h5><strong>La France de Voltaire en p\u00e9ril ? un pas vers le minist\u00e8re de la V\u00e9rit\u00e9<\/strong><\/h5>\n<p>Voltaire, d\u00e9fenseur ardent de la libert\u00e9 d&rsquo;expression avec la c\u00e9l\u00e8bre phrase apocryphe qui lui est attribu\u00e9e \u00ab\u00a0<em>Je ne suis pas d&rsquo;accord avec ce que vous dites, mais je me battrai jusqu&rsquo;\u00e0 la mort pour que vous ayez le droit de le dire<\/em>\u00a0\u00bb, symbolise l&rsquo;esprit fran\u00e7ais.<\/p>\n<p>Pourtant, cette d\u00e9cision <strong>pose plus de questions qu&rsquo;elle n&rsquo;apporte de r\u00e9ponses<\/strong> : pourquoi une telle s\u00e9v\u00e9rit\u00e9 pour des rumeurs, alors que des affaires de harc\u00e8lement plus graves re\u00e7oivent des peines similaires ? L&rsquo;absence de d\u00e9bat sur les faits sous-jacents et les liens all\u00e9gu\u00e9s entre justice et ex\u00e9cutif renforcent l&rsquo;id\u00e9e d&rsquo;un syst\u00e8me sans \u00e9quilibre.<\/p>\n<p><img decoding=\"async\" data-entity-uuid=\"66974d7b-520c-478f-87a0-dc4a7c346a55\" data-entity-type=\"file\" alt=\"B08\" width=\"945\" height=\"567\" loading=\"lazy\" class=\"lazyload\" src=\"https:\/\/www.francesoir.fr\/sites\/default\/files\/inline-images\/image_932.png\"\/><\/p>\n<p>\u00a0<\/p>\n<p>Dans un contexte o\u00f9 Macron est per\u00e7u comme un \u00ab\u00a0<em>artisan de mensonges<\/em>\u00a0\u00bb contr\u00f4lant les instances r\u00e9gulatrices, ce verdict marque un pas suppl\u00e9mentaire vers un \u00ab\u00a0<em>minist\u00e8re de la v\u00e9rit\u00e9<\/em>\u00a0\u00bb orwellien. L&rsquo;affaire Brigittegate illustre les tensions entre protection des individus et pr\u00e9servation des libert\u00e9s fondamentales. Reste \u00e0 voir si la Cour de cassation, saisie dans l&rsquo;affaire connexe de diffamation, r\u00e9tablira un \u00e9quilibre ou confirmera ces craintes. Les pr\u00e9venus ont d\u2019ores et d\u00e9j\u00e0 d\u00e9clar\u00e9 faire appel.<\/p>\n<p>La proc\u00e9dure improbable des Macron aux \u00c9tats-Unis contre la journaliste Candace Owens, pr\u00e9sent\u00e9e comme \u00ab\u00a0<em>influenceuse\u00a0<\/em>\u00bb <strong>devrait faire l\u2019objet d\u2019une possible d\u00e9cision sur la nullit\u00e9 la semaine prochaine, les conclusions des deux parties ayant \u00e9t\u00e9 d\u00e9pos\u00e9es ce 9 janvier 2026.<\/strong><\/p>\n<p>Affaire \u00e0 suivre\u00a0<\/p>\n<p><img decoding=\"async\" data-entity-uuid=\"3a97ee02-5924-4fe8-9ca3-1faf5ba68c3a\" data-entity-type=\"file\" alt=\"B09\" width=\"945\" height=\"567\" loading=\"lazy\" class=\"lazyload\" src=\"https:\/\/www.francesoir.fr\/sites\/default\/files\/inline-images\/image_933.png\"\/><\/p>\n<p>\u00a0<\/p>\n<\/div>\n<p><script>(function(d, s, id) {  var js, fjs = d.getElementsByTagName(s)[0];  if (d.getElementById(id)) return;  js = d.createElement(s); js.id = id;  js.src = \"\/\/connect.facebook.net\/fr_FR\/sdk.js#xfbml=1&version=v2.3\";  fjs.parentNode.insertBefore(js, fjs);}(document, \"script\", \"facebook-jssdk\"));<\/script><br \/>\n<br \/><br \/>\n<br \/><a href=\"https:\/\/www.francesoir.fr\/societe-justice\/brigittegate-une-condamnation-severe-qui-interroge-l-impartialite-de-la-justice\" target=\"_blank\"\">Source link <\/a><\/p>\n","protected":false},"excerpt":{"rendered":"<p>Dans un verdict rendu le 5 janvier 2026 par le tribunal correctionnel de Paris, dix personnes ont \u00e9t\u00e9 condamn\u00e9es pour harc\u00e8lement moral en ligne dans l&rsquo;affaire dite \u00ab\u00a0Brigittegate\u00a0\u00bb. \u00a0 Les&hellip; <\/p>\n","protected":false},"author":1,"featured_media":22379,"comment_status":"open","ping_status":"open","sticky":false,"template":"","format":"standard","meta":{"footnotes":""},"categories":[1],"tags":[],"class_list":["post-22378","post","type-post","status-publish","format-standard","has-post-thumbnail","hentry","category-non-classe"],"_links":{"self":[{"href":"https:\/\/monde25.info\/index.php\/wp-json\/wp\/v2\/posts\/22378","targetHints":{"allow":["GET"]}}],"collection":[{"href":"https:\/\/monde25.info\/index.php\/wp-json\/wp\/v2\/posts"}],"about":[{"href":"https:\/\/monde25.info\/index.php\/wp-json\/wp\/v2\/types\/post"}],"author":[{"embeddable":true,"href":"https:\/\/monde25.info\/index.php\/wp-json\/wp\/v2\/users\/1"}],"replies":[{"embeddable":true,"href":"https:\/\/monde25.info\/index.php\/wp-json\/wp\/v2\/comments?post=22378"}],"version-history":[{"count":0,"href":"https:\/\/monde25.info\/index.php\/wp-json\/wp\/v2\/posts\/22378\/revisions"}],"wp:featuredmedia":[{"embeddable":true,"href":"https:\/\/monde25.info\/index.php\/wp-json\/wp\/v2\/media\/22379"}],"wp:attachment":[{"href":"https:\/\/monde25.info\/index.php\/wp-json\/wp\/v2\/media?parent=22378"}],"wp:term":[{"taxonomy":"category","embeddable":true,"href":"https:\/\/monde25.info\/index.php\/wp-json\/wp\/v2\/categories?post=22378"},{"taxonomy":"post_tag","embeddable":true,"href":"https:\/\/monde25.info\/index.php\/wp-json\/wp\/v2\/tags?post=22378"}],"curies":[{"name":"wp","href":"https:\/\/api.w.org\/{rel}","templated":true}]}}