{"id":22380,"date":"2026-01-14T03:36:43","date_gmt":"2026-01-14T02:36:43","guid":{"rendered":"https:\/\/monde25.info\/index.php\/2026\/01\/14\/lecornu-promet-une-loi-durgence-des-syndicats-denoncent-un-deux-poids-deux-mesures-rt-en-francais\/"},"modified":"2026-01-14T03:36:43","modified_gmt":"2026-01-14T02:36:43","slug":"lecornu-promet-une-loi-durgence-des-syndicats-denoncent-un-deux-poids-deux-mesures-rt-en-francais","status":"publish","type":"post","link":"https:\/\/monde25.info\/index.php\/2026\/01\/14\/lecornu-promet-une-loi-durgence-des-syndicats-denoncent-un-deux-poids-deux-mesures-rt-en-francais\/","title":{"rendered":"Lecornu promet une \u00abloi d\u2019urgence\u00bb, des syndicats d\u00e9noncent un \u00abdeux poids deux mesures\u00bb \u2014 RT en fran\u00e7ais"},"content":{"rendered":"<p> <br \/>\n<br \/><img decoding=\"async\" src=\"https:\/\/mf.b37mrtl.ru\/french\/images\/2026.01\/thumbnail\/69669a5987f3ec6b32568194.jpg\" \/><\/p>\n<div>\n<p class=\"text__summary\">\n                                        Face aux tracteurs de la FNSEA et des Jeunes Agriculteurs \u00e0 Paris, le Premier ministre fran\u00e7ais a annonc\u00e9 ce 13 janvier de nouvelles mesures dont une \u00abloi d\u2019urgence\u00bb. La Coordination rurale, dont des membres avaient occup\u00e9 la place de l&rsquo;\u00c9toile le 8 janvier, a d\u00e9nonc\u00e9 une \u00abdiff\u00e9rence de traitement\u00bb du gouvernement \u00e0 l\u2019\u00e9gard des syndicats agricoles.\n                                    <\/p>\n<p>\u00a0<\/p>\n<p>\u00ab\u00a0On est particuli\u00e8rement en col\u00e8re\u00a0\u00bb. Ce 13 janvier sur le plateau de BFMTV, St\u00e9phane Galais, porte-parole de la Conf\u00e9d\u00e9ration paysanne, a fait part de son agacement apr\u00e8s les annonces formul\u00e9es par le Premier ministre fran\u00e7ais. \u00ab On ne r\u00e9pond pas aux probl\u00e9matiques de l\u2019\u00e9levage, on ne r\u00e9pond pas aux probl\u00e9matiques de revenu \u00bb, s\u2019est-il exasp\u00e9r\u00e9, fustigeant une r\u00e9ponse non pas \u00ab aux agriculteurs \u00bb mais \u00ab\u00a0\u00e0 la liste au P\u00e8re No\u00ebl qui a \u00e9t\u00e9 apport\u00e9 par la FNSEA \u00bb et, \u00e0 ses yeux, principalement destin\u00e9e \u00ab\u00a0aux c\u00e9r\u00e9aliers\u00a0\u00bb. \u00ab\u00a0Bien s\u00fbr \u00bb, r\u00e9pond-t-il, interrog\u00e9 quant au fait que le gouvernement fran\u00e7ais aurait \u00ab\u00a0choisi son syndicat\u00a0\u00bb.<\/p>\n<p>M\u00eame tonalit\u00e9, du c\u00f4t\u00e9 de la Coordination rurale, qui a d\u00e9nonc\u00e9 sur X \u00ab\u00a0la\u00a0<a target=\"_blank\" href=\"https:\/\/x.com\/coordinationrur\/status\/2011094916634439737\">diff\u00e9rence de traitement<\/a>\u00a0du gouvernement face \u00e0 nos mobilisations\u00a0\u00bb, fustigeant un \u00ab\u00a0deux poids deux mesures\u00a0\u00bb, en r\u00e9f\u00e9rence aux interdictions auxquelles le deuxi\u00e8me syndicat fran\u00e7ais a fait face apr\u00e8s avoir amen\u00e9 ses tracteurs le 8 janvier \u00e0 Paris.<\/p>\n<p>Plus t\u00f4t dans l\u2019apr\u00e8s-midi, S\u00e9bastien Lecornu\u00a0<a target=\"_blank\" href=\"https:\/\/x.com\/SebLecornu\/status\/2011102891705032727\">avait annonc\u00e9<\/a>\u00a0sur X avoir \u00ab\u00a0pris quatre d\u00e9cisions ce jour \u00bb.\u00a0Le Premier ministre a notamment reconnu la \u00ab\u00a0demande de bon sens\u00a0\u00bb des agriculteurs face \u00e0 des \u00ab\u00a0r\u00e8gles complexes, mal expliqu\u00e9es, parfois contre-productives \u00bb. \u00c0 l\u2019appel de la FNSEA et des Jeunes Agriculteurs, des centaines d\u2019agriculteurs ont, avec leurs tracteurs, investi la capitale au petit matin de ce 13 janvier, o\u00f9 ils ont occup\u00e9 le quai d\u2019Orsay, jusque devant l\u2019Assembl\u00e9e nationale.<\/p>\n<h3>Une \u00ab\u00a0loi d\u2019urgence\u00a0\u00bb d\u2019ici le Salon de l\u2019agriculture, promet Lecornu<\/h3>\n<p>Dans son message, post\u00e9 sur le r\u00e9seau social am\u00e9ricain, le chef du gouvernement fran\u00e7ais a annonc\u00e9 avoir demand\u00e9 \u00e0 sa ministre de l\u2019Agriculture, Anne Genevard \u00ab\u00a0de pr\u00e9parer pour le Salon de l\u2019agriculture une loi d\u2019urgence agricole autour de plusieurs priorit\u00e9s: eau, pr\u00e9dation, moyens de production\u00a0\u00bb. Il a \u00e9galement promis un \u00ab\u00a0cap clair\u00a0\u00bb concernant \u00ab la politique de l\u2019eau \u00bb agricole, et qui serait \u00ab\u00a0fix\u00e9 d\u2019ici le salon de l\u2019agriculture\u00a0\u00bb pr\u00e9vu fin f\u00e9vrier. \u00ab\u00a0Par ailleurs, il n\u2019y aura pas d\u2019augmentation de la redevance pour pollutions diffuses pour le monde agricole dans le projet de loi de finances 2027\u00a0\u00bb, a-t-il notamment ajout\u00e9.<\/p>\n<p>\u00ab\u00a0Je suis pr\u00eat \u00e0 demander \u00e0 la Commission europ\u00e9enne de faire \u00e9voluer le cadre existant, en prenant en compte l\u2019agronomie et le bon sens\u00a0\u00bb, a-t-il par ailleurs d\u00e9clar\u00e9 concernant une simplification des r\u00e8gles sur les nitrates, \u00e9voquant des \u00ab possibilit\u00e9s de d\u00e9rogation \u00bb.<\/p>\n<p>Enfin, le Premier ministre a annonc\u00e9 que son gouvernement allait proposer \u00ab d\u00e8s ce soir \u00bb un \u00ab plan fiscal et budg\u00e9taire \u00bb par voie d\u2019amendement, allant s\u2019ajouter aux \u00ab actions prises \u00bb par son gouvernement. Action qui, a-t-il soulign\u00e9, inclut les 300 millions d\u2019euros de soutien au monde agricole annonc\u00e9s le 9 janvier par Anne Genevard afin de tenter de calmer la col\u00e8re.<\/p>\n<p>Une col\u00e8re qui gronde en France et ailleurs en Europe depuis plusieurs ann\u00e9es, notamment contre la concurrence qu\u2019ils estiment d\u00e9loyale de producteurs extra-europ\u00e9ens dont les produits sont import\u00e9s dans l\u2019espace commun. Une situation que le trait\u00e9 de libre-\u00e9change, que l&rsquo;UE s&rsquo;appr\u00eate \u00e0 signer avec les pays du Mercosur\u00a0(Argentine, Br\u00e9sil, Paraguay, Uruguay), pourrait aggraver, estiment nombre d&rsquo;agriculteurs et d&rsquo;\u00e9leveurs.<\/p>\n<p>Ces derniers ont par ailleurs \u00e9t\u00e9 particuli\u00e8rement \u00e9chaud\u00e9s par la gestion\u00a0des autorit\u00e9s fran\u00e7aises de l\u2019\u00e9pid\u00e9mie de dermatose nodulaire contagieuse (DNC) bovine, recourant \u00e0 l&rsquo;abattage syst\u00e9matique des troupeaux contamin\u00e9s. Figurent \u00e9galement \u00e0 leurs griefs, la perspective de coupes dans les fonds redirig\u00e9s depuis Bruxelles vers l\u2019agriculture fran\u00e7aise dans le cadre de la Politique agricole commune pour la p\u00e9riode 2028-2034 ainsi que l&rsquo;entr\u00e9e en vigueur de la \u00ab\u00a0taxe carbone europ\u00e9enne\u00a0\u00bb.<\/p>\n<\/div>\n<p><br \/>\n<br \/><a href=\"https:\/\/francais.rt.com\/france\/129365-mobilisation-agriculteurs-paris-lecornu-promet\" target=\"_blank\"\">Source link <\/a><\/p>\n","protected":false},"excerpt":{"rendered":"<p>Face aux tracteurs de la FNSEA et des Jeunes Agriculteurs \u00e0 Paris, le Premier ministre fran\u00e7ais a annonc\u00e9 ce 13 janvier de nouvelles mesures dont une \u00abloi d\u2019urgence\u00bb. La Coordination&hellip; <\/p>\n","protected":false},"author":1,"featured_media":22381,"comment_status":"open","ping_status":"open","sticky":false,"template":"","format":"standard","meta":{"footnotes":""},"categories":[1],"tags":[],"class_list":["post-22380","post","type-post","status-publish","format-standard","has-post-thumbnail","hentry","category-non-classe"],"_links":{"self":[{"href":"https:\/\/monde25.info\/index.php\/wp-json\/wp\/v2\/posts\/22380","targetHints":{"allow":["GET"]}}],"collection":[{"href":"https:\/\/monde25.info\/index.php\/wp-json\/wp\/v2\/posts"}],"about":[{"href":"https:\/\/monde25.info\/index.php\/wp-json\/wp\/v2\/types\/post"}],"author":[{"embeddable":true,"href":"https:\/\/monde25.info\/index.php\/wp-json\/wp\/v2\/users\/1"}],"replies":[{"embeddable":true,"href":"https:\/\/monde25.info\/index.php\/wp-json\/wp\/v2\/comments?post=22380"}],"version-history":[{"count":0,"href":"https:\/\/monde25.info\/index.php\/wp-json\/wp\/v2\/posts\/22380\/revisions"}],"wp:featuredmedia":[{"embeddable":true,"href":"https:\/\/monde25.info\/index.php\/wp-json\/wp\/v2\/media\/22381"}],"wp:attachment":[{"href":"https:\/\/monde25.info\/index.php\/wp-json\/wp\/v2\/media?parent=22380"}],"wp:term":[{"taxonomy":"category","embeddable":true,"href":"https:\/\/monde25.info\/index.php\/wp-json\/wp\/v2\/categories?post=22380"},{"taxonomy":"post_tag","embeddable":true,"href":"https:\/\/monde25.info\/index.php\/wp-json\/wp\/v2\/tags?post=22380"}],"curies":[{"name":"wp","href":"https:\/\/api.w.org\/{rel}","templated":true}]}}