{"id":22382,"date":"2026-01-14T04:10:04","date_gmt":"2026-01-14T03:10:04","guid":{"rendered":"https:\/\/monde25.info\/index.php\/2026\/01\/14\/david-lammy-attend-notre-mort-affirme-un-greviste-de-la-faim-palestinien-declassified-uk\/"},"modified":"2026-01-14T04:10:04","modified_gmt":"2026-01-14T03:10:04","slug":"david-lammy-attend-notre-mort-affirme-un-greviste-de-la-faim-palestinien-declassified-uk","status":"publish","type":"post","link":"https:\/\/monde25.info\/index.php\/2026\/01\/14\/david-lammy-attend-notre-mort-affirme-un-greviste-de-la-faim-palestinien-declassified-uk\/","title":{"rendered":"David Lammy \u00ab attend notre mort \u00bb, affirme un gr\u00e9viste de la faim palestinien (Declassified UK)"},"content":{"rendered":"<p> <br \/>\n<\/p>\n<div style=\"word-wrap:break-word;\">\n<p>Un militant pro-palestinien en gr\u00e8ve de la faim dans une prison londonienne a d\u00e9clar\u00e9 que le gouvernement \u00ab\u00a0attendait simplement que l\u2019un d\u2019entre nous meure\u00a0\u00bb.<\/p>\n<p>Kamran Ahmed, qui n\u2019a pas mang\u00e9 depuis plus de deux mois, a d\u00e9clar\u00e9 dimanche \u00e0 Declassified que son corps \u00e9tait pris de \u00ab\u00a0spasmes\u00a0\u00bb incontr\u00f4lables et qu\u2019il craignait une insuffisance cardiaque.<\/p>\n<p>\u00ab\u00a0Si je m\u2019\u00e9vanouis pendant ces spasmes, je ne peux pas bouger. Je finirais probablement par rester fig\u00e9 sur mon lit\u00a0\u00bb, incapable d\u2019appuyer sur le bouton d\u2019alarme de sa cellule.<\/p>\n<p>Ahmed, qui s\u2019est entretenu avec Declassified par t\u00e9l\u00e9phone depuis la prison de Pentonville, a d\u00e9clar\u00e9 souffrir de douleurs thoraciques et \u00eatre au bord de l\u2019\u00e9vanouissement.<\/p>\n<p>Ce m\u00e9canicien originaire de l\u2019est de Londres a \u00e9t\u00e9 hospitalis\u00e9 six fois depuis qu\u2019il a entam\u00e9 une gr\u00e8ve de la faim il y a 64 jours.<\/p>\n<p>Il proteste contre le refus de sa lib\u00e9ration sous caution apr\u00e8s son arrestation pour une effraction pr\u00e9sum\u00e9e commise par Palestine Action dans une usine Elbit System en 2024.<\/p>\n<p>Elbit est la plus grande entreprise d\u2019armement isra\u00e9lienne et fournit 85\u00a0% des drones utilis\u00e9s par l\u2019arm\u00e9e isra\u00e9lienne \u00e0 Gaza.<\/p>\n<p>Ahmed a \u00e9t\u00e9 arr\u00eat\u00e9 en novembre 2024 et son proc\u00e8s ne devrait pas commencer avant juin 2026.<\/p>\n<p>Les directives du minist\u00e8re public stipulent que les prisonniers ne devraient normalement pas \u00eatre maintenus en d\u00e9tention provisoire pendant plus de six mois.<\/p>\n<p>Ahmed fait partie d\u2019un certain nombre de suspects de Palestine Action maintenus en d\u00e9tention provisoire au-del\u00e0 de cette limite.<\/p>\n<p>Huit d\u2019entre eux ont entam\u00e9 une gr\u00e8ve de la faim, mais Ahmed est l\u2019un des derniers \u00e0 refuser encore de s\u2019alimenter.<\/p>\n<p>\u00ab\u00a0Je pensais qu\u2019ils allaient r\u00e9ellement n\u00e9gocier\u00a0\u00bb, a r\u00e9pondu Ahmed lorsqu\u2019on lui a demand\u00e9 son avis sur la position du ministre de la Justice David Lammy.<\/p>\n<p>\u00ab\u00a0Je pensais sinc\u00e8rement qu\u2019ils auraient d\u00e9j\u00e0 n\u00e9goci\u00e9, [ou] qu\u2019ils auraient au moins accept\u00e9 certaines de nos revendications.\u00a0\u00bb<\/p>\n<p>\u00ab\u00a0Il semble qu\u2019ils ne soient pas dispos\u00e9s \u00e0 faire quoi que ce soit, ils attendent simplement que l\u2019un d\u2019entre nous meure.\u00a0\u00bb<\/p>\n<p>Une autre prisonni\u00e8re, Heba Muraisi, n\u2019a pas mang\u00e9 depuis 71 jours.<\/p>\n<p>La gr\u00e8ve de la faim de Palestine Action a \u00e9t\u00e9 compar\u00e9e \u00e0 la protestation de Bobby Sands et d\u2019autres prisonniers de l\u2019IRA en 1981.<\/p>\n<p>Dix r\u00e9publicains sont morts apr\u00e8s avoir je\u00fbn\u00e9 entre 46 et 71 jours.<\/p>\n<p>La s\u0153ur d\u2019Ahmed, Shahmina Alam, a d\u00e9clar\u00e9 \u00e0 Declassified\u00a0:<\/p>\n<blockquote class=\"spip\">\n<p>\u00ab\u00a0Voir son fr\u00e8re d\u00e9p\u00e9rir, c\u2019est difficile et douloureux.<\/p>\n<p>\u00ab\u00a0Je ne veux pas penser que je pourrais enterrer mon fr\u00e8re alors qu\u2019il est mon cadet. Il \u00e9tait cens\u00e9 me survivre.<\/p>\n<p>Un m\u00e9decin lui a dit que les muscles autour de son c\u0153ur r\u00e9tr\u00e9cissaient&#8230; ils craignent qu\u2019il fasse un arr\u00eat cardiaque soudain. La peur de le voir mourir a toujours \u00e9t\u00e9 pr\u00e9sente, mais cela a rendu cette peur encore plus r\u00e9elle.\u00a0\u00bb<\/p>\n<\/blockquote>\n<p>Elle a d\u00e9clar\u00e9 que la famille avait \u00ab\u00a0fait tout ce qui \u00e9tait en son pouvoir\u00a0\u00bb pour porter l\u2019affaire devant les ministres, mais \u00ab\u00a0ils disent tous la m\u00eame chose\u00a0\u00bb.<\/p>\n<p>Alam a confront\u00e9 Lammy en public le mois dernier, mais a estim\u00e9 que ses r\u00e9ponses \u00e9taient \u00ab\u00a0insultantes\u00a0\u00bb et \u00ab\u00a0indignes de son humanit\u00e9\u00a0\u00bb.<\/p>\n<p>Le ministre charg\u00e9 des prisons, Lord Timpson, a d\u00e9clar\u00e9 \u00e0 ITV News qu\u2019il souhaitait que les gr\u00e9vistes de la faim \u00ab\u00a0recommencent \u00e0 manger et se r\u00e9tablissent\u00a0\u00bb.<\/p>\n<p>Un porte-parole du minist\u00e8re de la Justice a d\u00e9clar\u00e9\u00a0:<\/p>\n<blockquote class=\"spip\">\n<p>\u00ab\u00a0Le service p\u00e9nitentiaire et de probation de Sa Majest\u00e9 nous a assur\u00e9 que tous les cas de refus de s\u2019alimenter par des d\u00e9tenus \u00e9taient g\u00e9r\u00e9s conform\u00e9ment \u00e0 la politique en vigueur depuis longtemps, avec un acc\u00e8s quotidien au personnel p\u00e9nitentiaire et m\u00e9dical. Les d\u00e9tenus sont encourag\u00e9s \u00e0 mettre fin \u00e0 leur refus de s\u2019alimenter \u00e0 tout moment.<\/p>\n<p>Avant No\u00ebl, nous avons propos\u00e9 d\u2019organiser une r\u00e9union entre les avocats des d\u00e9tenus et les responsables de la sant\u00e9. Cette offre a \u00e9t\u00e9 accept\u00e9e le 8 janvier et une r\u00e9union a eu lieu le 9 janvier.<\/p>\n<p>Les ministres ne rencontreront pas ces prisonniers ni leurs avocats. Ils font l\u2019objet d\u2019accusations graves et aucun gouvernement ne pourrait accepter leurs demandes, dont beaucoup concernent des proc\u00e9dures judiciaires en cours, notamment la lib\u00e9ration imm\u00e9diate sous caution, qui rel\u00e8ve de la comp\u00e9tence de juges ind\u00e9pendants.<\/p>\n<p>En vertu de la loi, les ministres doivent respecter l\u2019ind\u00e9pendance judiciaire et ne doivent pas intervenir dans les proc\u00e9dures judiciaires en cours. Agir ainsi serait inconstitutionnel et porterait atteinte \u00e0 l\u2019ind\u00e9pendance du pouvoir judiciaire, pierre angulaire de notre syst\u00e8me judiciaire.\u00a0\u00bb<\/p>\n<\/blockquote>\n<p><strong>Phil Miller, Alexander Morris <\/strong><\/p>\n<p><i>traduction LGS<\/i><\/p>\n<\/div>\n<p><br \/>\n<br \/><a href=\"https:\/\/www.legrandsoir.info\/david-lammy-attend-notre-mort-affirme-un-greviste-de-la-faim-palestinien-declassified-uk.html\" target=\"_blank\"\">Source link <\/a><\/p>\n","protected":false},"excerpt":{"rendered":"<p>Un militant pro-palestinien en gr\u00e8ve de la faim dans une prison londonienne a d\u00e9clar\u00e9 que le gouvernement \u00ab\u00a0attendait simplement que l\u2019un d\u2019entre nous meure\u00a0\u00bb. Kamran Ahmed, qui n\u2019a pas mang\u00e9&hellip; <\/p>\n","protected":false},"author":1,"featured_media":22383,"comment_status":"open","ping_status":"open","sticky":false,"template":"","format":"standard","meta":{"footnotes":""},"categories":[1],"tags":[],"class_list":["post-22382","post","type-post","status-publish","format-standard","has-post-thumbnail","hentry","category-non-classe"],"_links":{"self":[{"href":"https:\/\/monde25.info\/index.php\/wp-json\/wp\/v2\/posts\/22382","targetHints":{"allow":["GET"]}}],"collection":[{"href":"https:\/\/monde25.info\/index.php\/wp-json\/wp\/v2\/posts"}],"about":[{"href":"https:\/\/monde25.info\/index.php\/wp-json\/wp\/v2\/types\/post"}],"author":[{"embeddable":true,"href":"https:\/\/monde25.info\/index.php\/wp-json\/wp\/v2\/users\/1"}],"replies":[{"embeddable":true,"href":"https:\/\/monde25.info\/index.php\/wp-json\/wp\/v2\/comments?post=22382"}],"version-history":[{"count":0,"href":"https:\/\/monde25.info\/index.php\/wp-json\/wp\/v2\/posts\/22382\/revisions"}],"wp:featuredmedia":[{"embeddable":true,"href":"https:\/\/monde25.info\/index.php\/wp-json\/wp\/v2\/media\/22383"}],"wp:attachment":[{"href":"https:\/\/monde25.info\/index.php\/wp-json\/wp\/v2\/media?parent=22382"}],"wp:term":[{"taxonomy":"category","embeddable":true,"href":"https:\/\/monde25.info\/index.php\/wp-json\/wp\/v2\/categories?post=22382"},{"taxonomy":"post_tag","embeddable":true,"href":"https:\/\/monde25.info\/index.php\/wp-json\/wp\/v2\/tags?post=22382"}],"curies":[{"name":"wp","href":"https:\/\/api.w.org\/{rel}","templated":true}]}}