{"id":22385,"date":"2026-01-14T05:49:00","date_gmt":"2026-01-14T04:49:00","guid":{"rendered":"https:\/\/monde25.info\/index.php\/2026\/01\/14\/entre-repression-sanguinaire-et-imperialisme\/"},"modified":"2026-01-14T05:49:00","modified_gmt":"2026-01-14T04:49:00","slug":"entre-repression-sanguinaire-et-imperialisme","status":"publish","type":"post","link":"https:\/\/monde25.info\/index.php\/2026\/01\/14\/entre-repression-sanguinaire-et-imperialisme\/","title":{"rendered":"entre r\u00e9pression sanguinaire et imp\u00e9rialisme"},"content":{"rendered":"<p> <br \/>\n<\/p>\n<div>\n<h4><strong>Loin d\u2019\u00eatre un \u00e9v\u00e9nement isol\u00e9, la mobilisation qui traverse aujourd\u2019hui l\u2019Iran s\u2019inscrit dans une s\u00e9quence de soul\u00e8vements populaires qui dure depuis plusieurs ann\u00e9es. Depuis les grandes vagues de protestation de 2017-2018, puis celles de 2019 et les r\u00e9voltes d\u00e9clench\u00e9es par l\u2019assassinat de Jina Mahsa Amini, la contestation n\u2019a jamais r\u00e9ellement cess\u00e9. Elle conna\u00eet aujourd\u2019hui un nouvel \u00e9pisode d\u2019ampleur nationale, nourri par une col\u00e8re sociale profonde et par<a target=\"_blank\" href=\"https:\/\/mrmondialisation.org\/iran-le-regime-engraisse-par-le-petrole-ecrase-la-revolte-populaire-dans-le-sang\/\"> l\u2019\u00e9puisement d\u2019une population confront\u00e9e \u00e0 la crise \u00e9conomique, \u00e0 la corruption et \u00e0 une r\u00e9pression syst\u00e9matique.<\/a><\/strong><\/h4>\n<p data-start=\"1080\" data-end=\"1723\">Partie de revendications sociales, cette mobilisation s\u2019est une nouvelle fois transform\u00e9e en contestation politique directe d\u2019un r\u00e9gime autoritaire pr\u00eat \u00e0 tuer pour se maintenir. Des manifestations ont \u00e9clat\u00e9 dans les grandes art\u00e8res de T\u00e9h\u00e9ran, mais aussi \u00e0 Tabriz, Mashhad, Abadan, Kermanshah et dans de nombreuses r\u00e9gions kurdes de l\u2019ouest du pays. <strong>Le slogan <em>\u00ab mort \u00e0 Khamenei \u00bb<\/em>, en r\u00e9f\u00e9rence au guide supr\u00eame Ali Khamenei, s\u2019est impos\u00e9 comme un cri de ralliement, exprimant un rejet explicite du pouvoir en place et de son architecture th\u00e9ocratique.<\/strong> Face \u00e0 cette r\u00e9volte persistante, la r\u00e9pression s\u2019intensifie, <a target=\"_blank\" href=\"https:\/\/mrmondialisation.org\/revolution-iranienne-les-degats-de-limperialisme-americain\/\">tandis que les tentatives de r\u00e9cup\u00e9ration imp\u00e9rialiste se multiplient.<\/a><\/p>\n<h2 class=\"western\"><strong>Une contestation diffuse et difficile \u00e0 \u00e9touffer<\/strong><\/h2>\n<p>Dans les zones kurdes, des appels \u00e0 la gr\u00e8ve ont \u00e9t\u00e9 massivement suivis : commerces ferm\u00e9s, rues d\u00e9sert\u00e9es, arr\u00eat de l\u2019activit\u00e9 \u00e9conomique locale. Dans le sud du pays, <b>des manifestants ont renvers\u00e9 une statue de Qassem Soleimani, figure centrale du r\u00e9gim<\/b><strong>e<\/strong> et pilier de sa projection militariste r\u00e9gionale. Ce geste, hautement symbolique, illustre une rupture nette avec la propagande officielle et le culte des \u00ab martyrs \u00bb instrumentalis\u00e9s par le pouvoir.<\/p>\n<figure id=\"attachment_1374565\" aria-describedby=\"caption-attachment-1374565\" style=\"width: 1024px\" class=\"wp-caption alignnone\"><img fetchpriority=\"high\" decoding=\"async\" class=\"wp-image-1374565 size-medium\" src=\"https:\/\/mrmondialisation.org\/wp-content\/uploads\/2026\/01\/qasem-soleimani-showing-his-sincerest-respect-for-ali-khamenei-while-performing-military-salute-retouched-1024x731.jpg\" alt=\"\" width=\"1024\" height=\"731\" srcset=\"https:\/\/mrmondialisation.org\/wp-content\/uploads\/2026\/01\/qasem-soleimani-showing-his-sincerest-respect-for-ali-khamenei-while-performing-military-salute-retouched-1024x731.jpg 1024w, https:\/\/mrmondialisation.org\/wp-content\/uploads\/2026\/01\/qasem-soleimani-showing-his-sincerest-respect-for-ali-khamenei-while-performing-military-salute-retouched-768x548.jpg 768w, https:\/\/mrmondialisation.org\/wp-content\/uploads\/2026\/01\/qasem-soleimani-showing-his-sincerest-respect-for-ali-khamenei-while-performing-military-salute-retouched-696x497.jpg 696w, https:\/\/mrmondialisation.org\/wp-content\/uploads\/2026\/01\/qasem-soleimani-showing-his-sincerest-respect-for-ali-khamenei-while-performing-military-salute-retouched-1068x763.jpg 1068w, https:\/\/mrmondialisation.org\/wp-content\/uploads\/2026\/01\/qasem-soleimani-showing-his-sincerest-respect-for-ali-khamenei-while-performing-military-salute-retouched-588x420.jpg 588w, https:\/\/mrmondialisation.org\/wp-content\/uploads\/2026\/01\/qasem-soleimani-showing-his-sincerest-respect-for-ali-khamenei-while-performing-military-salute-retouched-100x70.jpg 100w, https:\/\/mrmondialisation.org\/wp-content\/uploads\/2026\/01\/qasem-soleimani-showing-his-sincerest-respect-for-ali-khamenei-while-performing-military-salute-retouched.jpg 1280w\" sizes=\"(max-width: 1024px) 100vw, 1024px\"\/><figcaption id=\"caption-attachment-1374565\" class=\"wp-caption-text\">Qassem Soleimani t\u00e9moigne de son respect \u00e0 Ali Khamenei en effectuant le salut militaire. 2017. <a target=\"_blank\" href=\"https:\/\/commons.wikimedia.org\/wiki\/File:Qasem_Soleimani_showing_his_sincerest_respect_for_Ali_Khamenei_while_performing_military_salute_(retouched).jpg\">Wikimedia.<\/a><\/figcaption><\/figure>\n<p>Le mouvement est largement d\u00e9centralis\u00e9, sans leadership unifi\u00e9 ni structure hi\u00e9rarchique identifiable. Cette horizontalit\u00e9, h\u00e9rit\u00e9e des soul\u00e8vements pr\u00e9c\u00e9dents, rend la contestation<b> plus difficile \u00e0 neutraliser par la d\u00e9capitation politique<\/b><strong>,<\/strong> mais complique aussi la construction d\u2019une alternative politique \u00e0 court terme. <a target=\"_blank\" href=\"https:\/\/www.theguardian.com\/world\/2026\/jan\/11\/iran-protests-gather-momentum-demonstrators-protest-movement?utm_source=chatgpt.com\"><b>Le<\/b><b> mouvement, initialement circonscrit, a tr\u00e8s vite d\u00e9bord\u00e9 les dispositifs de contr\u00f4le habituels du r\u00e9gime<\/b><\/a>, tant par son ampleur que par sa composition sociale et g\u00e9ographique. Mais <b>la<\/b><b> situation reste extr\u00eamement volatile, avec un risque de multiplication de massacres et d\u2019escalade militaire. <\/b><\/p>\n<h2 class=\"western\"><strong>Une r\u00e9pression meurtri\u00e8re<\/strong><\/h2>\n<p>La r\u00e9ponse du r\u00e9gime a \u00e9t\u00e9 imm\u00e9diate et d\u2019une extr\u00eame brutalit\u00e9. Selon l\u2019ONG Human Rights Activists News Agency, <a target=\"_blank\" href=\"https:\/\/www.en-hrana.org\/day-seventeen-of-irans-protests-continued-internet-shutdown-spike-in-figures-and-intensifying-global-reactions\/\"><strong>au moins 2 403 manifestant\u00b7es ont \u00e9t\u00e9 tu\u00e9\u00b7es depuis le d\u00e9but du soul\u00e8vement et plus de 18 434 arr\u00eat\u00e9\u00b7es<\/strong><\/a>. Parmi les victimes figurent des enfants et des adolescent\u00b7es, rappelant le caract\u00e8re indiscrimin\u00e9 de la violence d\u2019\u00c9tat.<\/p>\n<p>Des milliers de bless\u00e9\u00b7es ont \u00e9t\u00e9 recens\u00e9\u00b7es. Des organisations de d\u00e9fense des droits humains, dont Amnesty International, documentent <a target=\"_blank\" href=\"https:\/\/www.amnesty.fr\/liberte-d-expression\/actualites\/iran-nouvelles-manifestations-repression-sanglante\"><b>l\u2019usage de balles r\u00e9elles, de projectiles m\u00e9talliques et de gaz lacrymog\u00e8ne tir\u00e9s \u00e0 bout portant<\/b><\/a>. Des t\u00e9moignages concordants font \u00e9tat de <b>raids dans les h\u00f4pitaux<\/b> <strong>:<\/strong> portes vitr\u00e9es bris\u00e9es, patients et personnels m\u00e9dicaux frapp\u00e9s, arrestations de bless\u00e9\u00b7es directement sur leurs lits. Ces pratiques, d\u00e9j\u00e0 observ\u00e9es lors de pr\u00e9c\u00e9dents soul\u00e8vements, constituent <strong>de graves violations du droit international humanitaire.<\/strong><\/p>\n<p>Le procureur g\u00e9n\u00e9ral iranien, Mohammad Movahedi Azad, a franchi un seuil suppl\u00e9mentaire en d\u00e9clarant que <a target=\"_blank\" href=\"https:\/\/www.theguardian.com\/global-development\/2026\/jan\/10\/iran-protesters-tell-of-brutal-police-response-deaths-and-forced-confessions\">toute participation aux manifestations pourrait \u00eatre assimil\u00e9e au<b> crime d\u2019\u00ab ennemi de Dieu \u00bb<\/b><\/a><b>, une qualification p\u00e9nale passible de la peine de mort<\/b>. Cette menace explicite r\u00e9v\u00e8le la nature profond\u00e9ment th\u00e9ocratique et punitive du r\u00e9gime, o\u00f9 la justice est un instrument de terreur politique.<\/p>\n<figure id=\"attachment_1376676\" aria-describedby=\"caption-attachment-1376676\" style=\"width: 1024px\" class=\"wp-caption alignnone\"><img loading=\"lazy\" decoding=\"async\" class=\"wp-image-1376676 size-medium\" src=\"https:\/\/mrmondialisation.org\/wp-content\/uploads\/2026\/01\/unnamed-file-e1768311997126-1024x494.jpg\" alt=\"\" width=\"1024\" height=\"494\" srcset=\"https:\/\/mrmondialisation.org\/wp-content\/uploads\/2026\/01\/unnamed-file-e1768311997126-1024x494.jpg 1024w, https:\/\/mrmondialisation.org\/wp-content\/uploads\/2026\/01\/unnamed-file-e1768311997126-768x370.jpg 768w, https:\/\/mrmondialisation.org\/wp-content\/uploads\/2026\/01\/unnamed-file-e1768311997126-696x335.jpg 696w, https:\/\/mrmondialisation.org\/wp-content\/uploads\/2026\/01\/unnamed-file-e1768311997126-1068x515.jpg 1068w, https:\/\/mrmondialisation.org\/wp-content\/uploads\/2026\/01\/unnamed-file-e1768311997126-871x420.jpg 871w, https:\/\/mrmondialisation.org\/wp-content\/uploads\/2026\/01\/unnamed-file-e1768311997126.jpg 1280w\" sizes=\"auto, (max-width: 1024px) 100vw, 1024px\"\/><figcaption id=\"caption-attachment-1376676\" class=\"wp-caption-text\">Mohammad Movahedi Azad, Prosecutor General of Country of Iran<\/figcaption><\/figure>\n<h2 class=\"western\"><strong>Blackout informationnel et contr\u00f4le autoritaire<\/strong><\/h2>\n<p>Signe de la f\u00e9brilit\u00e9 du pouvoir, <b>l\u2019acc\u00e8s \u00e0 Internet a \u00e9t\u00e9 coup\u00e9 \u00e0 l\u2019\u00e9chelle nationale<\/b>.<a target=\"_blank\" href=\"https:\/\/netblocks.org\/\"> L\u2019ONG NetBlocks a confirm\u00e9 une panne quasi totale du r\u00e9seau<\/a>, apr\u00e8s des coupures cibl\u00e9es dans plusieurs r\u00e9gions. L\u2019objectif est clair : emp\u00eacher la circulation des images, des t\u00e9moignages et des preuves de la r\u00e9pression.<\/p>\n<p>Malgr\u00e9 ce blackout, <b>des vid\u00e9os continuent de circuler via des connexions satellitaires et des r\u00e9seaux clandestins<\/b>. Elles confirment les tirs \u00e0 balles r\u00e9elles, les passages \u00e0 tabac et les arrestations massives. Cette bataille de l\u2019information est devenue un enjeu central : le r\u00e9gime tente d\u2019imposer le silence pendant que la population cherche \u00e0 documenter sa propre r\u00e9pression.<\/p>\n<h2 class=\"western\"><strong>Dans la continuit\u00e9 de <em>\u00ab Femme, Vie, Libert\u00e9 \u00bb<\/em><\/strong><\/h2>\n<p>Il s\u2019agit de la mobilisation la plus importante depuis <b>le soul\u00e8vement <em>\u00ab Femme, Vie, Libert\u00e9 \u00bb<\/em> de 2022, d\u00e9clench\u00e9 par <\/b><strong><a target=\"_blank\" href=\"https:\/\/mrmondialisation.org\/le-peuple-diran-en-quete-dune-revolution-inachevee\/\">la mort de Mahsa Amini, tu\u00e9e par la police des m\u0153urs.<\/a><\/strong> \u00c0 l\u2019\u00e9poque, plus de 500 personnes avaient \u00e9t\u00e9 tu\u00e9es par les forces de s\u00e9curit\u00e9. La r\u00e9pression n\u2019a jamais cess\u00e9, et la col\u00e8re, elle, s\u2019est accumul\u00e9e.<\/p>\n<p>Ces cycles de r\u00e9volte mettent en lumi\u00e8re une r\u00e9alit\u00e9 structurelle : <b>en Iran, les col\u00e8res sociales, \u00e9conomiques et politiques sont indissociables<\/b>. Inflation galopante, ch\u00f4mage massif, pr\u00e9carisation g\u00e9n\u00e9ralis\u00e9e, in\u00e9galit\u00e9s abyssales, oppression de genre et r\u00e9pression des minorit\u00e9s nationales se combinent pour produire un rejet global du r\u00e9gime.<\/p>\n<p><iframe loading=\"lazy\" title=\"\u201cFemme, vie, libert\u00e9\u201d : Bahareh Akrami raconte la r\u00e9volution iranienne en bande dessin\u00e9e\" width=\"1110\" height=\"624\" src=\"https:\/\/www.youtube.com\/embed\/ikLo7IBNqjg?feature=oembed\" frameborder=\"0\" allow=\"accelerometer; autoplay; clipboard-write; encrypted-media; gyroscope; picture-in-picture; web-share\" referrerpolicy=\"strict-origin-when-cross-origin\" allowfullscreen><\/iframe><\/p>\n<h2 class=\"western\"><strong>Instrumentalisations islamophobes<\/strong><\/h2>\n<p>Ce regain d\u2019attention internationale ne surgit pas <i>ex nihilo<\/i>. Depuis <a target=\"_blank\" href=\"https:\/\/mrmondialisation.org\/ahou-daryaei-des-hommages-qui-divisent-les-femmes\/\">l\u2019affaire d\u2019Ahou Daryaei, \u00e9tudiante arr\u00eat\u00e9e apr\u00e8s s\u2019\u00eatre d\u00e9v\u00eatue en public pour d\u00e9noncer la police des m\u0153urs<\/a>, les regards ext\u00e9rieurs se sont de nouveau braqu\u00e9s sur l\u2019Iran, en particulier autour des violences patriarcales.<\/p>\n<div class=\"td-a-rec td-a-rec-id-content_inline  tdi_1 td_block_template_1\">\n<center><a target=\"_blank\" href=\"https:\/\/fr.tipeee.com\/mr-mondialisation\" class=\"tipeee-project-small\">Je m&rsquo;abonne \u00e0 Mr Mondialisation<\/a>&#13;<br \/>\n<\/center>&amp;nbsp<\/div>\n<p>La s\u00e9quence actuelle s\u2019inscrit dans cette continuit\u00e9, tout en l\u2019\u00e9largissant : elle r\u00e9v\u00e8le une col\u00e8re sociale et politique bien plus profonde que les seuls symboles m\u00e9diatis\u00e9s. Mais cette visibilit\u00e9 accrue comporte un risque politique majeur. Elle ne doit en aucun cas servir de grain \u00e0 moudre aux <b>discours islamophobes, qui instrumentalisent les luttes des femmes et des peuples pour essentialiser l\u2019islam, nourrir le racisme et l\u00e9gitimer des politiques s\u00e9curitaires ou imp\u00e9rialistes.<\/b><\/p>\n<p>La r\u00e9pression en Iran ne rel\u00e8ve pas d\u2019une religion en soi, mais d\u2019<b>un r\u00e9gime autoritaire qui instrumentalise le religieux pour maintenir un ordre patriarcal, capitaliste et violent<\/b><strong>.<\/strong> Confondre les deux revient \u00e0 trahir les luttes iraniennes, tout en renfor\u00e7ant les dominations racistes et coloniales ailleurs.<\/p>\n<p><iframe loading=\"lazy\" title=\"Contestation en Iran : un r\u00e9gime affaibli ? | L&#039;Essentiel du Dessous des Cartes | ARTE\" width=\"1110\" height=\"624\" src=\"https:\/\/www.youtube.com\/embed\/_S1stRGyVVs?feature=oembed\" frameborder=\"0\" allow=\"accelerometer; autoplay; clipboard-write; encrypted-media; gyroscope; picture-in-picture; web-share\" referrerpolicy=\"strict-origin-when-cross-origin\" allowfullscreen><\/iframe><\/p>\n<h2 class=\"western\"><strong>R\u00e9cup\u00e9rations imp\u00e9rialistes et faux soutiens<\/strong><\/h2>\n<p>\u00c0 l\u2019\u00e9tranger, plusieurs acteurs politiques tentent de capter m\u00e9diatiquement un mouvement qui leur \u00e9chappe, en le d\u00e9tournant de sa r\u00e9alit\u00e9 sociale et populaire. Parmi eux,<b> <a target=\"_blank\" href=\"https:\/\/www.radiofrance.fr\/franceinfo\/podcasts\/les-documents-franceinfo\/reza-pahlavi-fils-de-l-ancien-chah-represente-il-reellement-une-alternative-au-regime-des-mollahs-5209505\">Reza Pahlavi, fils du dernier shah<\/a><\/b>. <b>Proche d\u2019Isra\u00ebl et de l\u2019extr\u00eame droite am\u00e9ricaine<\/b><strong>,<\/strong> il se pr\u00e9sente comme une alternative politique alors m\u00eame qu\u2019il ne dispose d\u2019<b>aucune base populaire identifiable en Iran<\/b>. Sa visibilit\u00e9 rel\u00e8ve davantage d\u2019une <b>tentative de r\u00e9cup\u00e9ration n\u00e9o-monarchiste <\/b>que d\u2019une expression r\u00e9elle des revendications port\u00e9es dans la rue.<\/p>\n<p>Dans le m\u00eame registre, Donald Trump a d\u00e9clar\u00e9 que les \u00c9tats-Unis pourraient envisager une intervention militaire si le r\u00e9gime iranien continuait \u00e0 tuer des manifestants. <b>Cette prise de position, pr\u00e9sent\u00e9e comme une posture morale, ne rel\u00e8ve en rien d\u2019un soutien \u00e0 l\u2019\u00e9mancipation populaire<\/b><strong>,<\/strong> mais s\u2019inscrit dans une tradition imp\u00e9rialiste bien document\u00e9e, o\u00f9 <b>les droits humains servent paradoxalement de pr\u00e9texte \u00e0 des strat\u00e9gies de domination.<\/b><\/p>\n<p><iframe loading=\"lazy\" title=\"Trump affirme que l&#039;arm\u00e9e am\u00e9ricaine \u00e9tudie &quot;des options tr\u00e8s fortes&quot; concernant l&#039;Iran\" width=\"1110\" height=\"624\" src=\"https:\/\/www.youtube.com\/embed\/brmmxq9Y7DA?feature=oembed\" frameborder=\"0\" allow=\"accelerometer; autoplay; clipboard-write; encrypted-media; gyroscope; picture-in-picture; web-share\" referrerpolicy=\"strict-origin-when-cross-origin\" allowfullscreen><\/iframe><\/p>\n<p>Le r\u00e9gime iranien s\u2019est imm\u00e9diatement saisi de ces d\u00e9clarations pour alimenter sa rh\u00e9torique sur l\u2019ing\u00e9rence occidentale. T\u00e9h\u00e9ran a ainsi menac\u00e9 de frapper les \u00c9tats-Unis ou Isra\u00ebl en cas d\u2019attaque, participant \u00e0 une escalade verbale dont <b>la fonction principale est de d\u00e9l\u00e9gitimer un mouvement populaire interne en le pr\u00e9sentant comme manipul\u00e9 de l\u2019ext\u00e9rieur.<\/b><\/p>\n<p>Pourtant,<b> l\u2019existence d\u2019int\u00e9r\u00eats \u00e9conomiques, militaristes et g\u00e9opolitiques occidentaux n\u2019enl\u00e8ve rien \u00e0 la l\u00e9gitimit\u00e9 des r\u00e9voltes face \u00e0 un pouvoir ultra-r\u00e9pressif<\/b>. Les tentatives de r\u00e9cup\u00e9ration imp\u00e9rialiste n\u2019invalident pas la col\u00e8re sociale, elles cherchent au contraire \u00e0 la neutraliser politiquement. L\u2019histoire est constante sur ce point : <a target=\"_blank\" href=\"https:\/\/mrmondialisation.org\/rima-hassan-israel-doit-se-decoloniser-de-linterieur\/\"><strong>ni les \u00c9tats-Unis ni Isra\u00ebl n\u2019ont jamais soutenu des peuples pour leur \u00e9mancipation,<\/strong><\/a> mais uniquement lorsque leurs luttes pouvaient \u00eatre instrumentalis\u00e9es au service d\u2019int\u00e9r\u00eats strat\u00e9giques.<\/p>\n<h2 class=\"western\"><strong>Iran, Venezuela : distinguer les luttes des ing\u00e9rences<\/strong><\/h2>\n<p>Ce sch\u00e9ma n\u2019est pas propre \u00e0 l\u2019Iran. Il rappelle <a target=\"_blank\" href=\"https:\/\/mrmondialisation.org\/venezuela-coup-etat-trump-maduro\/\"><b>le coup d\u2019\u00c9tat de Donald Trump contre le Venezuela<\/b><\/a><b>, pays qui, comme l\u2019Iran, poss\u00e8de d\u2019immenses r\u00e9serves de p\u00e9trole<\/b><strong>.<\/strong> Le Venezuela subit depuis des ann\u00e9es sanctions \u00e9conomiques, pressions diplomatiques et tentatives de changement de r\u00e9gime sous couvert de \u00ab d\u00e9fense de la d\u00e9mocratie \u00bb.<\/p>\n<p>Cela n\u2019absout en rien les responsabilit\u00e9s du pouvoir v\u00e9n\u00e9zu\u00e9lien, ni les col\u00e8res populaires bien r\u00e9elles qui s\u2019y expriment. Mais l\u2019histoire r\u00e9cente montre que <b>l\u2019imp\u00e9rialisme \u00e9tasunien n\u2019intervient jamais pour les peuples, et toujours pour le contr\u00f4le des ressources et des \u00e9quilibres r\u00e9gionaux.<\/b><\/p>\n<p>Il est essentiel de pr\u00e9ciser que le but ici n\u2019est pas de mettre les r\u00e9gimes de l\u2019Iran et du Venezuela sur le m\u00eame plan. La situation iranienne rel\u00e8ve d\u2019un autre ordre de grandeur (r\u00e9pression syst\u00e9matique incluant ex\u00e9cutions, torture, tirs \u00e0 balles r\u00e9elles, arrestations massives, arsenal juridique o\u00f9 les manifestants peuvent \u00eatre condamn\u00e9s \u00e0 mort etc.). <b>Souligner les logiques imp\u00e9rialistes \u00e0 l\u2019\u0153uvre n\u2019implique en aucun cas de relativiser la violence sp\u00e9cifique du r\u00e9gime iranien, ni l\u2019urgence absolue de soutenir la population qui s\u2019y soul\u00e8ve.<\/b><\/p>\n<p><iframe loading=\"lazy\" title=\"Pourquoi Trump veut-il le p\u00e9trole du Venezuela ?\" width=\"1110\" height=\"624\" src=\"https:\/\/www.youtube.com\/embed\/_8Bgje4lMdg?feature=oembed\" frameborder=\"0\" allow=\"accelerometer; autoplay; clipboard-write; encrypted-media; gyroscope; picture-in-picture; web-share\" referrerpolicy=\"strict-origin-when-cross-origin\" allowfullscreen><\/iframe><\/p>\n<h2 class=\"western\"><strong>Soutenir les peuples, sans illusions<\/strong><\/h2>\n<p><strong>La ligne de fracture est claire :<\/strong> d\u2019un c\u00f4t\u00e9, une population iranienne \u00e9trangl\u00e9e \u00e9conomiquement, priv\u00e9e de libert\u00e9s fondamentales et confront\u00e9e \u00e0 une violence d\u2019\u00c9tat syst\u00e9matique ; de l\u2019autre, un r\u00e9gime autoritaire pr\u00eat \u00e0 tuer pour se maintenir, et des puissances \u00e9trang\u00e8res pr\u00eates \u00e0 instrumentaliser la r\u00e9volte pour leurs propres int\u00e9r\u00eats.<\/p>\n<p><b>Soutenir le soul\u00e8vement iranien impose une position sans ambigu\u00eft\u00e9 : solidarit\u00e9 totale avec les manifestant\u00b7es, d\u00e9nonciation ferme de la r\u00e9pression, refus tout aussi ferme des r\u00e9cup\u00e9rations imp\u00e9rialistes<\/b>. L\u2019\u00e9mancipation des peuples ne viendra ni des bombes, ni des sanctions, ni des h\u00e9ritiers de monarchies d\u00e9chues, mais des luttes populaires elles-m\u00eames, dans toute leur complexit\u00e9 et leur radicalit\u00e9.<\/p>\n<p align=\"right\">\u2013 <i><b>Elena Meilune<\/b><\/i><\/p>\n<hr\/>\n<p style=\"text-align: left;\" align=\"right\">Photo de couverture : Qassem Soleimani t\u00e9moigne de son respect \u00e0 Ali Khamenei en effectuant le salut militaire. 2017. <a target=\"_blank\" href=\"https:\/\/commons.wikimedia.org\/wiki\/File:Qasem_Soleimani_showing_his_sincerest_respect_for_Ali_Khamenei_while_performing_military_salute_(retouched).jpg\">Wikimedia.<\/a><\/p>\n<div class=\"td-a-rec td-a-rec-id-content_bottom  tdi_2 td_block_template_1\">\n<span class=\"td-adspot-title\">&#8211; Cet article gratuit, ind\u00e9pendant et sans IA existe gr\u00e2ce aux abonn\u00e9s &#8211;<\/span><\/p>\n<div class=\"td-all-devices\">\n    <a target=\"_blank\" href=\"https:\/\/mrmondialisation.org\/donation\/\" title=\"Faire_un_don\"><img decoding=\"async\" class=\"donationArticle\" src=\"https:\/\/mrmondialisation.org\/wp-content\/uploads\/2022\/12\/220405-flikalicious-final.jpg\" alt=\"Donation\"\/><\/a>\n<\/div>\n<\/div><\/div>\n<p><br \/>\n<br \/><a href=\"https:\/\/mrmondialisation.org\/revolte-iranienne-repression-sanguinaire-imperialisme\/\" target=\"_blank\"\">Source link <\/a><\/p>\n","protected":false},"excerpt":{"rendered":"<p>Loin d\u2019\u00eatre un \u00e9v\u00e9nement isol\u00e9, la mobilisation qui traverse aujourd\u2019hui l\u2019Iran s\u2019inscrit dans une s\u00e9quence de soul\u00e8vements populaires qui dure depuis plusieurs ann\u00e9es. Depuis les grandes vagues de protestation de&hellip; <\/p>\n","protected":false},"author":1,"featured_media":22386,"comment_status":"open","ping_status":"open","sticky":false,"template":"","format":"standard","meta":{"footnotes":""},"categories":[1],"tags":[],"class_list":["post-22385","post","type-post","status-publish","format-standard","has-post-thumbnail","hentry","category-non-classe"],"_links":{"self":[{"href":"https:\/\/monde25.info\/index.php\/wp-json\/wp\/v2\/posts\/22385","targetHints":{"allow":["GET"]}}],"collection":[{"href":"https:\/\/monde25.info\/index.php\/wp-json\/wp\/v2\/posts"}],"about":[{"href":"https:\/\/monde25.info\/index.php\/wp-json\/wp\/v2\/types\/post"}],"author":[{"embeddable":true,"href":"https:\/\/monde25.info\/index.php\/wp-json\/wp\/v2\/users\/1"}],"replies":[{"embeddable":true,"href":"https:\/\/monde25.info\/index.php\/wp-json\/wp\/v2\/comments?post=22385"}],"version-history":[{"count":0,"href":"https:\/\/monde25.info\/index.php\/wp-json\/wp\/v2\/posts\/22385\/revisions"}],"wp:featuredmedia":[{"embeddable":true,"href":"https:\/\/monde25.info\/index.php\/wp-json\/wp\/v2\/media\/22386"}],"wp:attachment":[{"href":"https:\/\/monde25.info\/index.php\/wp-json\/wp\/v2\/media?parent=22385"}],"wp:term":[{"taxonomy":"category","embeddable":true,"href":"https:\/\/monde25.info\/index.php\/wp-json\/wp\/v2\/categories?post=22385"},{"taxonomy":"post_tag","embeddable":true,"href":"https:\/\/monde25.info\/index.php\/wp-json\/wp\/v2\/tags?post=22385"}],"curies":[{"name":"wp","href":"https:\/\/api.w.org\/{rel}","templated":true}]}}