{"id":22395,"date":"2026-01-14T14:32:44","date_gmt":"2026-01-14T13:32:44","guid":{"rendered":"https:\/\/monde25.info\/index.php\/2026\/01\/14\/le-show-continue-macron-reviendra-dans-un-ravitailleur-pilote-par-pesquet-apres-ses-voeux-aux-armees\/"},"modified":"2026-01-14T14:32:44","modified_gmt":"2026-01-14T13:32:44","slug":"le-show-continue-macron-reviendra-dans-un-ravitailleur-pilote-par-pesquet-apres-ses-voeux-aux-armees","status":"publish","type":"post","link":"https:\/\/monde25.info\/index.php\/2026\/01\/14\/le-show-continue-macron-reviendra-dans-un-ravitailleur-pilote-par-pesquet-apres-ses-voeux-aux-armees\/","title":{"rendered":"Le show continue, Macron reviendra dans un ravitailleur pilot\u00e9 par Pesquet apr\u00e8s ses voeux aux Arm\u00e9es"},"content":{"rendered":"<p> <br \/>\n<\/p>\n<div>\n<p>Et \u00e7a continue encore et encore, c&rsquo;est que le d\u00e9but&#8230;<\/p>\n<p>L&rsquo;astronaute Thomas Pesquet sera aux commandes du ravitailleur A330 MRTT qui ram\u00e8nera Emmanuel Macron de la base a\u00e9rienne d&rsquo;Istres (Bouches-du-Rh\u00f4ne) \u00e0 Orly jeudi, \u00e0 l&rsquo;issue de la traditionnelle c\u00e9r\u00e9monie des v\u0153ux aux Arm\u00e9es, a annonc\u00e9 mardi l&rsquo;\u00c9lys\u00e9e&#8230; N&rsquo;y aurait-il pas des choses plus importantes que ces actions de com ridicules de la part d&rsquo;un pouvoir en d\u00e9liquescence\u00a0?<\/p>\n<p>Le chef de l&rsquo;\u00c9tat prononcera \u00e0 cette occasion un discours qui sera en grande partie ax\u00e9 sur l&rsquo;actualisation de la loi de programmation militaire (LPM) 2024-2030, rendue plus compliqu\u00e9e par l&rsquo;impasse budg\u00e9taire actuelle, cons\u00e9quence justement d&rsquo;une incons\u00e9quence en haut lieu.<\/p>\n<p>La LPM vot\u00e9e en juillet 2023 pr\u00e9voit 413 milliards d&rsquo;euros pour les arm\u00e9es de 2024 \u00e0 2030. Mais Emmanuel Macron a demand\u00e9 le 13 juillet dernier une rallonge budg\u00e9taire de 3,5 milliards d&rsquo;euros en 2026 et 3\u00a0milliards en 2027 face \u00e0\u00a0\u00ab\u00a0un monde plus brutal\u00a0\u00bb et \u00e0 l&rsquo;aggravation potentielle des menaces, \u00e9manant notamment d&rsquo;une Russie avec qui d\u00e9sormais il souhaite en d\u00e9coudre, de sorte que le budget de la d\u00e9fense aura quasiment doubl\u00e9 en dix ans sous ses deux mandats, pour atteindre pr\u00e8s de 64 milliards d&rsquo;euros annuels \u00e0 cet horizon. La dette est v\u00e9ritablement un puits sans fond bien pratique pour le \u00ab\u00a0quoi qu&rsquo;il en coute\u00a0\u00bb ou plut\u00f4t le quoi qu&rsquo;il en coutera aux g\u00e9n\u00e9rations futures.<\/p>\n<p>Cette actualisation de la LPM, plusieurs fois report\u00e9e, doit intervenir d\u00e9sormais avant l&rsquo;\u00e9t\u00e9, a pr\u00e9cis\u00e9 lundi la ministre des Arm\u00e9es, Catherine Vautrin, dont on se demande toujours ce qu&rsquo;elle fait l\u00e0.<\/p>\n<p>\u00c0 l&rsquo;issue de la s\u00e9quence \u00e0 Istres, il montera dans un MRTT, direction Orly, o\u00f9 il assistera au d\u00e9collage et \u00e0 l&rsquo;atterrissage depuis le cockpit ainsi qu&rsquo;\u00e0 des d\u00e9monstrations en vol, notamment de ravitaillement d&rsquo;un avion de combat Rafale et d&rsquo;\u00e9vacuation de bless\u00e9s. On remarquera une fois encore sa propension \u00e0 jouer aux petits soldats, en dehors de toutes r\u00e9alit\u00e9s.<\/p>\n<p>Thomas Pesquet est \u00ab\u00a0colonel de r\u00e9serve dans l&rsquo;arm\u00e9e de l&rsquo;Air affect\u00e9 \u00e0 Istres\u00a0\u00bb et a \u00ab\u00a0tous les brevets et dipl\u00f4mes pour piloter un MRTT\u00a0\u00bb, a trouv\u00e9 le besoin de pr\u00e9ciser la pr\u00e9sidence.<\/p>\n<p>Le projet de budget pour 2026 comprend 57,1 milliards d&rsquo;euros de cr\u00e9dits pour la d\u00e9fense, en hausse de 13\u2009%. Mais les difficult\u00e9s du gouvernement et du Parlement \u00e0 trouver un compromis pour adopter le budget pour 2026 suscitent quelques interrogations sur la r\u00e9alisation de cette trajectoire.<\/p>\n<p>L&rsquo;ann\u00e9e 2026 est aussi celle du lancement du nouveau \u00ab\u00a0service national\u00a0\u00bb r\u00e9mun\u00e9r\u00e9 d&rsquo;une dur\u00e9e de dix mois sur le territoire national, une initiative annonc\u00e9e en novembre par le pr\u00e9sident, Emmanuel Macron, pour \u00ab\u00a0r\u00e9pondre aux besoins des arm\u00e9es\u00a0\u00bb face aux risques accrus de conflit voulu par lui m\u00eame. Mais qui de nos enfants serait assez fou pour vouloir servir aujourd&rsquo;hui et aller mourir demain sur un champ de bataille qui n&rsquo;est pas le n\u00f4tre\u00a0?<\/p>\n<p>Les arm\u00e9es comptent en enr\u00f4ler 3\u00a0000 cette ann\u00e9e (1\u00a0800 dans l&rsquo;arm\u00e9e de Terre, 600 dans celle de l&rsquo;Air et de l&rsquo;Espace et 600 dans la Marine), puis 4\u00a0000 en 2027, 10\u00a0000 en 2030 avec 42\u00a0500 comme ambition en 2035.<\/p>\n<p>Le pr\u00e9sident prononcera aussi plus tard dans l&rsquo;ann\u00e9e un discours tr\u00e8s attendu sur la dissuasion nucl\u00e9aire dans un contexte de menaces accrues en Europe depuis le d\u00e9but de la guerre en Ukraine. Certainement, que ce discours sera scrut\u00e9 avec attention pour devenir une fois de plus la ris\u00e9e des grands de ce monde pour qui la France n&rsquo;est plus que sujets de rigolades.<\/p>\n<\/div>\n<p><script>(function(d, s, id) {  var js, fjs = d.getElementsByTagName(s)[0];  if (d.getElementById(id)) return;  js = d.createElement(s); js.id = id;  js.src = \"\/\/connect.facebook.net\/fr_FR\/sdk.js#xfbml=1&version=v2.3\";  fjs.parentNode.insertBefore(js, fjs);}(document, \"script\", \"facebook-jssdk\"));<\/script><br \/>\n<br \/><br \/>\n<br \/><a href=\"https:\/\/www.francesoir.fr\/societe-faits-divers\/le-show-continue-macron-reviendra-dans-un-ravitailleur-pilote-par-pesquet\" target=\"_blank\"\">Source link <\/a><\/p>\n","protected":false},"excerpt":{"rendered":"<p>Et \u00e7a continue encore et encore, c&rsquo;est que le d\u00e9but&#8230; L&rsquo;astronaute Thomas Pesquet sera aux commandes du ravitailleur A330 MRTT qui ram\u00e8nera Emmanuel Macron de la base a\u00e9rienne d&rsquo;Istres (Bouches-du-Rh\u00f4ne)&hellip; <\/p>\n","protected":false},"author":1,"featured_media":0,"comment_status":"open","ping_status":"open","sticky":false,"template":"","format":"standard","meta":{"footnotes":""},"categories":[1],"tags":[],"class_list":["post-22395","post","type-post","status-publish","format-standard","hentry","category-non-classe"],"_links":{"self":[{"href":"https:\/\/monde25.info\/index.php\/wp-json\/wp\/v2\/posts\/22395","targetHints":{"allow":["GET"]}}],"collection":[{"href":"https:\/\/monde25.info\/index.php\/wp-json\/wp\/v2\/posts"}],"about":[{"href":"https:\/\/monde25.info\/index.php\/wp-json\/wp\/v2\/types\/post"}],"author":[{"embeddable":true,"href":"https:\/\/monde25.info\/index.php\/wp-json\/wp\/v2\/users\/1"}],"replies":[{"embeddable":true,"href":"https:\/\/monde25.info\/index.php\/wp-json\/wp\/v2\/comments?post=22395"}],"version-history":[{"count":0,"href":"https:\/\/monde25.info\/index.php\/wp-json\/wp\/v2\/posts\/22395\/revisions"}],"wp:attachment":[{"href":"https:\/\/monde25.info\/index.php\/wp-json\/wp\/v2\/media?parent=22395"}],"wp:term":[{"taxonomy":"category","embeddable":true,"href":"https:\/\/monde25.info\/index.php\/wp-json\/wp\/v2\/categories?post=22395"},{"taxonomy":"post_tag","embeddable":true,"href":"https:\/\/monde25.info\/index.php\/wp-json\/wp\/v2\/tags?post=22395"}],"curies":[{"name":"wp","href":"https:\/\/api.w.org\/{rel}","templated":true}]}}